{"id":324556,"date":"2025-08-17T08:58:22","date_gmt":"2025-08-17T08:58:22","guid":{"rendered":"https:\/\/www.europesays.com\/fr\/324556\/"},"modified":"2025-08-17T08:58:22","modified_gmt":"2025-08-17T08:58:22","slug":"il-a-franchi-un-cap","status":"publish","type":"post","link":"https:\/\/www.europesays.com\/fr\/324556\/","title":{"rendered":"Il a franchi un cap"},"content":{"rendered":"<p><a href=\"https:\/\/fr.motorsport.com\/driver\/alex-marquez\/96324\/\" target=\"_blank\" rel=\"noopener\">\u00c1lex M\u00e1rquez<\/a> s&rsquo;attendait au sc\u00e9nario qu&rsquo;il a subi en course sprint au Red Bull Ring. Auteur du deuxi\u00e8me temps en qualifications, il a pris l&rsquo;avantage sur le poleman, <a href=\"https:\/\/fr.motorsport.com\/driver\/marco-bezzecchi\/441839\/\" target=\"_blank\" rel=\"noopener\">Marco Bezzecchi<\/a>, d\u00e8s le d\u00e9part, mais son fr\u00e8re, <a href=\"https:\/\/fr.motorsport.com\/driver\/marc-marquez\/92646\/\" target=\"_blank\" rel=\"noopener\">Marc M\u00e1rquez<\/a>, \u00e9tait d\u00e9j\u00e0 dans sa roue. Il a men\u00e9 la majeure partie de la course mais en fin d&rsquo;\u00e9preuve, une petite erreur de sa part a permis au pilote Ducati de l&rsquo;attaquer et de lui prendre la premi\u00e8re place.<\/p>\n<p>\u00ab\u00a0Je me sentais plut\u00f4t bien mais je commen\u00e7ais \u00e0 avoir de petits probl\u00e8mes avec le pneu avant, des blocages, etc\u00a0\u00bb, a expliqu\u00e9 \u00c1lex M\u00e1rquez. \u00ab\u00a0J&rsquo;ai fait une petite erreur au 2b, j&rsquo;ai failli perdre l&rsquo;avant, je suis pass\u00e9 un peu plus large et il y a une bosse, donc la moto a boug\u00e9 et quand j&rsquo;ai entendu la moto de Marc, je me suis dit &lsquo;Pas ici !&rsquo;, mais il \u00e9tait d\u00e9j\u00e0 \u00e0 l&rsquo;int\u00e9rieur.\u00a0\u00bb<\/p>\n<p>\u00ab\u00a0J&rsquo;ai essay\u00e9 de rester tr\u00e8s proche pour le virage 4 mais \u00e0 cet endroit, je ne sentais pas de porter une attaque, surtout parce qu&rsquo;il freine assez tard \u00e0 cet endroit. J&rsquo;ai juste d\u00e9cid\u00e9 de contr\u00f4ler Acosta et de prendre des points importants, c&rsquo;\u00e9tait important apr\u00e8s Brno, o\u00f9 on a eu ce double z\u00e9ro.\u00a0\u00bb<\/p>\n<p>\u00c1lex M\u00e1rquez a pu retrouver la deuxi\u00e8me place \u00e0 laquelle il a souvent \u00e9t\u00e9 abonn\u00e9 dans la premi\u00e8re partie de la saison. Aurait-il pu faire mieux sans son erreur\u00a0? \u00ab\u00a0Je pense que non. Marc m&rsquo;a dit que oui mais je pense qu&rsquo;il avait quelque chose en plus par rapport \u00e0 moi dans les quatre ou cinq derniers tours. Tout le week-end, il en a eu plus que moi. Pecco [Bagnaia] aussi, les deux \u00e9taient un peu plus rapides que moi.\u00a0\u00bb<\/p>\n<p><img decoding=\"async\" class=\"sizer\" draggable=\"false\" src=\"data:image\/png;base64,iVBORw0KGgoAAAANSUhEUgAAABAAAAAJCAYAAAA7KqwyAAAAGXRFWHRTb2Z0d2FyZQBBZG9iZSBJbWFnZVJlYWR5ccllPAAAABpJREFUeNpi\/P\/\/PwMlgImBQjBqwLAwACDAAOVfAw9\/ZDvcAAAAAElFTkSuQmCC\" alt=\"\" loading=\"lazy\"\/><\/p>\n<p class=\"title\">VID\u00c9O &#8211; R\u00c9SUM\u00c9 : La course sprint au GP d&rsquo;Autriche<\/p>\n<p>\u00ab\u00a0Surtout, Marc est tr\u00e8s rapide quand le pneu se d\u00e9grade. Il arrive \u00e0 mieux contr\u00f4ler. Il a un peu plus de mal en pneu neuf, c&rsquo;est pour \u00e7a qu&rsquo;au d\u00e9but il souffrait un peu plus, mais je l&rsquo;attendais \u00e0 la fin. C&rsquo;est exactement ce que j&rsquo;attendais.\u00a0\u00bb<\/p>\n<p>\u00c1lex M\u00e1rquez estime ainsi qu&rsquo;il aurait pu \u00ab\u00a0compliquer un peu plus la vie de Marc\u00a0\u00bb mais pas le contenir, surtout parce qu&rsquo;il sent l&rsquo;\u00e9cart entre eux grandir. En arrivant au Red Bull Ring, il confiait s&rsquo;attendre \u00e0 <a href=\"https:\/\/fr.motorsport.com\/all\/news\/alex-marquez-dois-mieux-controler\/10750734\/\" target=\"_blank\" rel=\"noopener\">avoir plus de mal \u00e0 jouer les premi\u00e8res places avec une Ducati qui n&rsquo;\u00e9voluera pas<\/a>, contrairement aux machines de ses rivaux, mais en plus de sa potentielle r\u00e9gression personnelle, il a l&rsquo;impression que son fr\u00e8re progresse.<\/p>\n<p>\u00ab\u00a0Je pense que Marc est \u00e0 un autre niveau. Il a franchi un cap depuis le d\u00e9but de la saison, dans le pilotage, tout est beaucoup plus clair. Je le disais [vendredi] : on a eu un avantage en d\u00e9but d&rsquo;ann\u00e9e parce qu&rsquo;on a eu une pr\u00e9-saison tr\u00e8s classique.\u00a0\u00bb<\/p>\n<p>\u00ab\u00a0On a profit\u00e9 de cet avantage dans les premi\u00e8res courses, mais apr\u00e8s quelques courses&#8230; Ils ont eu des hauts et des bas dans la pr\u00e9-saison, ils ont essay\u00e9 des choses. On a eu cet avantage dans les premi\u00e8res courses mais maintenant, tout est de nouveau sous contr\u00f4le et ils lancent des choses qui leur redonnent l&rsquo;avantage.\u00a0\u00bb<\/p>\n<p>   <img decoding=\"async\" draggable=\"false\" src=\"https:\/\/www.europesays.com\/fr\/wp-content\/uploads\/2025\/08\/1755421102_385_alex-marquez-gresini-racing.jpg\" alt=\"Alex Marquez, Gresini Racing\" width=\"1200\" height=\"800\" loading=\"lazy\"\/> <\/p>\n<p class=\"title\">\u00c1lex M\u00e1rquez<\/p>\n<p class=\"photographer\">Photo de: Gold and Goose Photography \/ LAT Images \/ via Getty Images<\/p>\n<p>\u00c1lex M\u00e1rquez s&rsquo;attend \u00e0 avoir plus de mal \u00e0 se m\u00ealer \u00e0 la lutte pour les positions de t\u00eate dimanche puisqu&rsquo;il devra respecter un l<a href=\"https:\/\/fr.motorsport.com\/motogp\/news\/penalite-long-lap-definition-fonctionnement-explications\/6516270\/\" target=\"_blank\" rel=\"noopener\">ong-lap<\/a> pour <a href=\"https:\/\/fr.motorsport.com\/motogp\/news\/alex-marquez-week-end-noir-chute-mir\/10743684\/\" target=\"_blank\" rel=\"noopener\">son accrochage<\/a> avec <a href=\"https:\/\/fr.motorsport.com\/driver\/joan-mir\/289392\/\" target=\"_blank\" rel=\"noopener\">Joan Mir<\/a> \u00e0 Brno. La pluie pourrait aussi s&rsquo;inviter et compliquer la t\u00e2che des pilotes.<\/p>\n<p>\u00ab\u00a0Ce ne sera pas facile. Des pr\u00e9visions disent qu&rsquo;il pourrait y avoir des orages avant et pendant la course, on a le long-lap, donc \u00e7a ne sera pas facile. Il faudra survivre, faire le long-lap. [Samedi], c&rsquo;est bien d&rsquo;avoir pris neuf points de plus que Pecco parce que sur le papier, [dimanche], il sera devant nous avec le long-lap. Il faut contr\u00f4ler \u00e7a et imiter les d\u00e9g\u00e2ts que ce long-lap pourrait nous faire.\u00a0\u00bb<\/p>\n<p>Lire aussi :<\/p>\n<p>Dans cet article<\/p>\n<p>Soyez le premier inform\u00e9 et souscrivez aux alertes mails pour recevoir les infos en temps r\u00e9el<\/p>\n<p>    S&rsquo;abonner aux alertes de news<\/p>\n","protected":false},"excerpt":{"rendered":"\u00c1lex M\u00e1rquez s&rsquo;attendait au sc\u00e9nario qu&rsquo;il a subi en course sprint au Red Bull Ring. Auteur du deuxi\u00e8me&hellip;\n","protected":false},"author":2,"featured_media":324557,"comment_status":"","ping_status":"","sticky":false,"template":"","format":"standard","meta":{"footnotes":""},"categories":[1413],"tags":[1011,27,34489,3452,1457,1456,1458,34490,60,7896,46154],"class_list":{"0":"post-324556","1":"post","2":"type-post","3":"status-publish","4":"format-standard","5":"has-post-thumbnail","7":"category-moto","8":"tag-fr","9":"tag-france","10":"tag-gp-dautriche","11":"tag-gresini-racing","12":"tag-moto","13":"tag-motocycle","14":"tag-motogp","15":"tag-red-bull-ring","16":"tag-sports","17":"tag-u00c1lex-mu00e1rquez","18":"tag-u00c1lex-mu00e1rquez-savait-que-marc-le-doubleraitu00a0-il-a-franchi-un-cap"},"share_on_mastodon":{"url":"https:\/\/pubeurope.com\/@fr\/115043284329207342","error":""},"_links":{"self":[{"href":"https:\/\/www.europesays.com\/fr\/wp-json\/wp\/v2\/posts\/324556","targetHints":{"allow":["GET"]}}],"collection":[{"href":"https:\/\/www.europesays.com\/fr\/wp-json\/wp\/v2\/posts"}],"about":[{"href":"https:\/\/www.europesays.com\/fr\/wp-json\/wp\/v2\/types\/post"}],"author":[{"embeddable":true,"href":"https:\/\/www.europesays.com\/fr\/wp-json\/wp\/v2\/users\/2"}],"replies":[{"embeddable":true,"href":"https:\/\/www.europesays.com\/fr\/wp-json\/wp\/v2\/comments?post=324556"}],"version-history":[{"count":0,"href":"https:\/\/www.europesays.com\/fr\/wp-json\/wp\/v2\/posts\/324556\/revisions"}],"wp:featuredmedia":[{"embeddable":true,"href":"https:\/\/www.europesays.com\/fr\/wp-json\/wp\/v2\/media\/324557"}],"wp:attachment":[{"href":"https:\/\/www.europesays.com\/fr\/wp-json\/wp\/v2\/media?parent=324556"}],"wp:term":[{"taxonomy":"category","embeddable":true,"href":"https:\/\/www.europesays.com\/fr\/wp-json\/wp\/v2\/categories?post=324556"},{"taxonomy":"post_tag","embeddable":true,"href":"https:\/\/www.europesays.com\/fr\/wp-json\/wp\/v2\/tags?post=324556"}],"curies":[{"name":"wp","href":"https:\/\/api.w.org\/{rel}","templated":true}]}}