{"id":324564,"date":"2025-08-17T09:03:16","date_gmt":"2025-08-17T09:03:16","guid":{"rendered":"https:\/\/www.europesays.com\/fr\/324564\/"},"modified":"2025-08-17T09:03:16","modified_gmt":"2025-08-17T09:03:16","slug":"lily-verstappen-quatre-mois-et-deja-star-sur-instagram-avec-max-et-kelly","status":"publish","type":"post","link":"https:\/\/www.europesays.com\/fr\/324564\/","title":{"rendered":"Lily Verstappen, quatre mois et d\u00e9j\u00e0 star sur Instagram avec Max et Kelly"},"content":{"rendered":"<p itemprop=\"description\">Lily Verstappen, la fille de Max<br \/>\nVerstappen et Kelly Piquet, d\u00e9couvre le monde \u00e0 quatre mois. Les<br \/>\npremiers clich\u00e9s et une escapade en yacht en famille d\u00e9voilent des<br \/>\ninstants tendres et complices.<\/p>\n<p data-start=\"300\" data-end=\"652\">Lily Verstappen, la fille du<br \/>\nchampion du monde en titre de Formule 1 Max Verstappen et de sa<br \/>\ncompagne Kelly Piquet, c\u00e9l\u00e8bre ses premi\u00e8res d\u00e9couvertes et \u00e9tapes<br \/>\nimportantes. Le couple est devenu parent pour la premi\u00e8re fois au<br \/>\nprintemps 2025, marquant une nouvelle \u00e9tape dans leur vie priv\u00e9e<br \/>\nd\u00e9j\u00e0 tr\u00e8s suivie par les fans de F1 et des r\u00e9seaux sociaux.<\/p>\n<p data-start=\"654\" data-end=\"946\">Bien que la date exacte de<br \/>\nnaissance n\u2019ait pas \u00e9t\u00e9 r\u00e9v\u00e9l\u00e9e, il est largement admis que Lily<br \/>\nest n\u00e9e fin avril 2025, quelques semaines avant le Grand Prix de<br \/>\nMiami, auquel Max Verstappen a assist\u00e9 en laissant de c\u00f4t\u00e9 une<br \/>\npartie de ses obligations m\u00e9diatiques pour profiter de sa<br \/>\nfamille.<\/p>\n<p>Kelly Piquet partage des<br \/>\nmoments tendres<\/p>\n<p data-start=\"1000\" data-end=\"1355\">Pour Kelly Piquet, Lily est<br \/>\nson deuxi\u00e8me enfant. La mannequin br\u00e9silienne et influenceuse est<br \/>\n\u00e9galement maman de Penelope, fruit de sa pr\u00e9c\u00e9dente relation avec<br \/>\nl\u2019ancien pilote de F1 Daniil Kvyat. Les deux filles apparaissent<br \/>\nr\u00e9guli\u00e8rement sur les photos partag\u00e9es par Kelly sur Instagram,<br \/>\ndonnant un aper\u00e7u chaleureux de la vie de famille du couple.<\/p>\n<p data-start=\"1357\" data-end=\"1621\">R\u00e9cemment, Kelly a c\u00e9l\u00e9br\u00e9 une<br \/>\n\u00e9tape symbolique pour Lily, \u00e2g\u00e9e d\u2019environ quatre mois, en postant<br \/>\n: \u00ab\u00a0100+ jours avec ma Lily\u00a0\u00bb. Ces publications permettent<br \/>\naux fans de suivre l\u2019\u00e9volution de la petite, tout en restant dans<br \/>\nl\u2019intimit\u00e9 du quotidien familial.<\/p>\n<p>Vacances en famille sur un<br \/>\nsuper yacht<\/p>\n<p data-start=\"1673\" data-end=\"2070\">Actuellement, la famille<br \/>\nVerstappen profite d\u2019une pause estivale <a href=\"https:\/\/f1i.autojournal.fr\/infos\/insolite\/max-verstappen-choque-monaco-avec-son-yacht-a-12-millions-deuros\/\" rel=\"nofollow noopener\" target=\"_blank\"><br \/>\nsur le yacht de luxe du pilote Red Bull Racing<\/a>. Max et Kelly ne<br \/>\nsont pas seuls : Victoria Verstappen, membre de la famille \u00e9largie,<br \/>\nest \u00e9galement pr\u00e9sente. Les clich\u00e9s partag\u00e9s montrent des moments<br \/>\ncomplices entre Lily, Penelope et leurs parents, avec Max<br \/>\napparaissant rayonnant et d\u00e9tendu, profitant pleinement de ses<br \/>\nfilles.<\/p>\n<p data-start=\"2072\" data-end=\"2268\">Cette escapade permet au<br \/>\nchampion n\u00e9erlandais de combiner d\u00e9tente et vie familiale avant de<br \/>\nreprendre la saison de Formule 1, tout en offrant aux fans un rare<br \/>\naper\u00e7u de sa vie loin des circuits.<\/p>\n<p>Une vie priv\u00e9e sous les<br \/>\nprojecteurs<\/p>\n<p data-start=\"2317\" data-end=\"2656\">M\u00eame si Max Verstappen reste<br \/>\nextr\u00eamement discret sur certains d\u00e9tails, ses apparitions avec<br \/>\nKelly et leurs filles suscitent toujours l\u2019attention. Entre<br \/>\nvacances sur un yacht somptueux et premi\u00e8res \u00e9tapes de Lily, la<br \/>\nfamille Verstappen semble savourer pleinement ces moments de<br \/>\nbonheur partag\u00e9, loin du tumulte des paddocks et des m\u00e9dias.<\/p>\n<blockquote class=\"instagram-media\" style=\"background: #ffffff;border: 0;margin: 1px;width: 100%;padding: 0;max-width: 500px;\" data-instgrm-permalink=\"https:\/\/www.instagram.com\/p\/DNbeHakM09w\/?img_index=3\" data-instgrm-version=\"14\"\/>\n<p><script async src=\"\/\/www.instagram.com\/embed.js\"><\/script><\/p>\n","protected":false},"excerpt":{"rendered":"Lily Verstappen, la fille de Max Verstappen et Kelly Piquet, d\u00e9couvre le monde \u00e0 quatre mois. Les premiers&hellip;\n","protected":false},"author":2,"featured_media":324565,"comment_status":"","ping_status":"","sticky":false,"template":"","format":"standard","meta":{"footnotes":""},"categories":[1359],"tags":[58,59,1011,27,46155,2236,973],"class_list":{"0":"post-324564","1":"post","2":"type-post","3":"status-publish","4":"format-standard","5":"has-post-thumbnail","7":"category-people","8":"tag-divertissement","9":"tag-entertainment","10":"tag-fr","11":"tag-france","12":"tag-kelly-piquet","13":"tag-max-verstappen","14":"tag-people"},"share_on_mastodon":{"url":"https:\/\/pubeurope.com\/@fr\/115043303676187122","error":""},"_links":{"self":[{"href":"https:\/\/www.europesays.com\/fr\/wp-json\/wp\/v2\/posts\/324564","targetHints":{"allow":["GET"]}}],"collection":[{"href":"https:\/\/www.europesays.com\/fr\/wp-json\/wp\/v2\/posts"}],"about":[{"href":"https:\/\/www.europesays.com\/fr\/wp-json\/wp\/v2\/types\/post"}],"author":[{"embeddable":true,"href":"https:\/\/www.europesays.com\/fr\/wp-json\/wp\/v2\/users\/2"}],"replies":[{"embeddable":true,"href":"https:\/\/www.europesays.com\/fr\/wp-json\/wp\/v2\/comments?post=324564"}],"version-history":[{"count":0,"href":"https:\/\/www.europesays.com\/fr\/wp-json\/wp\/v2\/posts\/324564\/revisions"}],"wp:featuredmedia":[{"embeddable":true,"href":"https:\/\/www.europesays.com\/fr\/wp-json\/wp\/v2\/media\/324565"}],"wp:attachment":[{"href":"https:\/\/www.europesays.com\/fr\/wp-json\/wp\/v2\/media?parent=324564"}],"wp:term":[{"taxonomy":"category","embeddable":true,"href":"https:\/\/www.europesays.com\/fr\/wp-json\/wp\/v2\/categories?post=324564"},{"taxonomy":"post_tag","embeddable":true,"href":"https:\/\/www.europesays.com\/fr\/wp-json\/wp\/v2\/tags?post=324564"}],"curies":[{"name":"wp","href":"https:\/\/api.w.org\/{rel}","templated":true}]}}