{"id":324566,"date":"2025-08-17T09:04:11","date_gmt":"2025-08-17T09:04:11","guid":{"rendered":"https:\/\/www.europesays.com\/fr\/324566\/"},"modified":"2025-08-17T09:04:11","modified_gmt":"2025-08-17T09:04:11","slug":"la-folle-histoire-des-huit-tableaux-de-cezanne-voles-en-1961-a-aix","status":"publish","type":"post","link":"https:\/\/www.europesays.com\/fr\/324566\/","title":{"rendered":"La folle histoire des huit tableaux de C\u00e9zanne vol\u00e9s en 1961 \u00e0 Aix"},"content":{"rendered":"<p>Le vol avait mis le milieu de l\u2019art en \u00e9bullition. Les journaux de l\u2019\u00e9poque en avaient fait leurs choux gras. Dans la nuit du 12 au 13\u00a0ao\u00fbt\u00a01961, alors qu\u2019une <a href=\"https:\/\/www.laprovence.com\/article\/culture-loisirs\/8786568116226214\/cezanne-au-jas-de-bouffan-lexposition-tres-spectaculaire-est-lancee-a-aix-en-provence\" target=\"_blank\" rel=\"noopener\">grande exposition consacr\u00e9e \u00e0 Cezanne<\/a> se tient au Pavillon Vend\u00f4me, huit tableaux se volatilisent. Parmi eux, les Joueurs de cartes, alors au mus\u00e9e du Louvre et aujourd\u2019hui <a href=\"https:\/\/www.laprovence.com\/article\/culture-loisirs\/1752084067517315\/cezanne-2025-plusieurs-chefs-doeuvre-du-musee-dorsay-en-route-vers-la-provence\" target=\"_blank\" rel=\"noopener\">dans les collections du mus\u00e9e d\u2019Orsay<\/a>, Pyramides de cr\u00e2nes, de la collection Feichenfeldt \u00e0 Zurich, ou encore une Nature morte \u00e0 la th\u00e9i\u00e8re du mus\u00e9e de Cardiff.<\/p>\n<p>Cette nuit-l\u00e0, les cambrioleurs font preuve d\u2019une grande audace. Ils franchissent le mur d\u2019enceinte du lieu puis, pour acc\u00e9der aux \u0153uvres, expos\u00e9es au premier \u00e9tage, ils se servent des grilles du rez-de-chauss\u00e9e. Une fois sur la corniche, ils entrent par une fen\u00eatre et emportent les toiles. La conservatrice du Pavillon, qui logeait au deuxi\u00e8me \u00e9tage avec son mari, n\u2019a rien entendu. Pas plus que le gendarme que l\u2019on sait muni d\u2019une mitraillette.<\/p>\n","protected":false},"excerpt":{"rendered":"Le vol avait mis le milieu de l\u2019art en \u00e9bullition. Les journaux de l\u2019\u00e9poque en avaient fait leurs&hellip;\n","protected":false},"author":2,"featured_media":324567,"comment_status":"","ping_status":"","sticky":false,"template":"","format":"standard","meta":{"footnotes":""},"categories":[1358],"tags":[17,1348,1384,1385,5649,154,1386,58,59,14898,1011,27,937,38095,2831,11542,10765],"class_list":{"0":"post-324566","1":"post","2":"type-post","3":"status-publish","4":"format-standard","5":"has-post-thumbnail","7":"category-arts-et-design","8":"tag-17","9":"tag-arts","10":"tag-arts-and-design","11":"tag-arts-et-design","12":"tag-cezanne","13":"tag-des","14":"tag-design","15":"tag-divertissement","16":"tag-entertainment","17":"tag-folle","18":"tag-fr","19":"tag-france","20":"tag-histoire","21":"tag-huit","22":"tag-loisirs-traditions","23":"tag-tableaux","24":"tag-voles"},"share_on_mastodon":{"url":"https:\/\/pubeurope.com\/@fr\/115043307605754042","error":""},"_links":{"self":[{"href":"https:\/\/www.europesays.com\/fr\/wp-json\/wp\/v2\/posts\/324566","targetHints":{"allow":["GET"]}}],"collection":[{"href":"https:\/\/www.europesays.com\/fr\/wp-json\/wp\/v2\/posts"}],"about":[{"href":"https:\/\/www.europesays.com\/fr\/wp-json\/wp\/v2\/types\/post"}],"author":[{"embeddable":true,"href":"https:\/\/www.europesays.com\/fr\/wp-json\/wp\/v2\/users\/2"}],"replies":[{"embeddable":true,"href":"https:\/\/www.europesays.com\/fr\/wp-json\/wp\/v2\/comments?post=324566"}],"version-history":[{"count":0,"href":"https:\/\/www.europesays.com\/fr\/wp-json\/wp\/v2\/posts\/324566\/revisions"}],"wp:featuredmedia":[{"embeddable":true,"href":"https:\/\/www.europesays.com\/fr\/wp-json\/wp\/v2\/media\/324567"}],"wp:attachment":[{"href":"https:\/\/www.europesays.com\/fr\/wp-json\/wp\/v2\/media?parent=324566"}],"wp:term":[{"taxonomy":"category","embeddable":true,"href":"https:\/\/www.europesays.com\/fr\/wp-json\/wp\/v2\/categories?post=324566"},{"taxonomy":"post_tag","embeddable":true,"href":"https:\/\/www.europesays.com\/fr\/wp-json\/wp\/v2\/tags?post=324566"}],"curies":[{"name":"wp","href":"https:\/\/api.w.org\/{rel}","templated":true}]}}