{"id":324570,"date":"2025-08-17T09:06:12","date_gmt":"2025-08-17T09:06:12","guid":{"rendered":"https:\/\/www.europesays.com\/fr\/324570\/"},"modified":"2025-08-17T09:06:12","modified_gmt":"2025-08-17T09:06:12","slug":"audiences-20h30-moins-de-3-millions-hier-soir-pour-france-2-et-lete-de-20h30-qui-reste-malgre-tout-leader-en-famille-sous-le-million-sur-m6-au-meme-moment","status":"publish","type":"post","link":"https:\/\/www.europesays.com\/fr\/324570\/","title":{"rendered":"Audiences 20h30 : Moins de 3 millions hier soir pour France 2 et \u00ab\u00a0L&rsquo;\u00e9t\u00e9 de 20h30\u00a0\u00bb qui reste malgr\u00e9 tout leader &#8211; \u00ab\u00a0En famille\u00a0\u00bb sous le million sur M6 au m\u00eame moment"},"content":{"rendered":"<p>\u00ab\u00a0L\u2019\u00e9t\u00e9 de 20h30\u00a0\u00bb vous a propos\u00e9, hier soir, un reportage intitul\u00e9 \u00ab\u00a0Des femmes et des vagues\u00a0\u00bb.\u00a0Qui a dit que prendre de l\u2019\u00e2ge signifiait la fin de l\u2019aventure ? Surtout pas Isabelle, 61 ans, Anne, 63 ans, et Gwen la benjamine de 51 ans.<\/p>\n<p>Et si c\u2019\u00e9tait justement une renaissance, maintenant que certaines \u00e9tapes de la vie sont derri\u00e8re ? Ces trois femmes, retrait\u00e9es ou non, toutes grand-m\u00e8res ont donc d\u00e9cid\u00e9 de se mettre au surf.<\/p>\n<p>Elles s&rsquo;initient sur le spot de la Torche, en Bretagne, non loin de Quimper, aux c\u00f4t\u00e9s des professionnels de la vague.\u00a0<\/p>\n<p>        L&rsquo;\u00e9t\u00e9 de 20h30<br \/>\n        21.7 % de PDA\n        <\/p>\n<p>        2 800 000<\/p>\n<p>        En famille<br \/>\n        7 % de PDA\n        <\/p>\n<p>        914 000<\/p>\n<p>        Le journal<br \/>\n        3.7 % de PDA\n        <\/p>\n<p>        442 000<\/p>\n<p>  Le Top des parts de march\u00e9<\/p>\n","protected":false},"excerpt":{"rendered":"\u00ab\u00a0L\u2019\u00e9t\u00e9 de 20h30\u00a0\u00bb vous a propos\u00e9, hier soir, un reportage intitul\u00e9 \u00ab\u00a0Des femmes et des vagues\u00a0\u00bb.\u00a0Qui a dit&hellip;\n","protected":false},"author":2,"featured_media":324571,"comment_status":"","ping_status":"","sticky":false,"template":"","format":"standard","meta":{"footnotes":""},"categories":[1356],"tags":[2367,58,59,1011,27,594,252,1364],"class_list":{"0":"post-324570","1":"post","2":"type-post","3":"status-publish","4":"format-standard","5":"has-post-thumbnail","7":"category-television","8":"tag-audiences","9":"tag-divertissement","10":"tag-entertainment","11":"tag-fr","12":"tag-france","13":"tag-france-2","14":"tag-television","15":"tag-tv"},"share_on_mastodon":{"url":"https:\/\/pubeurope.com\/@fr\/115043315427465990","error":""},"_links":{"self":[{"href":"https:\/\/www.europesays.com\/fr\/wp-json\/wp\/v2\/posts\/324570","targetHints":{"allow":["GET"]}}],"collection":[{"href":"https:\/\/www.europesays.com\/fr\/wp-json\/wp\/v2\/posts"}],"about":[{"href":"https:\/\/www.europesays.com\/fr\/wp-json\/wp\/v2\/types\/post"}],"author":[{"embeddable":true,"href":"https:\/\/www.europesays.com\/fr\/wp-json\/wp\/v2\/users\/2"}],"replies":[{"embeddable":true,"href":"https:\/\/www.europesays.com\/fr\/wp-json\/wp\/v2\/comments?post=324570"}],"version-history":[{"count":0,"href":"https:\/\/www.europesays.com\/fr\/wp-json\/wp\/v2\/posts\/324570\/revisions"}],"wp:featuredmedia":[{"embeddable":true,"href":"https:\/\/www.europesays.com\/fr\/wp-json\/wp\/v2\/media\/324571"}],"wp:attachment":[{"href":"https:\/\/www.europesays.com\/fr\/wp-json\/wp\/v2\/media?parent=324570"}],"wp:term":[{"taxonomy":"category","embeddable":true,"href":"https:\/\/www.europesays.com\/fr\/wp-json\/wp\/v2\/categories?post=324570"},{"taxonomy":"post_tag","embeddable":true,"href":"https:\/\/www.europesays.com\/fr\/wp-json\/wp\/v2\/tags?post=324570"}],"curies":[{"name":"wp","href":"https:\/\/api.w.org\/{rel}","templated":true}]}}