{"id":324583,"date":"2025-08-17T09:13:13","date_gmt":"2025-08-17T09:13:13","guid":{"rendered":"https:\/\/www.europesays.com\/fr\/324583\/"},"modified":"2025-08-17T09:13:13","modified_gmt":"2025-08-17T09:13:13","slug":"le-mouvement-massif-tourne-a-laffrontement-avec-le-gouvernement-federal","status":"publish","type":"post","link":"https:\/\/www.europesays.com\/fr\/324583\/","title":{"rendered":"le mouvement massif tourne \u00e0 l\u2019affrontement avec le gouvernement f\u00e9d\u00e9ral"},"content":{"rendered":"<p>                         <img loading=\"lazy\" decoding=\"async\" src=\"https:\/\/www.europesays.com\/fr\/wp-content\/uploads\/2025\/08\/f95ac8d_ftp-import-images-1-ts3sj8pdzsqe-5648026-01-06.jpg\" alt=\"Des personnels navigants d\u2019Air Canada lors de la gr\u00e8ve g\u00e9n\u00e9rale pour r\u00e9clamer de meilleures r\u00e9mun\u00e9rations, \u00e0 l\u2019a\u00e9roport Pierre-Elliott-Trudeau de Montr\u00e9al, le 16\u00a0ao\u00fbt\u00a02025.\"   width=\"664\" height=\"443\"\/>    Des personnels navigants d\u2019Air Canada lors de la gr\u00e8ve g\u00e9n\u00e9rale pour r\u00e9clamer de meilleures r\u00e9mun\u00e9rations, \u00e0 l\u2019a\u00e9roport Pierre-Elliott-Trudeau de Montr\u00e9al, le 16\u00a0ao\u00fbt\u00a02025.  ANDREJ IVANOV\/AFP                 <\/p>\n<p class=\"article__paragraph  \">Face \u00e0 l\u2019ampleur des perturbations, Ottawa a fini par se f\u00e2cher. Quelques heures apr\u00e8s le d\u00e9clenchement de la gr\u00e8ve des 10\u00a0000 h\u00f4tesses et stewards d\u2019Air Canada, <a href=\"https:\/\/www.lemonde.fr\/international\/article\/2025\/08\/17\/air-canada-annonce-la-suspension-de-tous-ses-vols-en-raison-d-une-greve-de-ses-hotesses-et-stewards-le-gouvernement-pousse-pour-une-reprise-du-travail_6630304_3211.html\" rel=\"nofollow noopener\" target=\"_blank\">qui a bloqu\u00e9 des centaines de vols depuis vendredi 15\u00a0ao\u00fbt<\/a>, le gouvernement f\u00e9d\u00e9ral a ordonn\u00e9, samedi 16\u00a0ao\u00fbt, la reprise du travail au nom de la \u00ab\u00a0paix industrielle\u00a0\u00bb et pour \u00ab\u00a0prot\u00e9ger les int\u00e9r\u00eats du Canada\u00a0\u00bb. La ministre de l\u2019emploi, Patty Hajdu, a d\u00e9clench\u00e9 l\u2019utilisation de l\u2019article\u00a0107 du code canadien du travail pour forcer un retour au service et \u00e9viter un blocage durable du trafic au c\u0153ur de l\u2019\u00e9t\u00e9. \u00ab\u00a0Ce n\u2019est pas le moment de prendre des risques avec l\u2019\u00e9conomie\u00a0\u00bb, a-t-elle martel\u00e9 en conf\u00e9rence de presse.<\/p>\n<p>                                   Lire aussi |  Article r\u00e9serv\u00e9 \u00e0 nos abonn\u00e9s  <a href=\"https:\/\/www.lemonde.fr\/economie\/article\/2025\/07\/03\/au-canada-l-economie-ploie-sous-les-coups-de-boutoir-de-donald-trump_6617628_3234.html\" class=\"js-article-read-also catcher--favoris__link\" data-premium=\"1\" id=\"article-title-3429754\" rel=\"nofollow noopener\" target=\"_blank\">Au Canada, l\u2019\u00e9conomie ploie sous les coups de boutoir de Donald Trump<\/a>    <\/p>\n<p>   Lire plus tard  <\/p>\n<p class=\"article__paragraph  \">Concr\u00e8tement, elle saisit le Conseil canadien des relations industrielles (CCRI), qui va encadrer la reprise des op\u00e9rations. Le litige est confi\u00e9 \u00e0 un arbitre ind\u00e9pendant. Sa d\u00e9cision finale sera contraignante pour Air Canada comme pour le Syndicat canadien de la fonction publique (SCFP), qui repr\u00e9sente le personnel de cabine.<\/p>\n<p class=\"article__paragraph  \">Mme\u00a0Hajdu pr\u00e9sente cette voie comme \u00ab\u00a0la plus stable\u00a0\u00bb pour clore un conflit aux lourdes retomb\u00e9es pour les passagers et les cha\u00eenes logistiques. Selon la ministre, plus de 40\u00a0% des envois de biens critiques \u2014 produits pharmaceutiques et tissus humains, notamment \u2014 transitent par Air Canada. D\u2019apr\u00e8s les chiffres de la soci\u00e9t\u00e9 sp\u00e9cialis\u00e9e Cirium, cit\u00e9e par l\u2019agence Associated Press, Air Canada a annul\u00e9, du fait de la gr\u00e8ve, 199\u00a0vols vendredi, 671\u00a0samedi et pr\u00e9voyait encore de suspendre 96\u00a0vols dimanche 17\u00a0ao\u00fbt. Cette vague d\u2019annulations a affect\u00e9 entre 100\u00a0000\u00a0et 130\u00a0000 passagers, dont quelque 25\u00a0000 bloqu\u00e9s \u00e0 l\u2019\u00e9tranger.<\/p>\n<p class=\"reading-mode-only \"><strong>Il vous reste 60.62% de cet article \u00e0 lire. La suite est r\u00e9serv\u00e9e aux abonn\u00e9s.<\/strong><\/p>\n","protected":false},"excerpt":{"rendered":"Des personnels navigants d\u2019Air Canada lors de la gr\u00e8ve g\u00e9n\u00e9rale pour r\u00e9clamer de meilleures r\u00e9mun\u00e9rations, \u00e0 l\u2019a\u00e9roport Pierre-Elliott-Trudeau&hellip;\n","protected":false},"author":2,"featured_media":324584,"comment_status":"","ping_status":"","sticky":false,"template":"","format":"standard","meta":{"footnotes":""},"categories":[6],"tags":[35,33,34,1011,27],"class_list":{"0":"post-324583","1":"post","2":"type-post","3":"status-publish","4":"format-standard","5":"has-post-thumbnail","7":"category-economie","8":"tag-business","9":"tag-economie","10":"tag-economy","11":"tag-fr","12":"tag-france"},"share_on_mastodon":{"url":"https:\/\/pubeurope.com\/@fr\/115043343181114742","error":""},"_links":{"self":[{"href":"https:\/\/www.europesays.com\/fr\/wp-json\/wp\/v2\/posts\/324583","targetHints":{"allow":["GET"]}}],"collection":[{"href":"https:\/\/www.europesays.com\/fr\/wp-json\/wp\/v2\/posts"}],"about":[{"href":"https:\/\/www.europesays.com\/fr\/wp-json\/wp\/v2\/types\/post"}],"author":[{"embeddable":true,"href":"https:\/\/www.europesays.com\/fr\/wp-json\/wp\/v2\/users\/2"}],"replies":[{"embeddable":true,"href":"https:\/\/www.europesays.com\/fr\/wp-json\/wp\/v2\/comments?post=324583"}],"version-history":[{"count":0,"href":"https:\/\/www.europesays.com\/fr\/wp-json\/wp\/v2\/posts\/324583\/revisions"}],"wp:featuredmedia":[{"embeddable":true,"href":"https:\/\/www.europesays.com\/fr\/wp-json\/wp\/v2\/media\/324584"}],"wp:attachment":[{"href":"https:\/\/www.europesays.com\/fr\/wp-json\/wp\/v2\/media?parent=324583"}],"wp:term":[{"taxonomy":"category","embeddable":true,"href":"https:\/\/www.europesays.com\/fr\/wp-json\/wp\/v2\/categories?post=324583"},{"taxonomy":"post_tag","embeddable":true,"href":"https:\/\/www.europesays.com\/fr\/wp-json\/wp\/v2\/tags?post=324583"}],"curies":[{"name":"wp","href":"https:\/\/api.w.org\/{rel}","templated":true}]}}