{"id":324585,"date":"2025-08-17T09:14:13","date_gmt":"2025-08-17T09:14:13","guid":{"rendered":"https:\/\/www.europesays.com\/fr\/324585\/"},"modified":"2025-08-17T09:14:13","modified_gmt":"2025-08-17T09:14:13","slug":"la-france-lallemagne-et-le-royaume-uni-reunissent-la-coalition-des-volontaires","status":"publish","type":"post","link":"https:\/\/www.europesays.com\/fr\/324585\/","title":{"rendered":"La France, l\u2019Allemagne et le Royaume-Uni r\u00e9unissent la \u00ab\u00a0coalition des volontaires\u00a0\u00bb\u2026"},"content":{"rendered":"<p>Quels objectifs pour la \u00ab\u00a0coalition des volontaires\u00a0\u00bb\u00a0?<\/p>\n<p>Le pr\u00e9sident fran\u00e7ais Emmanuel Macron, le Premier ministre britannique Keir Starmer et le chancelier allemand Friedrich Merz r\u00e9unissent ce dimanche \u00e0 14 heures en visioconf\u00e9rence la \u00ab\u00a0coalition des volontaires\u00a0\u00bb alli\u00e9s de Kiev, qui regroupe la plupart des grands pays europ\u00e9ens, l\u2019UE, l\u2019Otan, et des pays non-europ\u00e9ens comme le Canada.<\/p>\n<p>Les participants devraient aborder, selon des diplomates, la question des garanties de s\u00e9curit\u00e9 qui seraient accord\u00e9es \u00e0 Kiev dans le cadre d\u2019un \u00e9ventuel accord de paix.<\/p>\n<p>D\u2019apr\u00e8s la Premi\u00e8re ministre italienne, Giorgia Meloni, il s\u2019agirait pour commencer de d\u00e9finir \u00ab\u00a0une clause de s\u00e9curit\u00e9 collective qui permettrait \u00e0 l\u2019Ukraine d\u2019obtenir le soutien de tous ses partenaires, y compris des Etats-Unis, pr\u00eats \u00e0 agir dans le cas o\u00f9 elle serait \u00e0 nouveau attaqu\u00e9e\u00a0\u00bb.<\/p>\n<p>Le refus de Moscou d\u2019un cessez-le-feu \u00ab\u00a0complique la situation\u00a0\u00bb, selon Zelensky<\/p>\n<p>Les Etats-Unis et Vladimir Poutine semblent \u00eatre tomb\u00e9s d\u2019accord pour un accord de paix, sans passer par la case cessez-le-feu, ce qui \u00ab\u00a0complique la situation\u00a0\u00bb pour le pr\u00e9sident ukrainien.<\/p>\n<p>\u00ab\u00a0Nous voyons que la Russie rejette de nombreux appels au cessez-le-feu et n\u2019a pas encore d\u00e9termin\u00e9 quand elle cessera de tuer. Cela complique la situation. Si elle n\u2019a pas la volont\u00e9 d\u2019ex\u00e9cuter un simple ordre d\u2019arr\u00eater ses frappes, il pourrait falloir d\u2019importants efforts pour inciter la Russie \u00e0 vouloir appliquer quelque chose de bien plus important\u00a0: une coexistence pacifique avec ses voisins pour des d\u00e9cennies\u00a0\u00bb, a \u00e9crit Zelensky sur ses r\u00e9seaux sociaux dans la nuit de samedi \u00e0 dimanche.<\/p>\n<p>Bienvenue dans ce nouveau live<\/p>\n<p>Bonjour \u00e0 tous et \u00e0 toutes. Comme chaque jour, la r\u00e9daction de 20 Minutes se mobilise pour vous donner l\u2019ensemble des informations sur le conflit entre Kiev et Moscou.<\/p>\n<p>Au surlendemain de sommet entre Donald Trump et Vladimir en Alaska, ce sont les pays europ\u00e9ens qui sont \u00e0 la man\u0153uvre et r\u00e9unissent ce dimanche \u00e0 14 heures en visioconf\u00e9rence la \u00ab\u00a0coalition des volontaires\u00a0\u00bb alli\u00e9s de Kiev.<\/p>\n","protected":false},"excerpt":{"rendered":"Quels objectifs pour la \u00ab\u00a0coalition des volontaires\u00a0\u00bb\u00a0? Le pr\u00e9sident fran\u00e7ais Emmanuel Macron, le Premier ministre britannique Keir Starmer&hellip;\n","protected":false},"author":2,"featured_media":324586,"comment_status":"","ping_status":"","sticky":false,"template":"","format":"standard","meta":{"footnotes":""},"categories":[5],"tags":[47,11,672,75,1073,1011,27,131,14,74,12,2403,473,135,134,28],"class_list":{"0":"post-324585","1":"post","2":"type-post","3":"status-publish","4":"format-standard","5":"has-post-thumbnail","7":"category-international","8":"tag-actualite","9":"tag-actualites","10":"tag-allemagne","11":"tag-donald-trump","12":"tag-emmanuel-macron","13":"tag-fr","14":"tag-france","15":"tag-guerre-en-ukraine","16":"tag-international","17":"tag-monde","18":"tag-news","19":"tag-paix","20":"tag-royaume-uni","21":"tag-vladimir-poutine","22":"tag-volodymyr-zelensky","23":"tag-world"},"share_on_mastodon":{"url":"https:\/\/pubeurope.com\/@fr\/115043347035977260","error":""},"_links":{"self":[{"href":"https:\/\/www.europesays.com\/fr\/wp-json\/wp\/v2\/posts\/324585","targetHints":{"allow":["GET"]}}],"collection":[{"href":"https:\/\/www.europesays.com\/fr\/wp-json\/wp\/v2\/posts"}],"about":[{"href":"https:\/\/www.europesays.com\/fr\/wp-json\/wp\/v2\/types\/post"}],"author":[{"embeddable":true,"href":"https:\/\/www.europesays.com\/fr\/wp-json\/wp\/v2\/users\/2"}],"replies":[{"embeddable":true,"href":"https:\/\/www.europesays.com\/fr\/wp-json\/wp\/v2\/comments?post=324585"}],"version-history":[{"count":0,"href":"https:\/\/www.europesays.com\/fr\/wp-json\/wp\/v2\/posts\/324585\/revisions"}],"wp:featuredmedia":[{"embeddable":true,"href":"https:\/\/www.europesays.com\/fr\/wp-json\/wp\/v2\/media\/324586"}],"wp:attachment":[{"href":"https:\/\/www.europesays.com\/fr\/wp-json\/wp\/v2\/media?parent=324585"}],"wp:term":[{"taxonomy":"category","embeddable":true,"href":"https:\/\/www.europesays.com\/fr\/wp-json\/wp\/v2\/categories?post=324585"},{"taxonomy":"post_tag","embeddable":true,"href":"https:\/\/www.europesays.com\/fr\/wp-json\/wp\/v2\/tags?post=324585"}],"curies":[{"name":"wp","href":"https:\/\/api.w.org\/{rel}","templated":true}]}}