{"id":324587,"date":"2025-08-17T09:15:12","date_gmt":"2025-08-17T09:15:12","guid":{"rendered":"https:\/\/www.europesays.com\/fr\/324587\/"},"modified":"2025-08-17T09:15:12","modified_gmt":"2025-08-17T09:15:12","slug":"alcool-stupefiants-telephone-vaste-operation-de-controle-routier-dans-la-manche","status":"publish","type":"post","link":"https:\/\/www.europesays.com\/fr\/324587\/","title":{"rendered":"Alcool, stup\u00e9fiants, t\u00e9l\u00e9phone&#8230; Vaste op\u00e9ration de contr\u00f4le routier dans la Manche"},"content":{"rendered":"<p>            Par<br \/>\n        <strong><br \/>\n            <a href=\"https:\/\/actu.fr\/auteur\/l-ameline\" title=\"Consulter tous les articles de Ludovic Ameline\" target=\"_blank\" rel=\"noopener\">Ludovic Ameline<\/a><br \/>\n        <\/strong><\/p>\n<p>        Publi\u00e9 le<\/p>\n<p>            17 ao\u00fbt 2025 \u00e0 9h03        <\/p>\n<p>En 2024, 35\u00a0personnes ont perdu la vie sur les <b>routes <\/b>de la <a href=\"https:\/\/actu.fr\/normandie\/manche_50\" target=\"_blank\" rel=\"noopener\">Manche<\/a>. <b>Depuis le d\u00e9but de l\u2019ann\u00e9e 2025<\/b>, on d\u00e9plore d\u00e9j\u00e0 <b>26 tu\u00e9s<\/b> (N.D.L.R. : en 2023, \u00e0 la m\u00eame \u00e9poque, 13 morts avaient \u00e9t\u00e9 enregistr\u00e9s).<b> 50 % <\/b>des victimes sont des usagers circulant en <b>deux-roues<\/b>, motoris\u00e9s ou non. La tranche d\u2019\u00e2ge des <b>18-24\u00a0ans<\/b> est la plus touch\u00e9e.<\/p>\n<p>Lutter contre les comportements dangereux\u00a0<\/p>\n<p class=\" wall-content\">Face \u00e0 cette<b> aggravation du bilan routier<\/b>, les autorit\u00e9s ont intensifi\u00e9 les<b> op\u00e9rations de contr\u00f4le <\/b>pour<b> renforcer la s\u00e9curit\u00e9 <\/b>sur les axes les plus concern\u00e9s. Dans le collimateur des autorit\u00e9s, les <b>comportements dangereux<\/b> : alcool et\/ou stup\u00e9fiants au volant, usage de t\u00e9l\u00e9phone portable.<\/p>\n<p class=\" wall-content\">Ce <b>samedi 16 ao\u00fbt<\/b>, \u00e0 20 h 30, une <b>vaste op\u00e9ration <\/b>a \u00e9t\u00e9 men\u00e9e au rond-point de la <b>RD974<\/b> \u00e0 <a href=\"https:\/\/actu.fr\/normandie\/saint-hilaire-petitville_50485\" target=\"_blank\" rel=\"noopener\">Saint-Hilaire-Petitville<\/a>, principal point de contr\u00f4le, avec l\u2019appui de points de contr\u00f4les secondaires pour \u00e9viter tout contournement par des personnes en infraction.<\/p>\n<p>    <a href=\"https:\/\/www.google.com\/maps\/embed?pb=!1m18!1m12!1m3!1d36638.9331937255!2d-1.2391545663430792!3d49.30327881932563!2m3!1f0!2f0!3f0!3m2!1i1024!2i768!4f13.1!3m3!1m2!1s0x480b9cc5e0df9811%3A0x40c14484fb969b0!2sSaint-Hilaire-Petitville%2C%2050500%20Carentan-les-Marais!5e1!3m2!1sfr!2sfr!4v1755413838471!5m2!1sfr!2sfr\" title=\"Ouvrie le lien\" target=\"_blank\" rel=\"noopener\">Cliquez ici pour visualiser le contenu<\/a><\/p>\n<p class=\" wall-content\">Cette mobilisation a \u00e9t\u00e9 assur\u00e9e par une douzaine de membres de l\u2019escadron d\u00e9partemental de <a href=\"https:\/\/actu.fr\/tag\/securite-routiere\" target=\"_blank\" rel=\"noopener\">s\u00e9curit\u00e9 routi\u00e8re<\/a> et de militaires de la brigade de <a href=\"https:\/\/actu.fr\/normandie\/carentan-les-marais_50099\" target=\"_blank\" rel=\"noopener\">Carentan<\/a>, d\u00e9pendante de la compagnie de <a href=\"https:\/\/actu.fr\/normandie\/saint-lo_50502\" target=\"_blank\" rel=\"noopener\">Saint-L\u00f4<\/a>.<\/p>\n<p>Endiguer la mortalit\u00e9 routi\u00e8re<\/p>\n<p class=\" wall-content\">Le contr\u00f4le a eu lieu en pr\u00e9sence du colonel Yannick Prati, commandant du groupement de gendarmerie de la Manche, et de Perrine Serre, secr\u00e9taire g\u00e9n\u00e9rale de la pr\u00e9fecture et sous-pr\u00e9f\u00e8te de l\u2019arrondissement de Saint-L\u00f4.<\/p>\n<p>Vid\u00e9os : en ce moment sur Actu<\/p>\n<p class=\" wall-content\">Celle-ci a tenu \u00e0 rappeler que la loi du 9\u00a0juillet 2025 pr\u00e9voit de<b> nouvelles mesures<\/b> pour lutter contre les comportements dangereux, tant par le renforcement des dispositions p\u00e9nales en vigueur que par une intensification du recours aux mesures de police administrative.<\/p>\n<blockquote class=\"ac-article-quote wall-content\">\n<p>La loi cr\u00e9e de nouveaux d\u00e9lits routiers\u00a0non cat\u00e9goris\u00e9s involontaires, qualificatif inadapt\u00e9 dans le contexte de la violence routi\u00e8re et tr\u00e8s mal v\u00e9cue par\u00a0les victimes et les familles de victimes.\u00a0Il y a d\u00e9sormais un d\u00e9lit d\u2019homicide routier. Ce d\u00e9lit sera constitu\u00e9 en cas d\u2019accident mortel caus\u00e9 par un automobiliste \u00e0 la suite d\u2019une conduite d\u00e9lib\u00e9r\u00e9ment \u00e0 risque (\u00e9tat d\u2019ivresse, prise de drogues, conduite sans permis\u2026).\u00a0<\/p>\n<p>Perrine Serre<\/p><\/blockquote>\n<p class=\" wall-content\">Au cours de cette op\u00e9ration, les gendarmes ont multipli\u00e9 les contr\u00f4les, ciblant particuli\u00e8rement l\u2019<b>alcool\u00e9mie<\/b> et les <b>stup\u00e9fiants <\/b>afin d\u2019\u00e9liminer les risques majeurs pour la s\u00e9curit\u00e9 des usagers. Les autorit\u00e9s renouvelleront ces contr\u00f4les tout au long de l\u2019ann\u00e9e pour <b>endiguer la mortalit\u00e9 routi\u00e8re <\/b>et prot\u00e9ger chaque automobiliste et usager de la Manche.<\/p>\n<p class=\" wall-content\">Suivez toute l\u2019actualit\u00e9 de vos villes et m\u00e9dias favoris en vous inscrivant \u00e0 <a href=\"https:\/\/moncompte.actu.fr\" title=\"D\u00e9couvez Mon Actu\" rel=\"nofollow noopener\" data-trk=\"{&quot;cta&quot;:{&quot;action&quot;:&quot;https:\\\/\\\/moncompte.actu.fr&quot;,&quot;category&quot;:&quot;mon compte&quot;,&quot;from&quot;:&quot;article footer&quot;,&quot;name&quot;:&quot;Mon actu&quot;,&quot;type&quot;:&quot;cta&quot;}}\" target=\"_blank\">Mon Actu<\/a>.<\/p>\n<ul class=\"ac-article-tag wall-content\">\n<li><a href=\"https:\/\/actu.fr\/tag\/cotentin\" data-trk=\"{&quot;cta&quot;:{&quot;action&quot;:&quot;Cotentin&quot;,&quot;category&quot;:&quot;tag&quot;,&quot;from&quot;:&quot;article footer&quot;,&quot;name&quot;:&quot;Cotentin&quot;,&quot;type&quot;:&quot;cta&quot;}}\" target=\"_blank\" rel=\"noopener\">#Cotentin<\/a><\/li>\n<li><a href=\"https:\/\/actu.fr\/tag\/securite-routiere\" data-trk=\"{&quot;cta&quot;:{&quot;action&quot;:&quot;S\\u00e9curit\\u00e9 routi\\u00e8re&quot;,&quot;category&quot;:&quot;tag&quot;,&quot;from&quot;:&quot;article footer&quot;,&quot;name&quot;:&quot;S\\u00e9curit\\u00e9 routi\\u00e8re&quot;,&quot;type&quot;:&quot;cta&quot;}}\" target=\"_blank\" rel=\"noopener\">#S\u00e9curit\u00e9 routi\u00e8re<\/a><\/li>\n<\/ul>\n","protected":false},"excerpt":{"rendered":"Par Ludovic Ameline Publi\u00e9 le 17 ao\u00fbt 2025 \u00e0 9h03 En 2024, 35\u00a0personnes ont perdu la vie sur&hellip;\n","protected":false},"author":2,"featured_media":324588,"comment_status":"","ping_status":"","sticky":false,"template":"","format":"standard","meta":{"footnotes":""},"categories":[4],"tags":[11,3168,118,1011,27,12,25,5009],"class_list":{"0":"post-324587","1":"post","2":"type-post","3":"status-publish","4":"format-standard","5":"has-post-thumbnail","7":"category-france","8":"tag-actualites","9":"tag-cotentin","10":"tag-faits-divers","11":"tag-fr","12":"tag-france","13":"tag-news","14":"tag-republique-francaise","15":"tag-securite-routiere"},"share_on_mastodon":{"url":"https:\/\/pubeurope.com\/@fr\/115043350836532088","error":""},"_links":{"self":[{"href":"https:\/\/www.europesays.com\/fr\/wp-json\/wp\/v2\/posts\/324587","targetHints":{"allow":["GET"]}}],"collection":[{"href":"https:\/\/www.europesays.com\/fr\/wp-json\/wp\/v2\/posts"}],"about":[{"href":"https:\/\/www.europesays.com\/fr\/wp-json\/wp\/v2\/types\/post"}],"author":[{"embeddable":true,"href":"https:\/\/www.europesays.com\/fr\/wp-json\/wp\/v2\/users\/2"}],"replies":[{"embeddable":true,"href":"https:\/\/www.europesays.com\/fr\/wp-json\/wp\/v2\/comments?post=324587"}],"version-history":[{"count":0,"href":"https:\/\/www.europesays.com\/fr\/wp-json\/wp\/v2\/posts\/324587\/revisions"}],"wp:featuredmedia":[{"embeddable":true,"href":"https:\/\/www.europesays.com\/fr\/wp-json\/wp\/v2\/media\/324588"}],"wp:attachment":[{"href":"https:\/\/www.europesays.com\/fr\/wp-json\/wp\/v2\/media?parent=324587"}],"wp:term":[{"taxonomy":"category","embeddable":true,"href":"https:\/\/www.europesays.com\/fr\/wp-json\/wp\/v2\/categories?post=324587"},{"taxonomy":"post_tag","embeddable":true,"href":"https:\/\/www.europesays.com\/fr\/wp-json\/wp\/v2\/tags?post=324587"}],"curies":[{"name":"wp","href":"https:\/\/api.w.org\/{rel}","templated":true}]}}