{"id":324598,"date":"2025-08-17T09:27:13","date_gmt":"2025-08-17T09:27:13","guid":{"rendered":"https:\/\/www.europesays.com\/fr\/324598\/"},"modified":"2025-08-17T09:27:13","modified_gmt":"2025-08-17T09:27:13","slug":"candidat-declare-a-la-mairie-de-toulon-pour-2026-mais-recherche-par-la-police-depuis-plusieurs-mois-eddie-goujit-a-ete-mis-en-examen-pour-escroqueries-vols-en-particulier-sur-des-enfants-2","status":"publish","type":"post","link":"https:\/\/www.europesays.com\/fr\/324598\/","title":{"rendered":"Candidat d\u00e9clar\u00e9 \u00e0 la mairie de Toulon pour 2026, mais recherch\u00e9 par la police depuis plusieurs mois, Eddie Goujit, a \u00e9t\u00e9 mis en examen pour escroqueries, vols&#8230; en particulier sur des enfants !"},"content":{"rendered":"<p>Candidat d\u00e9clar\u00e9 \u00e0 la mairie de Toulon en 2026, mais recherch\u00e9 par la police depuis plusieurs mois, Eddie Goujit, a \u00e9t\u00e9 \u00ab\u00a0mis en examen des chefs de faux et usage de faux, usurpation de titres, tentatives d\u2019escroqueries, escroqueries, vols commis entre f\u00e9vrier 2023 et juillet 2025\u00a0\u00bb, a annonc\u00e9 le parquet de Toulon.<\/p>\n<p>Mercredi 13 ao\u00fbt, il avait \u00e9t\u00e9 plac\u00e9 en garde \u00e0 vue apr\u00e8s son arrestation \u00e0 la sortie d&rsquo;un camping en Ard\u00e8che, dans lequel il travaillait comme animateur cet \u00e9t\u00e9.<\/p>\n<p>D&rsquo;apr\u00e8s nos informations, c&rsquo;est la directrice de l&rsquo;\u00e9tablissement qui a alert\u00e9 la police, alors qu&rsquo;il se rendait \u00e0 la gare. Elle racontait alors \u00e0 France 3 C\u00f4te d&rsquo;Azur que le jeune employ\u00e9 soutirait de l&rsquo;argent \u00e0 des enfants en organisant des soir\u00e9es.<\/p>\n<p>L&rsquo;homme \u00e9tait recherch\u00e9 par les autorit\u00e9s depuis plusieurs mois. Plusieurs plaintes avaient \u00e9t\u00e9 d\u00e9pos\u00e9es \u00e0 son encontre, dont une par R\u00e9gion Sud. L&rsquo;int\u00e9ress\u00e9 n\u2019avait cependant r\u00e9pondu \u00e0 aucune des convocations adress\u00e9es par la justice. Il aurait utilis\u00e9 plusieurs identit\u00e9s fictives pour duper des associations, des professionnels et des particuliers.<\/p>\n<p>Eddie Goujit se serait notamment fait passer pour le vice-pr\u00e9sident de la R\u00e9gion Sud, un ministre de Fran\u00e7ois Bayrou ou encore le responsable d\u2019une structure pr\u00e9sent\u00e9e comme gouvernementale.<\/p>\n<p>Signature de faux contrats de partenariat, remise d&rsquo;un faux ch\u00e8que de 175 000 euros \u00e0 une association, ou encore production de factures \u00e0 destination de la R\u00e9gion.<\/p>\n","protected":false},"excerpt":{"rendered":"Candidat d\u00e9clar\u00e9 \u00e0 la mairie de Toulon en 2026, mais recherch\u00e9 par la police depuis plusieurs mois, Eddie&hellip;\n","protected":false},"author":2,"featured_media":324374,"comment_status":"","ping_status":"","sticky":false,"template":"","format":"standard","meta":{"footnotes":""},"categories":[9619],"tags":[1111,11,1777,674,1011,27,303,12,1072,882,25,2310],"class_list":{"0":"post-324598","1":"post","2":"type-post","3":"status-publish","4":"format-standard","5":"has-post-thumbnail","7":"category-toulon","8":"tag-actu","9":"tag-actualites","10":"tag-eu","11":"tag-europe","12":"tag-fr","13":"tag-france","14":"tag-justice","15":"tag-news","16":"tag-police","17":"tag-provence-alpes-cote-dazur","18":"tag-republique-francaise","19":"tag-toulon"},"share_on_mastodon":{"url":"https:\/\/pubeurope.com\/@fr\/115043398057507340","error":""},"_links":{"self":[{"href":"https:\/\/www.europesays.com\/fr\/wp-json\/wp\/v2\/posts\/324598","targetHints":{"allow":["GET"]}}],"collection":[{"href":"https:\/\/www.europesays.com\/fr\/wp-json\/wp\/v2\/posts"}],"about":[{"href":"https:\/\/www.europesays.com\/fr\/wp-json\/wp\/v2\/types\/post"}],"author":[{"embeddable":true,"href":"https:\/\/www.europesays.com\/fr\/wp-json\/wp\/v2\/users\/2"}],"replies":[{"embeddable":true,"href":"https:\/\/www.europesays.com\/fr\/wp-json\/wp\/v2\/comments?post=324598"}],"version-history":[{"count":0,"href":"https:\/\/www.europesays.com\/fr\/wp-json\/wp\/v2\/posts\/324598\/revisions"}],"wp:featuredmedia":[{"embeddable":true,"href":"https:\/\/www.europesays.com\/fr\/wp-json\/wp\/v2\/media\/324374"}],"wp:attachment":[{"href":"https:\/\/www.europesays.com\/fr\/wp-json\/wp\/v2\/media?parent=324598"}],"wp:term":[{"taxonomy":"category","embeddable":true,"href":"https:\/\/www.europesays.com\/fr\/wp-json\/wp\/v2\/categories?post=324598"},{"taxonomy":"post_tag","embeddable":true,"href":"https:\/\/www.europesays.com\/fr\/wp-json\/wp\/v2\/tags?post=324598"}],"curies":[{"name":"wp","href":"https:\/\/api.w.org\/{rel}","templated":true}]}}