{"id":324603,"date":"2025-08-17T09:39:19","date_gmt":"2025-08-17T09:39:19","guid":{"rendered":"https:\/\/www.europesays.com\/fr\/324603\/"},"modified":"2025-08-17T09:39:19","modified_gmt":"2025-08-17T09:39:19","slug":"metropole-de-grenoble-un-corps-retrouve-sur-la-rocade-sud-lhypothese-du-suicide-privilegiee","status":"publish","type":"post","link":"https:\/\/www.europesays.com\/fr\/324603\/","title":{"rendered":"M\u00e9tropole de Grenoble. Un corps retrouv\u00e9 sur la Rocade sud : l\u2019hypoth\u00e8se du suicide privil\u00e9gi\u00e9e"},"content":{"rendered":"<p class=\"xsm-p\" style=\"text-align: start;\">Un corps d\u00e9chiquet\u00e9 a \u00e9t\u00e9 retrouv\u00e9 t\u00f4t ce dimanche matin sur la Rocade sud au pied du pont emprunt\u00e9 par la RD 5 (avenue Jean-Jaur\u00e8s), sur la commune d\u2019Eybens, a appris Le Dauphin\u00e9 Lib\u00e9r\u00e9.<\/p>\n<p>Ce contenu est bloqu\u00e9 car vous n&rsquo;avez pas accept\u00e9 les cookies et autres traceurs.<\/p>\n<p>En cliquant sur \u00ab J\u2019accepte \u00bb, les cookies et autres traceurs seront d\u00e9pos\u00e9s et vous pourrez visualiser les contenus  (<a href=\"\" class=\"consentModule_policy\" target=\"_blank\" title=\"Consulter la politique de protection des donn\u00e9es du fournisseur\">plus d&rsquo;informations<\/a>).<\/p>\n<p>En cliquant sur \u00ab J\u2019accepte tous les cookies \u00bb, vous autorisez des d\u00e9p\u00f4ts de cookies et autres traceurs pour le stockage de vos donn\u00e9es sur nos sites et applications \u00e0 des fins de personnalisation et de ciblage publicitaire.<\/p>\n<p class=\"consentModule_secondaryText\">Vous gardez la possibilit\u00e9 de retirer votre consentement \u00e0 tout moment en consultant notre <a href=\"https:\/\/www.ledauphine.com\/protection-des-donnees\" target=\"_blank\" title=\"Consulter notre politique de protection des donn\u00e9es\" rel=\"noopener\">politique de protection des donn\u00e9es<\/a>. <br \/>&#13;<br \/>\n            <a href=\"https:\/\/www.ledauphine.com\/faits-divers-justice\/2025\/08\/17\/javascript:Didomi.notice.show()\" class=\"consentModule_cmp\" target=\"_blank\" rel=\"noopener\">G\u00e9rer mes choix<\/a>&#13;\n        <\/p>\n<p>&#13;<br \/>\n                        J&rsquo;accepte&#13;<br \/>\n            J&rsquo;accepte tous les cookies&#13;\n        <\/p>\n<p class=\"xsm-p\" style=\"text-align: start;\">Les sapeurs-pompiers et le Samu ont \u00e9t\u00e9 appel\u00e9s peu avant 6\u00a0h\u00a010 par des automobilistes circulant dans le sens Meylan-Grenoble, mais n\u2019ont pu que constater le d\u00e9c\u00e8s. Selon les premiers \u00e9l\u00e9ments d\u2019information, il s\u2019agirait d\u2019un homme qui a probablement saut\u00e9 du pont avant d\u2019\u00eatre percut\u00e9 par plusieurs v\u00e9hicules.<\/p>\n<p class=\"xsm-p\" style=\"text-align: start;\">La Rocade a \u00e9t\u00e9 ferm\u00e9e entre Saint-Martin-d\u2019H\u00e8res et \u00c9chirolles dans le sens est-ouest pour permettre aux services de police de proc\u00e9der aux constatations et de tenter d\u2019identifier la victime. Un important encombrement s\u2019est form\u00e9 du fait de la coupure de l\u2019axe.<\/p>\n","protected":false},"excerpt":{"rendered":"Un corps d\u00e9chiquet\u00e9 a \u00e9t\u00e9 retrouv\u00e9 t\u00f4t ce dimanche matin sur la Rocade sud au pied du pont&hellip;\n","protected":false},"author":2,"featured_media":324604,"comment_status":"","ping_status":"","sticky":false,"template":"","format":"standard","meta":{"footnotes":""},"categories":[9566],"tags":[1111,11,2430,112,1777,674,12390,274,107,1011,27,2731,108,7000,12,25],"class_list":{"0":"post-324603","1":"post","2":"type-post","3":"status-publish","4":"format-standard","5":"has-post-thumbnail","7":"category-grenoble","8":"tag-actu","9":"tag-actualites","10":"tag-auvergne-rhone-alpes","11":"tag-edition-grenoble-agglomeration","12":"tag-eu","13":"tag-europe","14":"tag-eybens","15":"tag-faits-divers-justice","16":"tag-fil-info","17":"tag-fr","18":"tag-france","19":"tag-grenoble","20":"tag-isere","21":"tag-lagglomeration","22":"tag-news","23":"tag-republique-francaise"},"share_on_mastodon":{"url":"https:\/\/pubeurope.com\/@fr\/115043445213493318","error":""},"_links":{"self":[{"href":"https:\/\/www.europesays.com\/fr\/wp-json\/wp\/v2\/posts\/324603","targetHints":{"allow":["GET"]}}],"collection":[{"href":"https:\/\/www.europesays.com\/fr\/wp-json\/wp\/v2\/posts"}],"about":[{"href":"https:\/\/www.europesays.com\/fr\/wp-json\/wp\/v2\/types\/post"}],"author":[{"embeddable":true,"href":"https:\/\/www.europesays.com\/fr\/wp-json\/wp\/v2\/users\/2"}],"replies":[{"embeddable":true,"href":"https:\/\/www.europesays.com\/fr\/wp-json\/wp\/v2\/comments?post=324603"}],"version-history":[{"count":0,"href":"https:\/\/www.europesays.com\/fr\/wp-json\/wp\/v2\/posts\/324603\/revisions"}],"wp:featuredmedia":[{"embeddable":true,"href":"https:\/\/www.europesays.com\/fr\/wp-json\/wp\/v2\/media\/324604"}],"wp:attachment":[{"href":"https:\/\/www.europesays.com\/fr\/wp-json\/wp\/v2\/media?parent=324603"}],"wp:term":[{"taxonomy":"category","embeddable":true,"href":"https:\/\/www.europesays.com\/fr\/wp-json\/wp\/v2\/categories?post=324603"},{"taxonomy":"post_tag","embeddable":true,"href":"https:\/\/www.europesays.com\/fr\/wp-json\/wp\/v2\/tags?post=324603"}],"curies":[{"name":"wp","href":"https:\/\/api.w.org\/{rel}","templated":true}]}}