{"id":324608,"date":"2025-08-17T09:48:29","date_gmt":"2025-08-17T09:48:29","guid":{"rendered":"https:\/\/www.europesays.com\/fr\/324608\/"},"modified":"2025-08-17T09:48:29","modified_gmt":"2025-08-17T09:48:29","slug":"mike-davis-jr-derniere-recrue-strasbourgeoise","status":"publish","type":"post","link":"https:\/\/www.europesays.com\/fr\/324608\/","title":{"rendered":"Mike Davis Jr. derni\u00e8re recrue strasbourgeoise !"},"content":{"rendered":"<p class=\"text-align-justify chapo\"><strong>La SIG Strasbourg est fi\u00e8re d\u2019annoncer la signature de l\u2019arri\u00e8re am\u00e9ricain Michael Jerome Davis Jr. (29 ans \u2013 1m93), un joueur exp\u00e9riment\u00e9 au parcours atypique, qui vient cl\u00f4turer l\u2019effectif pour la saison 2025-2026.<\/strong><\/p>\n<p>Surnomm\u00e9 \u00ab Mike \u00bb, Michael Jerome Davis Jr. a eu un parcours aussi riche que singulier. Form\u00e9 aux \u00c9tats-Unis, il a d\u00e9but\u00e9 sa carri\u00e8re professionnelle en Irlande avec les Belfast Star lors de la saison 2018-2019. Cette premi\u00e8re exp\u00e9rience europ\u00e9enne lui a permis de prendre confiance \u00e0 l\u2019international, posant les bases d\u2019un parcours qui allait le mener aux quatre coins du continent.<br \/>\nL\u2019ann\u00e9e suivante, il a rejoint les Greensboro Swarm, \u00e9quipe affili\u00e9e \u00e0 la franchise NBA des Charlotte Hornets en G-League. Rapidement, il a repris la direction de l\u2019Europe pour terminer cette saison 2019-2020 en G\u00e9orgie, avec les Rashi Tbilisi.<br \/>\nS\u00e9duit par cette premi\u00e8re immersion sur le Vieux Continent, il a d\u00e9cid\u00e9 de prolonger l\u2019aventure g\u00e9orgienne en 2020-2021, cette fois avec l\u2019\u00e9quipe des Rustavi. C\u2019est lors de la saison suivante que sa carri\u00e8re a pris une autre dimension.<br \/>\nEn 2021-2022, il a sillonn\u00e9 le continent et a encha\u00een\u00e9 trois championnats diff\u00e9rents. Il a commenc\u00e9 en Ukraine avec le Kharkivsky Sokoly, o\u00f9 il a impressionn\u00e9 avec des moyennes de <strong>19,8 points<\/strong>, <strong>3,8 rebonds<\/strong>, <strong>3,5 passes d\u00e9cisives<\/strong> pour <strong>16,9 d\u2019\u00e9valuation<\/strong> en 25 matchs. Il a ensuite termin\u00e9 cette saison en Pologne puis en Gr\u00e8ce, confirmant sa capacit\u00e9 d\u2019adaptation et son impact imm\u00e9diat partout o\u00f9 il est pass\u00e9.<br \/>\nLors de la saison 2022-2023, Mike Davis a poursuivi sa route en Russie, o\u00f9 il a port\u00e9 les couleurs du Runa Basket Moscow. Une exp\u00e9rience dans un championnat physique et exigeant, qui a contribu\u00e9 \u00e0 forger encore un peu plus son profil complet et son mental de comp\u00e9titeur.<br \/>\nIl a ensuite sign\u00e9 un retour remarqu\u00e9 en 2023-2024, cette fois en Turquie, avec l\u2019\u00e9quipe r\u00e9serve de l\u2019un des plus grands clubs europ\u00e9ens : le Fenerbah\u00e7e. Il y a r\u00e9alis\u00e9 sa meilleure saison individuelle, terminant l\u2019exercice avec des moyennes de <strong>25,3 points<\/strong>, <strong>5,3 rebonds<\/strong>, <strong>4,9 passes d\u00e9cisives<\/strong> pour une \u00e9valuation de <strong>23,2<\/strong>.<br \/>\nSon efficacit\u00e9 offensive, son agressivit\u00e9 balle en main et sa capacit\u00e9 \u00e0 peser dans tous les compartiments du jeu ont fait de lui l\u2019un des joueurs les plus complets de la ligue. Il y a \u00e9galement affirm\u00e9 un vrai leadership, en \u00e9tant r\u00e9guli\u00e8rement d\u00e9cisif dans les fins de matchs.<br \/>\nLa saison derni\u00e8re, Mike Davis a poursuivi son tour d\u2019Europe en rejoignant W\u00fcrzburg en Allemagne, avant de terminer l\u2019ann\u00e9e avec Hapoel Holon, club engag\u00e9 en Basketball Champions League.<br \/>\nDans ce contexte de tr\u00e8s haut niveau europ\u00e9en, il a montr\u00e9 une belle r\u00e9gularit\u00e9 en sortie de banc, contribuant aux succ\u00e8s de son \u00e9quipe avec des moyennes de <strong>14,4 points<\/strong>, <strong>3,3 rebonds<\/strong>, <strong>2,1 passes d\u00e9cisives<\/strong>, pour <strong>12,6 d\u2019\u00e9valuation<\/strong>. Ce passage en Isra\u00ebl lui a permis d\u2019\u00e9voluer dans un cadre structur\u00e9 face \u00e0 des adversaires de calibre europ\u00e9en, une exp\u00e9rience pr\u00e9cieuse qu\u2019il apporte d\u00e9sormais avec lui \u00e0 Strasbourg.<br \/>\n\u00c0 29 ans, Mike Davis est un joueur au caract\u00e8re affirm\u00e9, habitu\u00e9 aux challenges et reconnu pour sa capacit\u00e9 \u00e0 prendre ses responsabilit\u00e9s dans les moments importants. V\u00e9ritable dynamiteur offensif, capable de scorer, de distribuer le jeu ou d\u2019apporter de l\u2019intensit\u00e9 d\u00e9fensive, il arrive \u00e0 Strasbourg avec une envie claire : s\u2019imposer comme un pilier du groupe et aider l\u2019\u00e9quipe \u00e0 franchir un cap.<br \/>\nLa SIG Strasbourg se r\u00e9jouit de l\u2019arriv\u00e9e d\u2019un joueur aussi complet, qui saura s\u2019int\u00e9grer rapidement dans le collectif. Son exp\u00e9rience des championnats europ\u00e9ens et son niveau de jeu confirm\u00e9 sur la sc\u00e8ne continentale viennent renforcer les ambitions du club pour cette saison 2025-2026.<br \/>\nLe Directeur sportif, <strong>Nicola Alberani<\/strong>, commente la signature\u00a0: \u00ab\u00a0Nous pensons que Mike Davis est un joueur parfaitement compl\u00e9mentaire de notre ligne arri\u00e8re. Il dispose d\u2019un excellent tir \u00e0 trois points, peut \u00e9voluer \u00e0 la m\u00e8ne comme au poste 3, et apporte une vraie polyvalence. C\u2019est un joueur d\u2019exp\u00e9rience. Nous avons consenti un petit effort pour l\u2019int\u00e9grer dans un effectif jeune, avec l\u2019id\u00e9e d\u2019avoir deux arri\u00e8res exp\u00e9riment\u00e9s aux c\u00f4t\u00e9s de Marcus Keene. Je suis convaincu qu\u2019une belle alchimie va na\u00eetre entre eux, et qu\u2019ils s\u2019int\u00e9greront tout aussi bien avec Adama, JB Maille et notre poste 3. Mike coche de nombreuses cases, et je vois son passage \u00e0 Strasbourg comme une saison de cons\u00e9cration dans sa carri\u00e8re. C\u2019est un joueur tr\u00e8s complet, capable d\u2019\u00eatre un v\u00e9ritable facteur d\u00e9cisif en Betclic ELITE. D\u00e8s la semaine prochaine, nous allons pouvoir travailler avec le groupe au complet. Nous avons h\u00e2te de d\u00e9couvrir le potentiel de cet effectif 2025\/2026, compos\u00e9 de joueurs talentueux, adroits, athl\u00e9tiques, avec un bel \u00e9quilibre entre jeunesse et exp\u00e9rience.\u00a0\u00bb<br \/>\nLes mots du coach, <strong>J\u0101nis Gail\u012btis<\/strong> : \u00ab\u00a0Mike Davis est une arme offensive redoutable. Gr\u00e2ce \u00e0 sa port\u00e9e de tir illimit\u00e9e et \u00e0 sa mentalit\u00e9 de scoreur, il rend la vie beaucoup plus facile \u00e0 ses co\u00e9quipiers. Il est capable non seulement de marquer, mais aussi de cr\u00e9er et de g\u00e9n\u00e9rer des opportunit\u00e9s pour les autres. C\u2019est une menace offensive majeure, un comp\u00e9titeur qui aime se d\u00e9passer et s\u2019impliquer des deux c\u00f4t\u00e9s du terrain. Nous attendons de lui un vrai r\u00f4le de leader au sein de l\u2019\u00e9quipe. Sans aucun doute, il fera partie des joueurs les plus excitants \u00e0 suivre cette saison.\u00a0\u00bb<br \/>\n\u00a0<br \/>\nBienvenue \u00e0 Strasbourg, Mike !<\/p>\n<p class=\"text-align-center\">\u00a0<\/p>\n","protected":false},"excerpt":{"rendered":"La SIG Strasbourg est fi\u00e8re d\u2019annoncer la signature de l\u2019arri\u00e8re am\u00e9ricain Michael Jerome Davis Jr. (29 ans \u2013&hellip;\n","protected":false},"author":2,"featured_media":324609,"comment_status":"","ping_status":"","sticky":false,"template":"","format":"standard","meta":{"footnotes":""},"categories":[2820],"tags":[1111,11,3146,1777,674,1011,27,775,3145,12,25,3144,640],"class_list":{"0":"post-324608","1":"post","2":"type-post","3":"status-publish","4":"format-standard","5":"has-post-thumbnail","7":"category-strasbourg","8":"tag-actu","9":"tag-actualites","10":"tag-betclic-elite","11":"tag-eu","12":"tag-europe","13":"tag-fr","14":"tag-france","15":"tag-grand-est","16":"tag-lnb","17":"tag-news","18":"tag-republique-francaise","19":"tag-sig","20":"tag-strasbourg"},"share_on_mastodon":{"url":"https:\/\/pubeurope.com\/@fr\/115043480551405329","error":""},"_links":{"self":[{"href":"https:\/\/www.europesays.com\/fr\/wp-json\/wp\/v2\/posts\/324608","targetHints":{"allow":["GET"]}}],"collection":[{"href":"https:\/\/www.europesays.com\/fr\/wp-json\/wp\/v2\/posts"}],"about":[{"href":"https:\/\/www.europesays.com\/fr\/wp-json\/wp\/v2\/types\/post"}],"author":[{"embeddable":true,"href":"https:\/\/www.europesays.com\/fr\/wp-json\/wp\/v2\/users\/2"}],"replies":[{"embeddable":true,"href":"https:\/\/www.europesays.com\/fr\/wp-json\/wp\/v2\/comments?post=324608"}],"version-history":[{"count":0,"href":"https:\/\/www.europesays.com\/fr\/wp-json\/wp\/v2\/posts\/324608\/revisions"}],"wp:featuredmedia":[{"embeddable":true,"href":"https:\/\/www.europesays.com\/fr\/wp-json\/wp\/v2\/media\/324609"}],"wp:attachment":[{"href":"https:\/\/www.europesays.com\/fr\/wp-json\/wp\/v2\/media?parent=324608"}],"wp:term":[{"taxonomy":"category","embeddable":true,"href":"https:\/\/www.europesays.com\/fr\/wp-json\/wp\/v2\/categories?post=324608"},{"taxonomy":"post_tag","embeddable":true,"href":"https:\/\/www.europesays.com\/fr\/wp-json\/wp\/v2\/tags?post=324608"}],"curies":[{"name":"wp","href":"https:\/\/api.w.org\/{rel}","templated":true}]}}