{"id":324612,"date":"2025-08-17T09:52:37","date_gmt":"2025-08-17T09:52:37","guid":{"rendered":"https:\/\/www.europesays.com\/fr\/324612\/"},"modified":"2025-08-17T09:52:37","modified_gmt":"2025-08-17T09:52:37","slug":"certains-sont-loin-du-compte-franck-haise-en-colere-nice-deja-en-crise-apres-sa-troisieme-defaite-de-suite","status":"publish","type":"post","link":"https:\/\/www.europesays.com\/fr\/324612\/","title":{"rendered":"\u00ab Certains sont loin du compte \u00bb : Franck Haise en col\u00e8re, Nice d\u00e9j\u00e0 en crise apr\u00e8s sa troisi\u00e8me d\u00e9faite de suite"},"content":{"rendered":"<p class=\"paragraph text_align_left lp-f-body-02\">La saison vient tout juste de d\u00e9buter et Nice s\u2019enfonce d\u00e9j\u00e0 dans la crise. Apr\u00e8s une <a href=\"https:\/\/www.leparisien.fr\/sports\/football\/ligue-des-champions\/benfica-nice-un-exploit-pour-entretenir-le-reve-de-ligue-des-champions-11-08-2025-H7XIGXEWJVC3PFVYKLWQMHIIGM.php\" target=\"_self\" rel=\"nofollow noopener\">double confrontation inexistante contre Benfica<\/a> en tour pr\u00e9liminaire de Ligue des champions (deux d\u00e9faites 2-0), les Aiglons se sont \u00e0 nouveau inclin\u00e9s contre Toulouse (0-1) samedi lors de leur entr\u00e9e en lice en championnat.<\/p>\n<p class=\"paragraph text_align_left lp-f-body-02\">Insipides, les Ni\u00e7ois ont encha\u00een\u00e9 une troisi\u00e8me d\u00e9faite en autant de matches cette saison pour la premi\u00e8re fois depuis la saison 1965\/1966. \u00ab D\u00e9\u00e7u parce qu\u2019on a r\u00e9ussi \u00e0 montrer un autre visage en deuxi\u00e8me p\u00e9riode, qui nous ressemble plus. On a mis plus d\u2019intensit\u00e9 et sur la seule occasion qu\u2019on subie, on prend ce but et on perd ce match. Il nous a manqu\u00e9 l\u2019efficacit\u00e9 dans les deux surfaces. Forc\u00e9ment \u00e7a fait mal, on est d\u00e9go\u00fbt\u00e9s \u00bb, a expliqu\u00e9 Yehvann Diouf sur Ligue 1+.<\/p>\n<blockquote class=\"twitter-tweet\">\n<p lang=\"fr\" dir=\"ltr\">3 &#8211; Nice s&rsquo;est inclin\u00e9 lors de ses 3 premiers matches d&rsquo;une saison toutes comp\u00e9titions confondues pour la 2e fois seulement de son histoire apr\u00e8s 1965\/66. Il faut \u00e9galement remonter \u00e0 ce m\u00eame exercice pour retrouver une saison des Aiglons lanc\u00e9e par trois matches sans but. Muets. <a href=\"https:\/\/t.co\/9dkLPVwYH8\" rel=\"nofollow\">pic.twitter.com\/9dkLPVwYH8<\/a><\/p>\n<p>\u2014 OptaJean (@OptaJean) <a href=\"https:\/\/twitter.com\/OptaJean\/status\/1956824344652345596?ref_src=twsrc%5Etfw\" rel=\"nofollow noopener\" target=\"_blank\">August 16, 2025<\/a><\/p><\/blockquote>\n<p>Franck Haise pousse un coup de gueule<\/p>\n<p class=\"paragraph text_align_left lp-f-body-02\">Un ressenti partag\u00e9 \u00e9galement par Franck Haise. Pr\u00e9sent en conf\u00e9rence de presse apr\u00e8s le match, <a href=\"https:\/\/www.leparisien.fr\/sports\/football\/ligue-des-champions\/ils-sont-plus-forts-que-nous-le-constat-de-lentraineur-de-nice-franck-haise-apres-la-defaite-contre-benfica-07-08-2025-PNCEUL3K5JBQZFM2ELQL5ZYVCI.php\" target=\"_self\" rel=\"nofollow noopener\">l\u2019entra\u00eeneur ni\u00e7ois<\/a> a point\u00e9 du doigt l\u2019attitude g\u00e9n\u00e9rale : \u00ab On n\u2019est pas au mieux. Sur la premi\u00e8re p\u00e9riode, il nous a manqu\u00e9 beaucoup de choses. C\u2019est insuffisant techniquement, mais c\u2019est aussi insuffisant dans l\u2019investissement g\u00e9n\u00e9ral. Certains sont tr\u00e8s loin du compte. \u00bb<\/p>\n<p class=\"paragraph text_align_left lp-f-body-02\">\u00ab Perdre des matchs ce n\u2019est pas un probl\u00e8me, tant que ce n\u2019est pas beaucoup. C\u2019est surtout ce que l\u2019on doit mettre dans un match. On sait qu\u2019on manque de joueurs et qu\u2019il y a des bless\u00e9s, mais ceux qui sont sur le terrain doivent amener plus. C\u2019est la base. (&#8230;) Le minimum syndical, c\u2019est un investissement sans faille de la premi\u00e8re \u00e0 la derni\u00e8re seconde. Je me suis interrog\u00e9 si je ne changeais pas 3 ou 4 joueurs \u00e0 la mi-temps \u00bb a-t-il encha\u00een\u00e9. De quoi mettre une bonne ambiance dans le vestiaire.<\/p>\n<p><script async src=\"https:\/\/platform.twitter.com\/widgets.js\" charset=\"utf-8\"><\/script><\/p>\n","protected":false},"excerpt":{"rendered":"La saison vient tout juste de d\u00e9buter et Nice s\u2019enfonce d\u00e9j\u00e0 dans la crise. Apr\u00e8s une double confrontation&hellip;\n","protected":false},"author":2,"featured_media":324613,"comment_status":"","ping_status":"","sticky":false,"template":"","format":"standard","meta":{"footnotes":""},"categories":[2819],"tags":[1111,11,1777,674,63,1011,27,66,12,2401,882,25,60],"class_list":{"0":"post-324612","1":"post","2":"type-post","3":"status-publish","4":"format-standard","5":"has-post-thumbnail","7":"category-nice","8":"tag-actu","9":"tag-actualites","10":"tag-eu","11":"tag-europe","12":"tag-football","13":"tag-fr","14":"tag-france","15":"tag-ligue-1","16":"tag-news","17":"tag-nice","18":"tag-provence-alpes-cote-dazur","19":"tag-republique-francaise","20":"tag-sports"},"share_on_mastodon":{"url":"https:\/\/pubeurope.com\/@fr\/115043496329692349","error":""},"_links":{"self":[{"href":"https:\/\/www.europesays.com\/fr\/wp-json\/wp\/v2\/posts\/324612","targetHints":{"allow":["GET"]}}],"collection":[{"href":"https:\/\/www.europesays.com\/fr\/wp-json\/wp\/v2\/posts"}],"about":[{"href":"https:\/\/www.europesays.com\/fr\/wp-json\/wp\/v2\/types\/post"}],"author":[{"embeddable":true,"href":"https:\/\/www.europesays.com\/fr\/wp-json\/wp\/v2\/users\/2"}],"replies":[{"embeddable":true,"href":"https:\/\/www.europesays.com\/fr\/wp-json\/wp\/v2\/comments?post=324612"}],"version-history":[{"count":0,"href":"https:\/\/www.europesays.com\/fr\/wp-json\/wp\/v2\/posts\/324612\/revisions"}],"wp:featuredmedia":[{"embeddable":true,"href":"https:\/\/www.europesays.com\/fr\/wp-json\/wp\/v2\/media\/324613"}],"wp:attachment":[{"href":"https:\/\/www.europesays.com\/fr\/wp-json\/wp\/v2\/media?parent=324612"}],"wp:term":[{"taxonomy":"category","embeddable":true,"href":"https:\/\/www.europesays.com\/fr\/wp-json\/wp\/v2\/categories?post=324612"},{"taxonomy":"post_tag","embeddable":true,"href":"https:\/\/www.europesays.com\/fr\/wp-json\/wp\/v2\/tags?post=324612"}],"curies":[{"name":"wp","href":"https:\/\/api.w.org\/{rel}","templated":true}]}}