{"id":324615,"date":"2025-08-17T09:56:14","date_gmt":"2025-08-17T09:56:14","guid":{"rendered":"https:\/\/www.europesays.com\/fr\/324615\/"},"modified":"2025-08-17T09:56:14","modified_gmt":"2025-08-17T09:56:14","slug":"nantes-psg-le-groupe-parisien-toujours-sans-donnarumma-mais-avec-zabarnyi","status":"publish","type":"post","link":"https:\/\/www.europesays.com\/fr\/324615\/","title":{"rendered":"Nantes-PSG : le groupe parisien toujours sans Donnarumma mais avec Zabarnyi"},"content":{"rendered":"<p class=\"paragraph text_align_left lp-f-body-02\">Pas de surprise dans le groupe retenu par Luis Enrique pour le d\u00e9placement \u00e0 Nantes, dimanche soir en conclusion de la premi\u00e8re journ\u00e9e de Ligue 1. Si Gianluigi Donnarumma est logiquement toujours \u00e9cart\u00e9 du groupe et <a href=\"https:\/\/www.leparisien.fr\/sports\/football\/psg\/une-partie-de-lhistoire-a-ete-donnee-seulement-dans-le-secret-du-divorce-entre-le-psg-et-donnarumma-15-08-2025-XF6QX6ZDPJDLFBR6L3ZNBRED5E.php\" target=\"_blank\" rel=\"noreferrer nofollow noopener\">invit\u00e9 \u00e0 se trouver un nouveau club d\u2019ici la fin du mercato<\/a>, le d\u00e9fenseur central ukrainien Illia Zabarnyi fait sa premi\u00e8re apparition, apr\u00e8s avoir simplement accompagn\u00e9 l\u2019\u00e9quipe \u00e0 Udine mercredi pour la Supercoupe d\u2019Europe.<\/p>\n<p class=\"paragraph text_align_left lp-f-body-02\">Il est tr\u00e8s probable que l\u2019ancien joueur de Bournemouth <a href=\"https:\/\/www.leparisien.fr\/sports\/football\/ligue-1\/nantes-psg-lequipe-probable-parisienne-avec-les-titularisations-attendues-de-zabarnyi-et-ramos-16-08-2025-ERWQNFHY75C75JJJVVTFBOUJFA.php\" target=\"_blank\" rel=\"noreferrer nofollow noopener\">fasse ses premiers pas<\/a> sous le maillot parisien ce dimanche soir \u00e0 La Beaujoire, pourquoi pas en tant que titulaire, Luis Enrique ayant pour objectif de profiter des premiers matchs de Ligue 1 pour faire tourner son effectif et faire monter en puissance l\u2019ensemble de l\u2019\u00e9quipe d\u2019ici \u00e0 la mi-septembre et le d\u00e9but de la phase de poules de Ligue des champions.<\/p>\n<p><img decoding=\"async\" class=\"image \" loading=\"lazy\" src=\"https:\/\/www.europesays.com\/fr\/wp-content\/uploads\/2025\/08\/2HQQ4QPGX5CC5G6IBNQYLCBJZI.jpg\" alt=\"\" align=\"\" data-rubrique-principale=\"\" data-article-type=\"\" fetchpriority=\"auto\"\/><\/p>\n<p class=\"paragraph text_align_left lp-f-body-02\">Parmi les autres absents \u00e0 signaler, Senny Mayulu et Presnel Kimpembe soignent toujours une blessure pendant que Joao Neves purge son dernier match de suspension apr\u00e8s son exclusion en finale de la Coupe du monde des clubs.<\/p>\n","protected":false},"excerpt":{"rendered":"Pas de surprise dans le groupe retenu par Luis Enrique pour le d\u00e9placement \u00e0 Nantes, dimanche soir en&hellip;\n","protected":false},"author":2,"featured_media":324616,"comment_status":"","ping_status":"","sticky":false,"template":"","format":"standard","meta":{"footnotes":""},"categories":[2818],"tags":[1111,11,1777,674,63,1011,27,766,12,2636,93,25,60],"class_list":{"0":"post-324615","1":"post","2":"type-post","3":"status-publish","4":"format-standard","5":"has-post-thumbnail","7":"category-nantes","8":"tag-actu","9":"tag-actualites","10":"tag-eu","11":"tag-europe","12":"tag-football","13":"tag-fr","14":"tag-france","15":"tag-nantes","16":"tag-news","17":"tag-pays-de-la-loire","18":"tag-psg","19":"tag-republique-francaise","20":"tag-sports"},"share_on_mastodon":{"url":"https:\/\/pubeurope.com\/@fr\/115043512603474200","error":""},"_links":{"self":[{"href":"https:\/\/www.europesays.com\/fr\/wp-json\/wp\/v2\/posts\/324615","targetHints":{"allow":["GET"]}}],"collection":[{"href":"https:\/\/www.europesays.com\/fr\/wp-json\/wp\/v2\/posts"}],"about":[{"href":"https:\/\/www.europesays.com\/fr\/wp-json\/wp\/v2\/types\/post"}],"author":[{"embeddable":true,"href":"https:\/\/www.europesays.com\/fr\/wp-json\/wp\/v2\/users\/2"}],"replies":[{"embeddable":true,"href":"https:\/\/www.europesays.com\/fr\/wp-json\/wp\/v2\/comments?post=324615"}],"version-history":[{"count":0,"href":"https:\/\/www.europesays.com\/fr\/wp-json\/wp\/v2\/posts\/324615\/revisions"}],"wp:featuredmedia":[{"embeddable":true,"href":"https:\/\/www.europesays.com\/fr\/wp-json\/wp\/v2\/media\/324616"}],"wp:attachment":[{"href":"https:\/\/www.europesays.com\/fr\/wp-json\/wp\/v2\/media?parent=324615"}],"wp:term":[{"taxonomy":"category","embeddable":true,"href":"https:\/\/www.europesays.com\/fr\/wp-json\/wp\/v2\/categories?post=324615"},{"taxonomy":"post_tag","embeddable":true,"href":"https:\/\/www.europesays.com\/fr\/wp-json\/wp\/v2\/tags?post=324615"}],"curies":[{"name":"wp","href":"https:\/\/api.w.org\/{rel}","templated":true}]}}