{"id":324617,"date":"2025-08-17T09:57:15","date_gmt":"2025-08-17T09:57:15","guid":{"rendered":"https:\/\/www.europesays.com\/fr\/324617\/"},"modified":"2025-08-17T09:57:15","modified_gmt":"2025-08-17T09:57:15","slug":"la-nouvelle-aquitaine-fait-partie-des-mauvais-eleves-de-leconomie-francaise-sur-ce-debut-dannee-2025-avec-notamment-un-tourisme-en-recul-de-15-a-bordeaux","status":"publish","type":"post","link":"https:\/\/www.europesays.com\/fr\/324617\/","title":{"rendered":"La Nouvelle-Aquitaine fait partie des \u00ab\u00a0mauvais \u00e9l\u00e8ves\u00a0\u00bb de l&rsquo;\u00e9conomie fran\u00e7aise sur ce d\u00e9but d&rsquo;ann\u00e9e 2025 avec notamment un tourisme en recul de 15% \u00e0 Bordeaux"},"content":{"rendered":"<p>En Nouvelle-Aquitaine, le d\u00e9but de l\u2019ann\u00e9e a eu l\u2019amertume d\u2019un caf\u00e9 trop serr\u00e9. Les chiffres publi\u00e9s par l\u2019Insee annoncent la couleur : l\u2019activit\u00e9 s\u2019affaisse, l\u2019emploi patine et m\u00eame le tourisme, habituellement pilier de la r\u00e9gion, accuse le coup. R\u00e9sultat, la dynamique \u00e9conomique locale se rapproche davantage d\u2019un moteur au point mort que d\u2019une r\u00e9gion en pleine expansion.<\/p>\n<p>Le contraste est d\u2019autant plus frappant que la zone euro semblait donner quelques signes de reprise. Tandis que le commerce mondial reprenait un peu d\u2019\u00e9lan, la France restait scotch\u00e9e au sol, avec une croissance nationale attendue \u00e0 seulement +0,6 % en 2025. La Nouvelle-Aquitaine, elle, s\u2019inscrit m\u00eame en dessous de cette tendance.<\/p>\n<p>Lire aussi :<\/p>\n<p>La Nouvelle-Aquitaine dans la tendance nationale sur le premier trimestre 2025<\/p>\n<p>Le chiffre est simple : au premier trimestre 2025, l\u2019activit\u00e9 r\u00e9gionale recule de <strong>0,8 %<\/strong> par rapport \u00e0 l\u2019an dernier, un cran de plus que la moyenne fran\u00e7aise qui plafonne \u00e0 -0,6 %. L\u2019\u00e9pargne des m\u00e9nages grimpe \u00e0 des niveaux jamais atteints depuis 45 ans, et la consommation, moteur habituel de la croissance, reste au r\u00e9gime sec.<\/p>\n<p>Tous les secteurs trinquent, de la construction au tertiaire. Cette homog\u00e9n\u00e9it\u00e9 dans le repli donne un tableau assez sombre : pas de secteur \u00ab locomotive \u00bb capable de tirer la r\u00e9gion, \u00e0 l\u2019exception de quelques niches industrielles qui sauvent la face.<\/p>\n<p>La construction dans le mur<\/p>\n<p>Depuis plusieurs trimestres d\u00e9j\u00e0, le secteur du b\u00e2timent perd ses fondations. En ce d\u00e9but d\u2019ann\u00e9e, la chute s\u2019acc\u00e9l\u00e8re avec un repli de <strong>-2,6 %<\/strong> sur un an. Les chantiers de logements d\u00e9marrent moins : -4,6 %, dont -6,2 % pour le collectif. C\u2019est simple, plus d\u2019un millier d\u2019emplois salari\u00e9s se sont volatilis\u00e9s en trois mois.<\/p>\n<p>Les cr\u00e9ations d\u2019entreprises ne redressent pas la barre. Elles reculent de 2,9 %, preuve que l\u2019app\u00e9tit pour se lancer dans ce secteur diminue. Les grues qui rythmaient jadis le ciel de Bordeaux ou de Poitiers marquent une pause inqui\u00e9tante.<\/p>\n<p>L\u2019industrie, entre sursauts et replis<\/p>\n<p>On pourrait croire que l\u2019industrie r\u00e9gionale, souvent mise en avant pour son dynamisme dans l\u2019a\u00e9ronautique ou les \u00e9nergies, r\u00e9sisterait. Pourtant, elle aussi encaisse : <strong>-0,7 %<\/strong> d\u2019activit\u00e9 sur un an, soit le plus fort recul depuis quatre ans.<\/p>\n<p>Tout n\u2019est pas noir. La fabrication de mat\u00e9riels de transport gagne 2,2 % et la gestion de l\u2019\u00e9nergie avance de 1,3 %. Des poches de r\u00e9sistance existent, mais elles ne compensent pas la morosit\u00e9 ambiante. Les cr\u00e9ations d\u2019entreprises plongent de 4,1 %, bien en de\u00e7\u00e0 de la moyenne nationale d\u00e9j\u00e0 mal orient\u00e9e.<\/p>\n<p>Un tertiaire qui perd son ressort<\/p>\n<p>Le tertiaire repr\u00e9sente la majorit\u00e9 des emplois r\u00e9gionaux, et son repli p\u00e8se lourd : -0,6 %. Dans le d\u00e9tail, les contrastes sont marqu\u00e9s.<\/p>\n<ul>&#13;<\/p>\n<li>Le commerce recule de 1 %, m\u00eame si l\u2019emploi r\u00e9siste encore.<\/li>\n<p>&#13;<\/p>\n<li>L\u2019immobilier se prend un mur avec -3,4 %.<\/li>\n<p>&#13;<\/p>\n<li>L\u2019information et la communication perdent 3,7 % et environ 200 emplois.<\/li>\n<p>&#13;<\/p>\n<li>Seuls les services financiers (+1,1 %) et les activit\u00e9s scientifiques arrivent \u00e0 cr\u00e9er un peu d\u2019emploi.<\/li>\n<p>&#13;<\/p>\n<li>L\u2019h\u00e9bergement-restauration reste stable, malgr\u00e9 une baisse de 0,5 % des effectifs.<\/li>\n<p>&#13;\n<\/ul>\n<p>Bref, le grand secteur des services se retrouve \u00e0 bout de souffle, incapable de compenser les faiblesses des autres.<\/p>\n<p>Emploi et ch\u00f4mage : le fragile \u00e9quilibre<\/p>\n<p>L\u2019emploi salari\u00e9 r\u00e9gional recule l\u00e9g\u00e8rement : -0,1 %, soit 2 900 postes supprim\u00e9s. Dans un oc\u00e9an de mauvaises nouvelles, certains se rassureront en constatant que l\u2019impact reste limit\u00e9. Le taux de ch\u00f4mage, lui, remonte \u00e0 <strong>6,6 %<\/strong>, toujours en dessous de la moyenne nationale fix\u00e9e \u00e0 7,2 %.<\/p>\n<p>Cet \u00e9quilibre tient gr\u00e2ce aux embauches dans le secteur non marchand, qui compensent en partie la casse dans le b\u00e2timent et l\u2019int\u00e9rim. On pourrait presque parler de statu quo, si la tendance ne donnait pas l\u2019impression d\u2019une digue fragile pr\u00eate \u00e0 c\u00e9der.<\/p>\n<p>Tourisme et entreprises : deux moteurs en panne<\/p>\n<p>La fr\u00e9quentation h\u00f4teli\u00e8re r\u00e9gionale d\u00e9croche s\u00e9v\u00e8rement : <strong>-4 %<\/strong> en un an, deux fois plus que la moyenne nationale. Les nuit\u00e9es fran\u00e7aises reculent, en particulier pour les voyages d\u2019affaires : -11 %. \u00c0 Bordeaux, la chute atteint -15 %. Le tourisme \u00e9tranger n\u2019arrange rien, avec un effondrement des client\u00e8les britanniques (-56 %) et espagnoles (-26 %). Seuls les Am\u00e9ricains affichent un enthousiasme inattendu, presque doubl\u00e9, mais leur poids reste minime.<\/p>\n<p>C\u00f4t\u00e9 entrepreneuriat, la tendance n\u2019est pas plus r\u00e9jouissante. Les cr\u00e9ations d\u2019entreprises baissent de 1 %, et m\u00eame les micro-entrepreneurs, qui avaient port\u00e9 le rebond fin 2024, s\u2019essoufflent (-0,9 %). L\u2019industrie et la construction, d\u00e9j\u00e0 sous pression, figurent parmi les plus touch\u00e9es.<\/p>\n<p>Perspectives : un horizon encore brumeux<\/p>\n<p>L\u2019Insee pr\u00e9vient : l\u2019\u00e9conomie fran\u00e7aise restera poussive en 2025 avec une progression attendue de seulement 0,2 % par trimestre. Le ch\u00f4mage, lui, devrait poursuivre sa lente remont\u00e9e. Pour la Nouvelle-Aquitaine, les prochains mois s\u2019annoncent d\u00e9terminants.<\/p>\n<p>Les moteurs traditionnels \u2013 consommation, construction, tourisme \u2013 sont gripp\u00e9s. Si reprise il y a, elle viendra peut-\u00eatre des poches de r\u00e9sistance industrielles ou de l\u2019innovation dans les services financiers et scientifiques. En attendant, la r\u00e9gion traverse une p\u00e9riode o\u00f9 les signaux de red\u00e9marrage se font rares, et o\u00f9 la prudence s\u2019impose plus que jamais.<\/p>\n<p>Source :\u00a0https:\/\/www.insee.fr\/fr\/statistiques\/8590017<\/p>\n","protected":false},"excerpt":{"rendered":"En Nouvelle-Aquitaine, le d\u00e9but de l\u2019ann\u00e9e a eu l\u2019amertume d\u2019un caf\u00e9 trop serr\u00e9. Les chiffres publi\u00e9s par l\u2019Insee&hellip;\n","protected":false},"author":2,"featured_media":324618,"comment_status":"","ping_status":"","sticky":false,"template":"","format":"standard","meta":{"footnotes":""},"categories":[2817],"tags":[1111,11,1997,1777,674,1011,27,12,2219,25],"class_list":{"0":"post-324617","1":"post","2":"type-post","3":"status-publish","4":"format-standard","5":"has-post-thumbnail","7":"category-bordeaux","8":"tag-actu","9":"tag-actualites","10":"tag-bordeaux","11":"tag-eu","12":"tag-europe","13":"tag-fr","14":"tag-france","15":"tag-news","16":"tag-nouvelle-aquitaine","17":"tag-republique-francaise"},"share_on_mastodon":{"url":"https:\/\/pubeurope.com\/@fr\/115043516094381191","error":""},"_links":{"self":[{"href":"https:\/\/www.europesays.com\/fr\/wp-json\/wp\/v2\/posts\/324617","targetHints":{"allow":["GET"]}}],"collection":[{"href":"https:\/\/www.europesays.com\/fr\/wp-json\/wp\/v2\/posts"}],"about":[{"href":"https:\/\/www.europesays.com\/fr\/wp-json\/wp\/v2\/types\/post"}],"author":[{"embeddable":true,"href":"https:\/\/www.europesays.com\/fr\/wp-json\/wp\/v2\/users\/2"}],"replies":[{"embeddable":true,"href":"https:\/\/www.europesays.com\/fr\/wp-json\/wp\/v2\/comments?post=324617"}],"version-history":[{"count":0,"href":"https:\/\/www.europesays.com\/fr\/wp-json\/wp\/v2\/posts\/324617\/revisions"}],"wp:featuredmedia":[{"embeddable":true,"href":"https:\/\/www.europesays.com\/fr\/wp-json\/wp\/v2\/media\/324618"}],"wp:attachment":[{"href":"https:\/\/www.europesays.com\/fr\/wp-json\/wp\/v2\/media?parent=324617"}],"wp:term":[{"taxonomy":"category","embeddable":true,"href":"https:\/\/www.europesays.com\/fr\/wp-json\/wp\/v2\/categories?post=324617"},{"taxonomy":"post_tag","embeddable":true,"href":"https:\/\/www.europesays.com\/fr\/wp-json\/wp\/v2\/tags?post=324617"}],"curies":[{"name":"wp","href":"https:\/\/api.w.org\/{rel}","templated":true}]}}