{"id":324619,"date":"2025-08-17T09:58:15","date_gmt":"2025-08-17T09:58:15","guid":{"rendered":"https:\/\/www.europesays.com\/fr\/324619\/"},"modified":"2025-08-17T09:58:15","modified_gmt":"2025-08-17T09:58:15","slug":"national-2-a-bordeaux-et-saint-malo-au-petit-trot","status":"publish","type":"post","link":"https:\/\/www.europesays.com\/fr\/324619\/","title":{"rendered":"National 2 A. Bordeaux et Saint-Malo au petit trot"},"content":{"rendered":"<p><img loading=\"lazy\" decoding=\"async\" width=\"696\" height=\"464\" class=\"lazyload entry-thumb\" src=\"https:\/\/www.europesays.com\/fr\/wp-content\/uploads\/2025\/08\/National-2-J1-Bordeaux-Avranches-696x464.jpg\" alt=\"National 2 J1 Bordeaux - Avranches\" title=\"National 2 J1 Bordeaux - Avranches\"\/>Les Bordelais ont but\u00e9 sur Avranches lors de la premi\u00e8re journ\u00e9e. (Photo Fred Braz)<\/p>\n<p style=\"font-size:20px\"><strong>Parmi les favoris de groupe A, Bordeaux et Saint-Malo ont conc\u00e9d\u00e9 le nul \u00e0 domicile. Angoul\u00eame, Les Herbiers, Poitiers et Bayonne se sont impos\u00e9s.<\/strong><\/p>\n<p>Parmi les favoris de ce groupe A, l\u2019US Saint-Malo (1-1 contre le FC Montlouis) et les Girondins de Bordeaux (0-0 face \u00e0 l\u2019US Avranches MSM) ont conc\u00e9d\u00e9 un nul \u00e0 domicile pour attaquer la saison. Le Vend\u00e9e Les Herbiers Football a \u00e9t\u00e9 s\u2019imposer aux Voltigeurs Ch\u00e2teaubriant (2-0). Avec Angoul\u00eame Charente FC (3-0 face \u00e0 Dinan-L\u00e9hon FC), le Stade Poitevin (2-0 contre la r\u00e9serve du FC Lorient) et l\u2019Aviron Bayonnais (1-0 \u00e0 l\u2019Olympique Saumur), ce sont les quatre \u00e9quipes qui se sont impos\u00e9es ce samedi soir.<\/p>\n<p><strong>La r\u00e9action : Zakaria Tahir (entra\u00eeneur FC Montlouis)<\/strong><\/p>\n<p><strong>\u00ab\u00a0\u00a0Pour moi, il n\u2019y avait pas carton rouge, que ce soit sur le premier ou le deuxi\u00e8me<\/strong>. <strong>\u00c7a m\u00e9ritait un jaune. Jouer \u00e0 dix, \u00e7a nous a perturb\u00e9s. C\u2019est dommage. Je pense que le match aurait \u00e9t\u00e9 plus beau \u00e0 onze contre onze.\u00a0\u00bb\u00a0<\/strong>Source : <a href=\"https:\/\/www.ouest-france.fr\/sport\/football\/us-saint-malo\/national-2-saint-malo-demarre-par-un-nul-contrariant-contre-montlouis-de7615f4-7ad4-11f0-86ed-565860524f67\" target=\"_blank\" rel=\"noreferrer noopener nofollow\">Ouest-France<\/a><br \/>A l\u2019instar de son homologue malouin Gwen Corbin, l\u2019entra\u00eeneur du FC Montlouis regrettait les deux exclusions de la premi\u00e8re p\u00e9riode.<\/p>\n<p><strong>Le chiffre : 11 953 <\/strong><\/p>\n<p>Pour sa premi\u00e8re \u00e0 domicile contre l\u2019US Avranches MSM (0-0), les Girondins de Bordeaux ont pu compter sur un fort soutien populaire avec 11 953 spectateurs.<\/p>\n<p><strong>Les r\u00e9sultats et buteurs de la premi\u00e8re journ\u00e9e du groupe A<\/strong><\/p>\n<p><strong>Voltigeurs Ch\u00e2teaubriant \u2013 Les Herbiers VF : 0-2 (0-1)<br \/>Buts : <\/strong>Diaby (17\u2032), Billy (58\u2032) pur Les Herbiers<\/p>\n<p><strong>Olympique Saumur \u2013 Aviron Bayonnais FC : 0-1 (0-0)<br \/>But : <\/strong>Lapeyre (80\u2032) pour Bayonne<\/p>\n<p><strong>US Saint-Malo \u2013 FC Montlouis : 1-1 (1-0)<br \/>Buts :<\/strong> Barroug (27\u2032) pour Saint-Malo : Rebelo (83\u2032) pour Montlouis-sur-Loire<br \/><strong>Exclusions : <\/strong>Pascaud (35\u2032) \u00e0 Saint-Malo ; Guedon (35\u2032) \u00e0 Montlouis-sur-Loire<\/p>\n<p><strong>Angoul\u00eame Charente \u2013 Dinan L\u00e9hon FC : 3-0 (2-0)<br \/>Buts :<\/strong> Castera (15\u2032), Eissalt (21\u2032), Affamah (77\u2032 sp) pour Angoul\u00eame<br \/><strong>Exclusion :<\/strong> Sam (75\u2032) \u00e0 Dinan L\u00e9hon<\/p>\n<p><strong>Stade Poitevin FC \u2013 FC Lorient 2 : 2-0 (1-0)<br \/>Buts :<\/strong> Panelle (15\u2032), Baana Jaba (80\u2032) pour Poitiers<br \/><strong>Exclusion : <\/strong>Diop (90\u2019+1) \u00e0 Lorient<\/p>\n<p><strong>La Roche Vend\u00e9e Foot \u2013 Saint-Colomban Locmin\u00e9 : 3-3 (2-0)<br \/>Buts :<\/strong> Araujo (32\u2032), N\u2019Sikulu (45\u2019+2, 52\u2032) pour La Roche-sur-Yon ; Ngassaki Ndongo (48\u2032) Latif (78\u2032), Degan (87\u2032) pour Locmin\u00e9<\/p>\n<p><strong>US Granville \u2013 FC Chauray : 0-0<br \/>Exclusion : <\/strong>Lemoine (75\u2032) \u00e0 Chauray<\/p>\n<p><strong>Girondins Bordeaux \u2013 USM Avranches : 0-0<\/strong><\/p>\n<p><strong><a href=\"https:\/\/footamateur.ouest-france.fr\/national-2-resultats-et-buteurs-premiere-journee-2025\/\" target=\"_blank\" rel=\"noreferrer noopener nofollow\">&gt;&gt;&gt; Tous les r\u00e9sultats et les buteurs de la premi\u00e8re journ\u00e9e de National 2<\/a><\/strong><\/p>\n<p><strong>Le classement \u00e0 l\u2019issue de la premi\u00e8re journ\u00e9e<\/strong><a href=\"https:\/\/footamateur.ouest-france.fr\/author\/jerome\/\" class=\"url\" title=\"J\u00e9rome Bouchacourt\" rel=\"nofollow noopener\" target=\"_blank\"> <img decoding=\"async\" src=\"https:\/\/www.europesays.com\/fr\/wp-content\/uploads\/2025\/04\/moi.jpg\" class=\"lazyload photo\" width=\"250\" alt=\"J\u00e9rome Bouchacourt\"\/><\/a><\/p>\n<p>SEO et r\u00e9dacteur en chef chez Sports M\u00e9dia<\/p>\n<p>Petit Suisse originaire de Lausanne, au bord du Lac L\u00e9man, biberonn\u00e9 au Beaujolais depuis ses deux ans, J\u00e9r\u00f4me a migr\u00e9 dans la r\u00e9gion nantaise au d\u00e9but des ann\u00e9es 2000. Fan de football amateur, de ses rencontres, ses terrains bossel\u00e9s, ses buvettes conviviales, il est aussi un bon vivant qui adore la cuisine lyonnaise ! Fondateur de Footamateur.fr en mai 2014.<\/p>\n<p><a href=\"https:\/\/footamateur.ouest-france.fr\/author\/jerome\/\" class=\"url\" title=\"J\u00e9rome Bouchacourt\" rel=\"nofollow noopener\" target=\"_blank\"><img decoding=\"async\" src=\"https:\/\/www.europesays.com\/fr\/wp-content\/uploads\/2025\/04\/moi.jpg\" class=\"lazyload photo\" width=\"250\" alt=\"J\u00e9rome Bouchacourt\"\/><\/a>Les derniers articles par J\u00e9rome Bouchacourt (<a href=\"https:\/\/footamateur.ouest-france.fr\/author\/jerome\/\" rel=\"nofollow noopener\" target=\"_blank\">tout voir<\/a>)<\/p>\n","protected":false},"excerpt":{"rendered":"Les Bordelais ont but\u00e9 sur Avranches lors de la premi\u00e8re journ\u00e9e. (Photo Fred Braz) Parmi les favoris de&hellip;\n","protected":false},"author":2,"featured_media":324620,"comment_status":"","ping_status":"","sticky":false,"template":"","format":"standard","meta":{"footnotes":""},"categories":[2817],"tags":[1111,11,1997,1777,674,1011,27,12,2219,25],"class_list":{"0":"post-324619","1":"post","2":"type-post","3":"status-publish","4":"format-standard","5":"has-post-thumbnail","7":"category-bordeaux","8":"tag-actu","9":"tag-actualites","10":"tag-bordeaux","11":"tag-eu","12":"tag-europe","13":"tag-fr","14":"tag-france","15":"tag-news","16":"tag-nouvelle-aquitaine","17":"tag-republique-francaise"},"share_on_mastodon":{"url":"https:\/\/pubeurope.com\/@fr\/115043520401414275","error":""},"_links":{"self":[{"href":"https:\/\/www.europesays.com\/fr\/wp-json\/wp\/v2\/posts\/324619","targetHints":{"allow":["GET"]}}],"collection":[{"href":"https:\/\/www.europesays.com\/fr\/wp-json\/wp\/v2\/posts"}],"about":[{"href":"https:\/\/www.europesays.com\/fr\/wp-json\/wp\/v2\/types\/post"}],"author":[{"embeddable":true,"href":"https:\/\/www.europesays.com\/fr\/wp-json\/wp\/v2\/users\/2"}],"replies":[{"embeddable":true,"href":"https:\/\/www.europesays.com\/fr\/wp-json\/wp\/v2\/comments?post=324619"}],"version-history":[{"count":0,"href":"https:\/\/www.europesays.com\/fr\/wp-json\/wp\/v2\/posts\/324619\/revisions"}],"wp:featuredmedia":[{"embeddable":true,"href":"https:\/\/www.europesays.com\/fr\/wp-json\/wp\/v2\/media\/324620"}],"wp:attachment":[{"href":"https:\/\/www.europesays.com\/fr\/wp-json\/wp\/v2\/media?parent=324619"}],"wp:term":[{"taxonomy":"category","embeddable":true,"href":"https:\/\/www.europesays.com\/fr\/wp-json\/wp\/v2\/categories?post=324619"},{"taxonomy":"post_tag","embeddable":true,"href":"https:\/\/www.europesays.com\/fr\/wp-json\/wp\/v2\/tags?post=324619"}],"curies":[{"name":"wp","href":"https:\/\/api.w.org\/{rel}","templated":true}]}}