{"id":324627,"date":"2025-08-17T10:05:15","date_gmt":"2025-08-17T10:05:15","guid":{"rendered":"https:\/\/www.europesays.com\/fr\/324627\/"},"modified":"2025-08-17T10:05:15","modified_gmt":"2025-08-17T10:05:15","slug":"les-chiens-prennent-ils-trop-de-libertes-au-parc-du-bocage-a-plan-de-cuques","status":"publish","type":"post","link":"https:\/\/www.europesays.com\/fr\/324627\/","title":{"rendered":"Les chiens prennent-ils trop de libert\u00e9s au parc du Bocage \u00e0 Plan-de-Cuques ?"},"content":{"rendered":"<p>Nah\u00e9 est un labrador crois\u00e9 avec un berger belge, Junior un braque de Weimar. Deux chiens qui se prom\u00e8nent, ce vendredi 15\u00a0ao\u00fbt, sans laisse dans le <a href=\"https:\/\/www.laprovence.com\/article\/papier\/4760409\/le-parc-du-bocage-respiration-des-sportifs-et-promeneurs.html\" target=\"_blank\" rel=\"noopener\">parc du Bocage<\/a>, \u00e0 Plan-de-Cuques, l\u00e0 o\u00f9, officiellement, c\u2019est interdit.<\/p>\n<p>De nombreux promeneurs le d\u00e9plorent. Comme G\u00e9rard, qui a d\u00e9nombr\u00e9 \u00ab\u00a0au moins dix chiens sans laisse en une heure\u00a0\u00bb. \u00ab\u00a0\u00c7a m\u2019inqui\u00e8te, je ne l\u00e2che pas ma petite-fille d\u2019une semelle, confie-t-il en serrant la main de l\u2019enfant de 20 mois. On ne la laisse pas courir dans les all\u00e9es et on fait attention quand elle va dans l\u2019herbe, c\u2019est plein de crottes.\u00a0\u00bb<\/p>\n<p>\u00ab\u00a0D\u2019habitude, je suis du c\u00f4t\u00e9 autoris\u00e9 mais il n\u2019y a pas d\u2019ombre, justifie Ir\u00e8ne, 63\u00a0ans, ma\u00eetresse de Nah\u00e9 qui \u00ab\u00a0est bien \u00e9duqu\u00e9e et ne mord pas.\u00a0\u00bb Jean-Michel, 77\u00a0ans, un \u0153il affectueux sur Junior, use du m\u00eame argument\u00a0: \u00ab\u00a0Il est calme, gentil. C\u2019est quand on les tient en laisse que les chiens deviennent hargneux.\u00a0\u00bb<\/p>\n","protected":false},"excerpt":{"rendered":"Nah\u00e9 est un labrador crois\u00e9 avec un berger belge, Junior un braque de Weimar. Deux chiens qui se&hellip;\n","protected":false},"author":2,"featured_media":324628,"comment_status":"","ping_status":"","sticky":false,"template":"","format":"standard","meta":{"footnotes":""},"categories":[2814],"tags":[17,1111,11,46169,13370,1777,674,1011,27,151,46168,884,12,153,46167,882,16,25,8029],"class_list":{"0":"post-324627","1":"post","2":"type-post","3":"status-publish","4":"format-standard","5":"has-post-thumbnail","7":"category-marseille","8":"tag-17","9":"tag-actu","10":"tag-actualites","11":"tag-bocage","12":"tag-chiens","13":"tag-eu","14":"tag-europe","15":"tag-fr","16":"tag-france","17":"tag-les","18":"tag-libertes","19":"tag-marseille","20":"tag-news","21":"tag-parc","22":"tag-prennent-ils","23":"tag-provence-alpes-cote-dazur","24":"tag-region","25":"tag-republique-francaise","26":"tag-trop"},"share_on_mastodon":{"url":"https:\/\/pubeurope.com\/@fr\/115043547524517595","error":""},"_links":{"self":[{"href":"https:\/\/www.europesays.com\/fr\/wp-json\/wp\/v2\/posts\/324627","targetHints":{"allow":["GET"]}}],"collection":[{"href":"https:\/\/www.europesays.com\/fr\/wp-json\/wp\/v2\/posts"}],"about":[{"href":"https:\/\/www.europesays.com\/fr\/wp-json\/wp\/v2\/types\/post"}],"author":[{"embeddable":true,"href":"https:\/\/www.europesays.com\/fr\/wp-json\/wp\/v2\/users\/2"}],"replies":[{"embeddable":true,"href":"https:\/\/www.europesays.com\/fr\/wp-json\/wp\/v2\/comments?post=324627"}],"version-history":[{"count":0,"href":"https:\/\/www.europesays.com\/fr\/wp-json\/wp\/v2\/posts\/324627\/revisions"}],"wp:featuredmedia":[{"embeddable":true,"href":"https:\/\/www.europesays.com\/fr\/wp-json\/wp\/v2\/media\/324628"}],"wp:attachment":[{"href":"https:\/\/www.europesays.com\/fr\/wp-json\/wp\/v2\/media?parent=324627"}],"wp:term":[{"taxonomy":"category","embeddable":true,"href":"https:\/\/www.europesays.com\/fr\/wp-json\/wp\/v2\/categories?post=324627"},{"taxonomy":"post_tag","embeddable":true,"href":"https:\/\/www.europesays.com\/fr\/wp-json\/wp\/v2\/tags?post=324627"}],"curies":[{"name":"wp","href":"https:\/\/api.w.org\/{rel}","templated":true}]}}