{"id":32463,"date":"2025-04-17T20:49:17","date_gmt":"2025-04-17T20:49:17","guid":{"rendered":"https:\/\/www.europesays.com\/fr\/32463\/"},"modified":"2025-04-17T20:49:17","modified_gmt":"2025-04-17T20:49:17","slug":"combien-rapporterait-a-lyon-une-qualification-pour-les-demi-finales","status":"publish","type":"post","link":"https:\/\/www.europesays.com\/fr\/32463\/","title":{"rendered":"combien rapporterait \u00e0 Lyon une qualification pour les demi-finales\u00a0?"},"content":{"rendered":"<p>En difficult\u00e9 financi\u00e8rement, Lyon pourrait r\u00e9colter une rondelette somme en \u00e9liminant Manchester United en quarts de finale de Ligue Europa jeudi.<\/p>\n<p class=\"fig-paragraph\">R\u00e9trograd\u00e9 \u00e0 titre conservatoire en novembre dernier et interdit de recrutement au mercato hivernal, l\u2019Olympique Lyonnais\u00a0<a href=\"http:\/\/www.lefigaro.fr\/sports\/football\/ligue-1\/ligue-1-la-commission-d-appel-de-la-fff-maintient-les-sanctions-contre-l-olympique-lyonnais-20250110\" data-fig-type=\"NewsFlash\" data-gtm-custom-categorie=\"navigation\" data-gtm-custom-action=\"crossclick\" data-gtm-custom-label=\"Contextuel\" data-gtm-event=\"customEventSPE\" data-fig-domain=\"LEFIGARO\" target=\"_blank\" rel=\"noopener\">s\u2019est fait taper les doigts<\/a>\u00a0pour ses finances dans le rouge. Alors forc\u00e9ment, un beau parcours en Ligue Europa aiderait \u00e0 r\u00e9sorber les trous. Le club rhodanien a d\u00e9j\u00e0 per\u00e7u pr\u00e8s de 13,5 millions d\u2019euros gr\u00e2ce \u00e0 ses performances en C3, o\u00f9 il affronte Manchester United en quart de finale retour ce jeudi (21h).<\/p>\n<p class=\"fig-paragraph\">Une qualification pour les demi-finales rapporterait 4,2\u00a0M\u20ac suppl\u00e9mentaires \u00e0 l\u2019OL. Les deux clubs qui acc\u00e9deront \u00e0 la finale recevront 7\u00a0M\u20ac en plus de la part de l\u2019UEFA, et 6\u00a0M\u20ac s\u2019ils soul\u00e8vent la coupe. Si Lyon gagne la Ligue Europa, il touchera donc plus de 30 millions d\u2019euros de \u00abprize money\u00bb, sans compter les revenus li\u00e9s au marketing et aux droits t\u00e9l\u00e9s. Il lui faudra proc\u00e9der \u00e0 d\u2019autres efforts pour satisfaire la DNCG, le gendarme financier du football fran\u00e7ais, qui avait constat\u00e9 un manque de 175\u00a0M\u20ac dans les finances lyonnaises.<\/p>\n<p>Un gouffre entre la Ligue Europa et la Ligue des champions<\/p>\n<p class=\"fig-paragraph\">Disputer la Ligue des champions l\u2019aurait bien arrang\u00e9\u00a0: chaque club pr\u00e9sent en phase de ligue avait per\u00e7u 18,6\u00a0M\u20ac, soit davantage que ce que l\u2019OL touchera en ayant atteint les demi-finales de Ligue Europa. \u00c0 titre de comparaison, le PSG, qualifi\u00e9 pour les demi-finales,\u00a0<a href=\"http:\/\/www.lefigaro.fr\/sports\/football\/ligue-des-champions\/ligue-des-champions-combien-rapporterait-au-psg-une-qualification-pour-les-demi-finales-20250415\" data-fig-type=\"NewsFlash\" data-gtm-custom-categorie=\"navigation\" data-gtm-custom-action=\"crossclick\" data-gtm-custom-label=\"Contextuel\" data-gtm-event=\"customEventSPE\" data-fig-domain=\"LEFIGARO\" target=\"_blank\" rel=\"noopener\">a d\u00e9j\u00e0 per\u00e7u 73\u00a0M\u20ac<\/a>, et le total de l\u2019addition avoisinerait les 100 M\u20ac en cas de victoire finale. L\u00e0 aussi sans parler des droits t\u00e9l\u00e9s, astronomiques en C1 compar\u00e9 \u00e0 la C3.<\/p>\n<p class=\"fig-paragraph\"><strong>\u00c0 VOIR AUSSI &#8211; <\/strong>\u00abC\u2019est l\u2019un des meilleurs entra\u00eeneurs portugais\u00bb, Paulo Fonseca complimente Ruben Amorim avant OL-Manchester United<\/p>\n<p>\u00a0\u00bb<br \/>\n        data-script=\u00a0\u00bbhttps:\/\/static.lefigaro.fr\/widget-video\/short-ttl\/dugout\/index.js\u00a0\u00bb<br \/>\n    &gt;<\/p>\n","protected":false},"excerpt":{"rendered":"En difficult\u00e9 financi\u00e8rement, Lyon pourrait r\u00e9colter une rondelette somme en \u00e9liminant Manchester United en quarts de finale de&hellip;\n","protected":false},"author":2,"featured_media":32464,"comment_status":"","ping_status":"","sticky":false,"template":"","format":"standard","meta":{"footnotes":""},"categories":[1889],"tags":[1111,11,2430,6815,525,1981,1089,814,1777,449,674,2257,63,1011,27,2705,5843,2428,955,12,978,4589,4789,25,1980,455,133],"class_list":{"0":"post-32463","1":"post","2":"type-post","3":"status-publish","4":"format-standard","5":"has-post-thumbnail","7":"category-lyon","8":"tag-actu","9":"tag-actualites","10":"tag-auvergne-rhone-alpes","11":"tag-c3","12":"tag-calendrier","13":"tag-classement","14":"tag-coupe-deurope","15":"tag-direct","16":"tag-eu","17":"tag-europa-league","18":"tag-europe","19":"tag-foot","20":"tag-football","21":"tag-fr","22":"tag-france","23":"tag-groupe","24":"tag-ligue-europa","25":"tag-lyon","26":"tag-match","27":"tag-news","28":"tag-olympique-lyonnais","29":"tag-phase-finale","30":"tag-poule","31":"tag-republique-francaise","32":"tag-resultats","33":"tag-uefa","34":"tag-video"},"share_on_mastodon":{"url":"https:\/\/pubeurope.com\/@fr\/114355277862953447","error":""},"_links":{"self":[{"href":"https:\/\/www.europesays.com\/fr\/wp-json\/wp\/v2\/posts\/32463","targetHints":{"allow":["GET"]}}],"collection":[{"href":"https:\/\/www.europesays.com\/fr\/wp-json\/wp\/v2\/posts"}],"about":[{"href":"https:\/\/www.europesays.com\/fr\/wp-json\/wp\/v2\/types\/post"}],"author":[{"embeddable":true,"href":"https:\/\/www.europesays.com\/fr\/wp-json\/wp\/v2\/users\/2"}],"replies":[{"embeddable":true,"href":"https:\/\/www.europesays.com\/fr\/wp-json\/wp\/v2\/comments?post=32463"}],"version-history":[{"count":0,"href":"https:\/\/www.europesays.com\/fr\/wp-json\/wp\/v2\/posts\/32463\/revisions"}],"wp:featuredmedia":[{"embeddable":true,"href":"https:\/\/www.europesays.com\/fr\/wp-json\/wp\/v2\/media\/32464"}],"wp:attachment":[{"href":"https:\/\/www.europesays.com\/fr\/wp-json\/wp\/v2\/media?parent=32463"}],"wp:term":[{"taxonomy":"category","embeddable":true,"href":"https:\/\/www.europesays.com\/fr\/wp-json\/wp\/v2\/categories?post=32463"},{"taxonomy":"post_tag","embeddable":true,"href":"https:\/\/www.europesays.com\/fr\/wp-json\/wp\/v2\/tags?post=32463"}],"curies":[{"name":"wp","href":"https:\/\/api.w.org\/{rel}","templated":true}]}}