{"id":324631,"date":"2025-08-17T10:07:15","date_gmt":"2025-08-17T10:07:15","guid":{"rendered":"https:\/\/www.europesays.com\/fr\/324631\/"},"modified":"2025-08-17T10:07:15","modified_gmt":"2025-08-17T10:07:15","slug":"lyon-dans-les-coulisses-du-restaurant-bistronomique-murmures-du-chef-noe-saillard","status":"publish","type":"post","link":"https:\/\/www.europesays.com\/fr\/324631\/","title":{"rendered":"Lyon. Dans les coulisses du restaurant bistronomique \u00ab\u00a0Murmures\u00a0\u00bb du chef No\u00e9 Saillard"},"content":{"rendered":"<p>Talentueux, g\u00e9n\u00e9reux et d\u00e9bordant d\u2019id\u00e9es, c\u2019est ce qui ressort de notre rencontre avec le chef No\u00e9 Saillard du restaurant bistronomique Murmures \u00e0 Lyon. Il aime relever les d\u00e9fis. Tous les mois et demi, il change sa carte avec l\u2019aide de son \u00e9quipe pour ravir les papilles de ses clients. Alors quand on lui demande de nous ouvrir ses cuisines, il n\u2019h\u00e9site pas un seul instant. Et m\u00eame mieux, il a accept\u00e9 de nous d\u00e9voiler en exclusivit\u00e9 son nouveau plat et dessert pour son menu de la rentr\u00e9e.<\/p>\n<p>\u00ab \u00c7a sera de l\u2019impro total \u00bb<\/p>\n<p>Le rendez-vous est donn\u00e9 \u00e0 17\u00a0h\u00a030. No\u00e9 Saillard nous accueille avec un sourire timide. \u00ab\u00a0Alors pr\u00eat pour ce&#8230;<\/p>\n","protected":false},"excerpt":{"rendered":"Talentueux, g\u00e9n\u00e9reux et d\u00e9bordant d\u2019id\u00e9es, c\u2019est ce qui ressort de notre rencontre avec le chef No\u00e9 Saillard du&hellip;\n","protected":false},"author":2,"featured_media":324632,"comment_status":"","ping_status":"","sticky":false,"template":"","format":"standard","meta":{"footnotes":""},"categories":[1889],"tags":[1111,11,2430,2757,1777,674,1011,27,2428,2756,6016,12,2610,25,2429],"class_list":{"0":"post-324631","1":"post","2":"type-post","3":"status-publish","4":"format-standard","5":"has-post-thumbnail","7":"category-lyon","8":"tag-actu","9":"tag-actualites","10":"tag-auvergne-rhone-alpes","11":"tag-edition-lyon-villeurbanne","12":"tag-eu","13":"tag-europe","14":"tag-fr","15":"tag-france","16":"tag-lyon","17":"tag-lyon-bassin","18":"tag-magazine-cuisine-et-vins","19":"tag-news","20":"tag-recettes","21":"tag-republique-francaise","22":"tag-rhone"},"share_on_mastodon":{"url":"https:\/\/pubeurope.com\/@fr\/115043555395472354","error":""},"_links":{"self":[{"href":"https:\/\/www.europesays.com\/fr\/wp-json\/wp\/v2\/posts\/324631","targetHints":{"allow":["GET"]}}],"collection":[{"href":"https:\/\/www.europesays.com\/fr\/wp-json\/wp\/v2\/posts"}],"about":[{"href":"https:\/\/www.europesays.com\/fr\/wp-json\/wp\/v2\/types\/post"}],"author":[{"embeddable":true,"href":"https:\/\/www.europesays.com\/fr\/wp-json\/wp\/v2\/users\/2"}],"replies":[{"embeddable":true,"href":"https:\/\/www.europesays.com\/fr\/wp-json\/wp\/v2\/comments?post=324631"}],"version-history":[{"count":0,"href":"https:\/\/www.europesays.com\/fr\/wp-json\/wp\/v2\/posts\/324631\/revisions"}],"wp:featuredmedia":[{"embeddable":true,"href":"https:\/\/www.europesays.com\/fr\/wp-json\/wp\/v2\/media\/324632"}],"wp:attachment":[{"href":"https:\/\/www.europesays.com\/fr\/wp-json\/wp\/v2\/media?parent=324631"}],"wp:term":[{"taxonomy":"category","embeddable":true,"href":"https:\/\/www.europesays.com\/fr\/wp-json\/wp\/v2\/categories?post=324631"},{"taxonomy":"post_tag","embeddable":true,"href":"https:\/\/www.europesays.com\/fr\/wp-json\/wp\/v2\/tags?post=324631"}],"curies":[{"name":"wp","href":"https:\/\/api.w.org\/{rel}","templated":true}]}}