{"id":324636,"date":"2025-08-17T10:12:25","date_gmt":"2025-08-17T10:12:25","guid":{"rendered":"https:\/\/www.europesays.com\/fr\/324636\/"},"modified":"2025-08-17T10:12:25","modified_gmt":"2025-08-17T10:12:25","slug":"renfe-annonce-son-intention-de-relier-lespagne-a-paris-milan-berlin-et-lisbonne","status":"publish","type":"post","link":"https:\/\/www.europesays.com\/fr\/324636\/","title":{"rendered":"RENFE annonce son intention de relier l&rsquo;Espagne \u00e0 Paris, Milan, Berlin et Lisbonne"},"content":{"rendered":"<p>RENFE est clairement l&rsquo;un des principaux op\u00e9rateurs ferroviaires d&rsquo;Europe et a mis au point des trains de pointe pouvant atteindre 330 km\/h. La flotte moderne Talgo AVRIL de RENFE est con\u00e7ue pour les voyages transfrontaliers et convient donc parfaitement aux services de trains de nuit propos\u00e9s. La flotte moderne de Talgo AVRIL de RENFE est con\u00e7ue pour les voyages transfrontaliers \u00e0 grande vitesse, ce qui la rend bien adapt\u00e9e aux services de trains de nuit propos\u00e9s. Ces trains sont capables de circuler sur diff\u00e9rents \u00e9cartements de voies et syst\u00e8mes d&rsquo;alimentation \u00e9lectrique, ce qui facilite les trajets internationaux sans qu&rsquo;il soit n\u00e9cessaire d&rsquo;effectuer des transferts qui prennent du temps. <\/p>\n<p>La plupart des op\u00e9rateurs ferroviaires europ\u00e9ens se concentrent sur leur march\u00e9 national. RENFE pr\u00e9voit de prendre la position d&rsquo;un r\u00e9seau \u00e0 grande vitesse \u00e0 l&rsquo;\u00e9chelle europ\u00e9enne, et elle a les moyens de le faire. Cela inclut le Portugal.<\/p>\n<p>L&rsquo;avantage du train AVRIL est sa capacit\u00e9 \u00e0 traverser les fronti\u00e8res et \u00e0 circuler sur toutes les largeurs de voies et tous les syst\u00e8mes d&rsquo;alimentation \u00e9lectrique europ\u00e9ens. Cela a \u00e9t\u00e9 un obstacle majeur en raison des diff\u00e9rentes largeurs de voies, des fournitures, etc. qui se sont d\u00e9velopp\u00e9es au fil des ans. La mise en place d&rsquo;un syst\u00e8me de voies universel prendrait plus d&rsquo;ann\u00e9es que vous ne pouvez l&rsquo;imaginer. Le besoin de services ferroviaires transfrontaliers \u00e0 grande vitesse est urgent, car les retards dans les a\u00e9roports, l&rsquo;encombrement, les longs temps d&rsquo;enregistrement et les si\u00e8ges bond\u00e9s font de l&rsquo;alternative d&rsquo;un service ferroviaire rapide de nuit un v\u00e9ritable attrait. <\/p>\n<p>C&rsquo;est le changement de donne que nous attendions.<\/p>\n<p>L&rsquo;accent sera mis sur les services de nuit. Ils pr\u00e9voient d&rsquo;offrir des cabines couchettes, des si\u00e8ges inclinables et des services de restauration pour am\u00e9liorer le confort des passagers pendant les trajets de nuit.<\/p>\n<p><b>Itin\u00e9raires propos\u00e9s pour les trains de nuit<\/b><\/p>\n<p>1. De l&rsquo;Espagne \u00e0 la France<\/p>\n<p>Madrid-Paris : Un service direct de nuit reliant la capitale espagnole \u00e0 la capitale fran\u00e7aise.<\/p>\n<p>Barcelone &#8211; Lyon : Ce service relie la capitale catalane \u00e0 la ville fran\u00e7aise connue pour son patrimoine culinaire.<\/p>\n<p>Barcelone &#8211; Marseille : Cette liaison relie la c\u00f4te m\u00e9diterran\u00e9enne de l&rsquo;Espagne au sud de la France.<\/p>\n<p>2. De l&rsquo;Espagne \u00e0 l&rsquo;Italie<\/p>\n<p>De Madrid \u00e0 Milan : Un voyage de nuit reliant la capitale espagnole au centre italien de la mode et du design.<\/p>\n<p>De Barcelone \u00e0 Rome : Ce voyage relie la capitale de la Catalogne \u00e0 la capitale historique de l&rsquo;Italie.<\/p>\n<p>3. De l&rsquo;Espagne \u00e0 l&rsquo;Allemagne<\/p>\n<p>De Madrid \u00e0 Berlin : Relier la capitale de l&rsquo;Espagne \u00e0 la capitale dynamique de l&rsquo;Allemagne.<\/p>\n<p>De Barcelone \u00e0 Munich : Relier la capitale de la Catalogne \u00e0 celle de la Bavi\u00e8re.<\/p>\n<p>4. De l&rsquo;Espagne \u00e0 la Belgique et aux Pays-Bas<\/p>\n<p>De Madrid \u00e0 Bruxelles : Un service de nuit reliant la capitale espagnole au c\u0153ur politique de l&rsquo;Europe.<\/p>\n<p>Barcelone &#8211; Amsterdam : Liaison entre la capitale catalane et la capitale n\u00e9erlandaise.<\/p>\n<p>5. De l&rsquo;Espagne au Portugal<\/p>\n<p>Madrid-Lisbonne : Faisant revivre le train de nuit Lusit\u00e2nia, cette ligne reliera les capitales de l&rsquo;Espagne et du Portugal.<\/p>\n<p><b>Madrid sera la plaque tournante<\/b><\/p>\n<p>Malheureusement, Londres n&rsquo;est pas encore mentionn\u00e9e, mais il est facile et rapide de se rendre \u00e0 Paris. De Madrid, il y aura un train de nuit pour Lisbonne, et le trac\u00e9 est presque termin\u00e9. De nombreuses autres capitales europ\u00e9ennes figurent sur les itin\u00e9raires propos\u00e9s : Rome, Berlin, Bruxelles et Amsterdam, qui disposent toutes d&rsquo;une liaison directe \u00e0 grande vitesse avec Madrid. Pour les voyageurs anglais, il s&rsquo;agira d&rsquo;un itin\u00e9raire \u00e0 deux changements, Paris et Madrid, tandis que pour la plupart des autres pays, il n&rsquo;y aura qu&rsquo;un seul changement \u00e0 Madrid. <\/p>\n<p>L&rsquo;autorit\u00e9 ferroviaire espagnole, l&rsquo;ADIF, a jet\u00e9 les bases d&rsquo;un avenir ferroviaire plus dynamique, plus comp\u00e9titif et plus centr\u00e9 sur l&rsquo;utilisateur. Madrid b\u00e9n\u00e9ficie d&rsquo;un investissement de plus de 540 millions d&rsquo;euros pour moderniser ses gares. <\/p>\n<p><a href=\"https:\/\/www.travelandtourworld.com\/\" rel=\"nofollow noopener\" target=\"_blank\">Travel and Tour World<\/a>, une importante publication touristique, a r\u00e9sum\u00e9 la situation comme suit.<\/p>\n<p>Le r\u00e9seau de trains de nuit propos\u00e9 par RENFE repr\u00e9sente une \u00e9tape importante dans l&rsquo;am\u00e9lioration des options de voyage durable entre l&rsquo;Espagne et l&rsquo;Europe. En offrant une alternative \u00e9cologique aux vols court-courriers, le projet s&rsquo;inscrit dans le cadre d&rsquo;initiatives europ\u00e9ennes plus larges visant \u00e0 r\u00e9duire les \u00e9missions de carbone et \u00e0 promouvoir le transport ferroviaire. Toutefois, sa r\u00e9ussite d\u00e9pend de l&rsquo;obtention du soutien des pouvoirs publics, de la r\u00e9solution des probl\u00e8mes d&rsquo;infrastructure et de la satisfaction de la demande du march\u00e9. S&rsquo;il se concr\u00e9tise, ce r\u00e9seau pourrait transformer les voyages de nuit en Europe, en offrant aux passagers un moyen confortable, efficace et respectueux de l&rsquo;environnement de traverser le continent.<\/p>\n<p><b>Prenez le train, pas l&rsquo;avion<\/b><\/p>\n<p>L&rsquo;annonce de RENFE rend ce projet de plus en plus proche. Paris, Madrid et Lisbonne en \u00ab\u00a0train \u00e0 grande vitesse\u00a0\u00bb, c&rsquo;est d\u00e9sormais une r\u00e9alit\u00e9. Sur quel si\u00e8ge aimeriez-vous voyager ? Si le projet de la RENFE se concr\u00e9tise, vous aurez bient\u00f4t le choix.<\/p>\n","protected":false},"excerpt":{"rendered":"RENFE est clairement l&rsquo;un des principaux op\u00e9rateurs ferroviaires d&rsquo;Europe et a mis au point des trains de pointe&hellip;\n","protected":false},"author":2,"featured_media":324637,"comment_status":"","ping_status":"","sticky":false,"template":"","format":"standard","meta":{"footnotes":""},"categories":[1888],"tags":[1111,1928,11,1927,1777,674,1011,27,12,1926,626,1925,25],"class_list":{"0":"post-324636","1":"post","2":"type-post","3":"status-publish","4":"format-standard","5":"has-post-thumbnail","7":"category-paris","8":"tag-actu","9":"tag-actu-paris","10":"tag-actualites","11":"tag-actualites-paris","12":"tag-eu","13":"tag-europe","14":"tag-fr","15":"tag-france","16":"tag-news","17":"tag-news-paris","18":"tag-paris","19":"tag-paris-news","20":"tag-republique-francaise"},"share_on_mastodon":{"url":"https:\/\/pubeurope.com\/@fr\/115043575132458415","error":""},"_links":{"self":[{"href":"https:\/\/www.europesays.com\/fr\/wp-json\/wp\/v2\/posts\/324636","targetHints":{"allow":["GET"]}}],"collection":[{"href":"https:\/\/www.europesays.com\/fr\/wp-json\/wp\/v2\/posts"}],"about":[{"href":"https:\/\/www.europesays.com\/fr\/wp-json\/wp\/v2\/types\/post"}],"author":[{"embeddable":true,"href":"https:\/\/www.europesays.com\/fr\/wp-json\/wp\/v2\/users\/2"}],"replies":[{"embeddable":true,"href":"https:\/\/www.europesays.com\/fr\/wp-json\/wp\/v2\/comments?post=324636"}],"version-history":[{"count":0,"href":"https:\/\/www.europesays.com\/fr\/wp-json\/wp\/v2\/posts\/324636\/revisions"}],"wp:featuredmedia":[{"embeddable":true,"href":"https:\/\/www.europesays.com\/fr\/wp-json\/wp\/v2\/media\/324637"}],"wp:attachment":[{"href":"https:\/\/www.europesays.com\/fr\/wp-json\/wp\/v2\/media?parent=324636"}],"wp:term":[{"taxonomy":"category","embeddable":true,"href":"https:\/\/www.europesays.com\/fr\/wp-json\/wp\/v2\/categories?post=324636"},{"taxonomy":"post_tag","embeddable":true,"href":"https:\/\/www.europesays.com\/fr\/wp-json\/wp\/v2\/tags?post=324636"}],"curies":[{"name":"wp","href":"https:\/\/api.w.org\/{rel}","templated":true}]}}