{"id":324638,"date":"2025-08-17T10:13:13","date_gmt":"2025-08-17T10:13:13","guid":{"rendered":"https:\/\/www.europesays.com\/fr\/324638\/"},"modified":"2025-08-17T10:13:13","modified_gmt":"2025-08-17T10:13:13","slug":"la-circulation-proscrite-des-lundi-sur-une-partie-dun-boulevard-tres-emprunte-du-11e-arrondissement","status":"publish","type":"post","link":"https:\/\/www.europesays.com\/fr\/324638\/","title":{"rendered":"la circulation proscrite d\u00e8s lundi sur une partie d&rsquo;un boulevard tr\u00e8s emprunt\u00e9 du 11e arrondissement"},"content":{"rendered":"<p>            Par<br \/>\n        <strong><br \/>\n            <a href=\"https:\/\/actu.fr\/auteur\/redaction-paris\" title=\"Consulter tous les articles de R\u00e9daction Paris\" target=\"_blank\" rel=\"noopener\">R\u00e9daction Paris<\/a><br \/>\n        <\/strong><\/p>\n<p>        Publi\u00e9 le<\/p>\n<p>            17 ao\u00fbt 2025 \u00e0 11h16        <\/p>\n<p>L\u2019exp\u00e9rimentation a cess\u00e9. L\u2019application p\u00e9renne entre en vigueur. D\u00e8s ce lundi 18\u00a0ao\u00fbt 2025, les <a href=\"https:\/\/actu.fr\/tag\/circulation\" target=\"_blank\" rel=\"noopener\">automobilistes<\/a> habitu\u00e9s \u00e0 se rendre sur la <a href=\"https:\/\/actu.fr\/tag\/bastille\" target=\"_blank\" rel=\"noopener\">place de la Bastille<\/a> par le <strong>boulevard Richard-Lenoir<\/strong> (11e) devront emprunter le boulevard Beaumarchais. Car, comme le rapporte <a href=\"https:\/\/www.leparisien.fr\/paris-75\/paris-une-partie-du-boulevard-richard-lenoir-definitivement-fermee-a-la-circulation-a-partir-de-lundi-15-08-2025-Z4GQBL67C5FLTCKDXAFXPPJARI.php\" target=\"_blank\" rel=\"noopener\">Le Parisien<\/a>, la circulation sera proscrite entre la <strong>rue Saint-Sabin<\/strong> et la <strong>rue du Pasteur-Wagner.<\/strong><\/p>\n<p>Des travaux pour la pi\u00e9tonnisation<\/p>\n<p class=\" wall-content\">Ce tron\u00e7on, long de <strong>150\u00a0m\u00e8tres<\/strong>, faisait d\u00e9j\u00e0 l\u2019objet de fermetures bihebdomadaires en raison du <strong>march\u00e9<\/strong> qui se tient tous les jeudis et les dimanches. Mais la Ville de Paris a d\u00e9cid\u00e9 d\u2019aller plus loin. Interrog\u00e9 dans Le Parisien, l\u2019adjoint au maire du 11e arrondissement charg\u00e9 de l\u2019espace public, Luc Lebon, justifie cette mesure par \u00ab\u2009beaucoup de <strong>dysfonctionnements<\/strong>\u2009\u00bb li\u00e9s au \u00ab\u2009trafic\u2009\u00bb et \u00e0 la venue de \u00ab\u2009deux-roues\u2009\u00bb \u00e0 l\u2019origine \u00ab\u2009d\u2019accidents\u2009\u00bb.<\/p>\n<p class=\" wall-content\">La zone abandonn\u00e9e aux v\u00e9hicules sera pi\u00e9tonnis\u00e9e. Un <a href=\"https:\/\/cdn.paris.fr\/paris\/2025\/08\/12\/lar-boulevard-de-richard-lenoir-v6-qZ8r.pdf\" target=\"_blank\" rel=\"noopener\">plan de travaux<\/a> a \u00e9t\u00e9 d\u00e9voil\u00e9 aux riverains. Le chantier commencera ce lundi 18\u00a0ao\u00fbt 2025. Il s\u2019inscrit dans une s\u00e9rie d\u2019am\u00e9nagements relatifs \u00e0 ce quartier. Ainsi, le sens de circulation de la <strong>rue du Chemin vert<\/strong> entre l\u2019avenue Parmentier et le boulevard de M\u00e9nilmontant sera invers\u00e9. Les cyclistes pourront <strong>rouler \u00e0 double sens<\/strong>. Des marquages au sol sont install\u00e9s, comme l\u2019a constat\u00e9 actu Paris.<\/p>\n<p class=\" wall-content\">Si la Ville n\u2019a pas rencontr\u00e9 d\u2019opposition \u00e0 cette modification, son projet embl\u00e9matique de <strong>Ramblas <\/strong>patine. Promesse de campagne de la maire <a href=\"https:\/\/actu.fr\/tag\/anne-hidalgo\" target=\"_blank\" rel=\"noopener\">Anne Hidalgo<\/a>, la grande all\u00e9e v\u00e9g\u00e9talis\u00e9e entre Bastille et Stalingrad est bloqu\u00e9e juridiquement. En juillet\u00a02024, le Conseil d\u2019\u00c9tat a <a href=\"https:\/\/actu.fr\/ile-de-france\/paris_75056\/ramblas-a-paris-nouvelle-victoire-pour-les-riverains-le-conseil-d-etat-valide-la-suspension-des-travaux_61475901.html\" target=\"_blank\" rel=\"noopener\">valid\u00e9<\/a> la <a href=\"https:\/\/actu.fr\/ile-de-france\/paris_75056\/projet-des-ramblas-a-paris-premiere-victoire-pour-les-riverains-la-justice-suspend-les-travaux_61123885.html\" target=\"_blank\" rel=\"noopener\">suspension<\/a> des travaux jug\u00e9e par le tribunal administratif, saisi par France Nature Environnement (FNE) Paris.<\/p>\n<p class=\" wall-content\">\u00c0 quelques mois des \u00e9lections municipales, les perspectives restent brouill\u00e9es. La relance des Ramblas pourrait seulement intervenir apr\u00e8s le scrutin, en fonction des r\u00e9sultats.<\/p>\n<p class=\" wall-content\">Suivez toute l\u2019actualit\u00e9 de vos villes et m\u00e9dias favoris en vous inscrivant \u00e0 <a href=\"https:\/\/moncompte.actu.fr\" title=\"D\u00e9couvez Mon Actu\" rel=\"nofollow noopener\" data-trk=\"{&quot;cta&quot;:{&quot;action&quot;:&quot;https:\\\/\\\/moncompte.actu.fr&quot;,&quot;category&quot;:&quot;mon compte&quot;,&quot;from&quot;:&quot;article footer&quot;,&quot;name&quot;:&quot;Mon actu&quot;,&quot;type&quot;:&quot;cta&quot;}}\" target=\"_blank\">Mon Actu<\/a>.<\/p>\n","protected":false},"excerpt":{"rendered":"Par R\u00e9daction Paris Publi\u00e9 le 17 ao\u00fbt 2025 \u00e0 11h16 L\u2019exp\u00e9rimentation a cess\u00e9. L\u2019application p\u00e9renne entre en vigueur.&hellip;\n","protected":false},"author":2,"featured_media":324639,"comment_status":"","ping_status":"","sticky":false,"template":"","format":"standard","meta":{"footnotes":""},"categories":[1888],"tags":[11,3542,1777,674,1011,27,12,626,25,104],"class_list":{"0":"post-324638","1":"post","2":"type-post","3":"status-publish","4":"format-standard","5":"has-post-thumbnail","7":"category-paris","8":"tag-actualites","9":"tag-circulation","10":"tag-eu","11":"tag-europe","12":"tag-fr","13":"tag-france","14":"tag-news","15":"tag-paris","16":"tag-republique-francaise","17":"tag-societe"},"share_on_mastodon":{"url":"https:\/\/pubeurope.com\/@fr\/115043579041572834","error":""},"_links":{"self":[{"href":"https:\/\/www.europesays.com\/fr\/wp-json\/wp\/v2\/posts\/324638","targetHints":{"allow":["GET"]}}],"collection":[{"href":"https:\/\/www.europesays.com\/fr\/wp-json\/wp\/v2\/posts"}],"about":[{"href":"https:\/\/www.europesays.com\/fr\/wp-json\/wp\/v2\/types\/post"}],"author":[{"embeddable":true,"href":"https:\/\/www.europesays.com\/fr\/wp-json\/wp\/v2\/users\/2"}],"replies":[{"embeddable":true,"href":"https:\/\/www.europesays.com\/fr\/wp-json\/wp\/v2\/comments?post=324638"}],"version-history":[{"count":0,"href":"https:\/\/www.europesays.com\/fr\/wp-json\/wp\/v2\/posts\/324638\/revisions"}],"wp:featuredmedia":[{"embeddable":true,"href":"https:\/\/www.europesays.com\/fr\/wp-json\/wp\/v2\/media\/324639"}],"wp:attachment":[{"href":"https:\/\/www.europesays.com\/fr\/wp-json\/wp\/v2\/media?parent=324638"}],"wp:term":[{"taxonomy":"category","embeddable":true,"href":"https:\/\/www.europesays.com\/fr\/wp-json\/wp\/v2\/categories?post=324638"},{"taxonomy":"post_tag","embeddable":true,"href":"https:\/\/www.europesays.com\/fr\/wp-json\/wp\/v2\/tags?post=324638"}],"curies":[{"name":"wp","href":"https:\/\/api.w.org\/{rel}","templated":true}]}}