{"id":324661,"date":"2025-08-17T10:29:26","date_gmt":"2025-08-17T10:29:26","guid":{"rendered":"https:\/\/www.europesays.com\/fr\/324661\/"},"modified":"2025-08-17T10:29:26","modified_gmt":"2025-08-17T10:29:26","slug":"video-akshay-bhatia-relance-ses-chances-spectaculairement-dans-la-fedex-cup","status":"publish","type":"post","link":"https:\/\/www.europesays.com\/fr\/324661\/","title":{"rendered":"Vid\u00e9o : Akshay Bhatia relance ses chances spectaculairement dans la FedEx Cup"},"content":{"rendered":"<p>\t\t\t\t\t\t<img width=\"770\" height=\"556\" src=\"https:\/\/www.europesays.com\/fr\/wp-content\/uploads\/2025\/08\/akshay-bhatia-ace-770x556.jpg\" class=\"img-responsive wp-post-image\" alt=\"Twitter : PGA Tour\" decoding=\"async\" fetchpriority=\"high\"  \/>\t\t\t\t\t<\/p>\n<p>\t\t\t\t\t\t Partager cet article <\/p>\n<p class=\"screen-reader-text juiz_sps_maybe_hidden_text\">Partager la publication \u00ab\u00a0Vid\u00e9o : Akshay Bhatia relance ses chances spectaculairement dans la FedEx Cup\u00a0\u00bb<\/p>\n<p><strong>Le premier trou en un d\u2019Akshav Bhatia au BMW Championship lui a permis de gagner une voiture et a raviv\u00e9 son r\u00eave de Tour Championship, fort d\u2019une carte aussi impressionnante qu\u2019atypique.<\/strong><\/p>\n<p>\t\t\t\t\t<a id=\"180479\" href=\"https:\/\/www.swing.fr\/voyage\/35-14eme-edition-des-doubles-gosset-by-beachcomber\" target=\"_blank\" rel=\"sponsorised nofollow noopener\"><img decoding=\"async\" src=\"data:image\/svg+xml,%3Csvg%20xmlns=\" http:=\"\" class=\"img-responsive\" alt=\"\" data-lazy-src=\"https:\/\/www.europesays.com\/fr\/wp-content\/uploads\/2025\/07\/beachcomber-e01-doubles-gosset-26-1170x275-1.jpg\"\/><\/a><\/p>\n<p>Un samedi de r\u00eave \u00e0 <strong>Caves Valley\u202f<\/strong>: <strong>Akshay Bhatia<\/strong> a non seulement remport\u00e9 une voiture gr\u00e2ce \u00e0 son tout premier trou en un sur le difficile 17, un par 3 de 208 m\u00e8tres, mais il a \u00e9galement dynamis\u00e9 ses chances dans la <strong>FedEx Cup<\/strong>.<\/p>\n<p>\t\t\t\t\t<a id=\"174987\" href=\"https:\/\/www.sudfrancegolf.com\/fr\/\" target=\"_blank\" rel=\"sponsorised nofollow noopener\"><img decoding=\"async\" src=\"data:image\/svg+xml,%3Csvg%20xmlns=\" http:=\"\" class=\"img-responsive\" alt=\"\" data-lazy-src=\"https:\/\/www.europesays.com\/fr\/wp-content\/uploads\/2025\/06\/giesudfrancegolf-e02-egolf-pass-2025-v2-1170x275-1.gif\"\/><\/a><\/p>\n<blockquote class=\"twitter-tweet\" data-media-max-width=\"560\">\n<p dir=\"ltr\" lang=\"en\">First ace of his career as he battles on the bubble!<\/p>\n<p>Akshay Bhatia is now projected into the Top 30 in the FedExCup after a hole-in-one! <a href=\"https:\/\/t.co\/YbvU9rERlF\" rel=\"nofollow\">pic.twitter.com\/YbvU9rERlF<\/a><\/p>\n<p>\u2014 PGA TOUR (@PGATOUR) <a href=\"https:\/\/twitter.com\/PGATOUR\/status\/1956776883208462755?ref_src=twsrc%5Etfw\" rel=\"nofollow noopener\" target=\"_blank\">August 16, 2025<\/a><\/p>\n<\/blockquote>\n<p>\t\t\t\t\t<a id=\"179385\" href=\"https:\/\/tickets.europeantour.com\/eut\/#\/c6906933-bb43-434b-a22d-0ae172a572d4\/shop\/custom-pack?fac=EUT&amp;locale=fr&amp;skin=pgaetodf&amp;utm_campaign=ODF&amp;utm_content=Ticketing&amp;utm_medium=Web&amp;utm_source=Partner&amp;utm_term=PavonGolfPlanete\" target=\"_blank\" rel=\"sponsorised nofollow noopener\"><img decoding=\"async\" src=\"data:image\/svg+xml,%3Csvg%20xmlns=\" http:=\"\" class=\"img-responsive\" alt=\"\" data-lazy-src=\"https:\/\/www.europesays.com\/fr\/wp-content\/uploads\/2025\/07\/opendefrance-e03-plateau-1407-1170x275-1.jpg\"\/><\/a><br \/>\nUne carte d\u00e9tonante\u00a0<\/p>\n<p>Quelques trous plus t\u00f4t, il avait d\u00e9j\u00e0 rentr\u00e9 un coup de wedge pour eagle sur le par 4 du 7, signant ainsi une carte exceptionnelle comportant un 1, un 2, un 3, un 4 et un 5. Son score de 66 (-4) a permis \u00e0 l\u2019Am\u00e9ricain de passer sous la barre du top 30, synonyme de qualification pour le <strong>Tour Championship<\/strong>.<\/p>\n<p>\u00ab Je n\u2019ai pas vraiment besoin d\u2019une nouvelle voiture. Je suis plut\u00f4t content de celle que j\u2019ai, mais je pense que je pourrais la donner \u00e0 mon caddie ou faire un don \u00e0 une \u0153uvre caritative\u202f\u00bb, a-t-il d\u00e9clar\u00e9 apr\u00e8s sa performance historique.<\/p>\n<p>\t\t\t\t\t<a id=\"181972\" href=\"https:\/\/www.azurgolftravel.com\/proamdepalsoct25\" target=\"_blank\" rel=\"sponsorised nofollow noopener\"><img decoding=\"async\" src=\"data:image\/svg+xml,%3Csvg%20xmlns=\" http:=\"\" class=\"img-responsive\" alt=\"\" data-lazy-src=\"https:\/\/www.europesays.com\/fr\/wp-content\/uploads\/2025\/08\/azurgolftravel-e01-proam-catalogne-1170x275-1.jpeg\"\/><\/a><\/p>\n<p>\t\t\t<script async src=\"https:\/\/platform.twitter.com\/widgets.js\" charset=\"utf-8\"><\/script><\/p>\n","protected":false},"excerpt":{"rendered":"Partager cet article Partager la publication \u00ab\u00a0Vid\u00e9o : Akshay Bhatia relance ses chances spectaculairement dans la FedEx Cup\u00a0\u00bb&hellip;\n","protected":false},"author":2,"featured_media":324662,"comment_status":"","ping_status":"","sticky":false,"template":"","format":"standard","meta":{"footnotes":""},"categories":[1418],"tags":[1011,27,1472,60],"class_list":{"0":"post-324661","1":"post","2":"type-post","3":"status-publish","4":"format-standard","5":"has-post-thumbnail","7":"category-golf","8":"tag-fr","9":"tag-france","10":"tag-golf","11":"tag-sports"},"share_on_mastodon":{"url":"https:\/\/pubeurope.com\/@fr\/115043642370974594","error":""},"_links":{"self":[{"href":"https:\/\/www.europesays.com\/fr\/wp-json\/wp\/v2\/posts\/324661","targetHints":{"allow":["GET"]}}],"collection":[{"href":"https:\/\/www.europesays.com\/fr\/wp-json\/wp\/v2\/posts"}],"about":[{"href":"https:\/\/www.europesays.com\/fr\/wp-json\/wp\/v2\/types\/post"}],"author":[{"embeddable":true,"href":"https:\/\/www.europesays.com\/fr\/wp-json\/wp\/v2\/users\/2"}],"replies":[{"embeddable":true,"href":"https:\/\/www.europesays.com\/fr\/wp-json\/wp\/v2\/comments?post=324661"}],"version-history":[{"count":0,"href":"https:\/\/www.europesays.com\/fr\/wp-json\/wp\/v2\/posts\/324661\/revisions"}],"wp:featuredmedia":[{"embeddable":true,"href":"https:\/\/www.europesays.com\/fr\/wp-json\/wp\/v2\/media\/324662"}],"wp:attachment":[{"href":"https:\/\/www.europesays.com\/fr\/wp-json\/wp\/v2\/media?parent=324661"}],"wp:term":[{"taxonomy":"category","embeddable":true,"href":"https:\/\/www.europesays.com\/fr\/wp-json\/wp\/v2\/categories?post=324661"},{"taxonomy":"post_tag","embeddable":true,"href":"https:\/\/www.europesays.com\/fr\/wp-json\/wp\/v2\/tags?post=324661"}],"curies":[{"name":"wp","href":"https:\/\/api.w.org\/{rel}","templated":true}]}}