{"id":324663,"date":"2025-08-17T10:31:23","date_gmt":"2025-08-17T10:31:23","guid":{"rendered":"https:\/\/www.europesays.com\/fr\/324663\/"},"modified":"2025-08-17T10:31:23","modified_gmt":"2025-08-17T10:31:23","slug":"le-zero-pointe-terrible-des-rouge-et-noir-pour-leur-premiere-sortie-de-la-saison","status":"publish","type":"post","link":"https:\/\/www.europesays.com\/fr\/324663\/","title":{"rendered":"le z\u00e9ro point\u00e9 terrible des Rouge et Noir pour leur premi\u00e8re sortie de la saison"},"content":{"rendered":"<p>Le Stade Toulousain n\u2019en a jamais fait une priorit\u00e9, et ce n\u2019est pas cette premi\u00e8re \u00e9tape qui devrait les faire changer d\u2019avis. Depuis le lancement des \u00e9tapes In Extenso Super Sevens, les champions de France envoient r\u00e9guli\u00e8rement des \u00e9quipes rajeunies, avec peu de cadres. Une fois encore, pendant que l\u2019effectif professionnel est en Bretagne pour peaufiner sa pr\u00e9paration avant la reprise du Top 14, seul Nelson Ep\u00e9e \u00e9tait l\u00e0 pour entourer les Espoirs sur cette premi\u00e8re \u00e9tape \u00e0 Mont-de-Marsan, <a href=\"https:\/\/www.quinzemondial.com\/top-14\/stade-toulousain-la-liste-du-club-pour-le-sevens-un-champion-olympique-et-le-fils-de-mola-presents-817893\" rel=\"nofollow noopener\" target=\"_blank\">dont un certain Rom\u00e9o Mola, fils d\u2019Ugo.<\/a><\/p>\n<p>Deux d\u00e9faites et une derni\u00e8re place<\/p>\n<p>Sous un soleil de plomb, le Stade Toulousain a connu une journ\u00e9e difficile. Les Rouge et Noir se sont d\u2019abord lourdement inclin\u00e9s face \u00e0 Montauban (20-0). Ils ont encha\u00een\u00e9 par une nouvelle d\u00e9faite face au Racing (14-5). Le club termine ainsi \u00e0 la derni\u00e8re place de cette premi\u00e8re \u00e9tape, remport\u00e9e par Monaco.<\/p>\n<blockquote class=\"twitter-tweet\">\n<p dir=\"ltr\" lang=\"fr\">Le classement \u00e0 l&rsquo;issue de la premi\u00e8re \u00e9tape de <a href=\"https:\/\/twitter.com\/hashtag\/InExtensoSupersevens?src=hash&amp;ref_src=twsrc%5Etfw\" rel=\"nofollow noopener\" target=\"_blank\">#InExtensoSupersevens<\/a> 2025 \ud83d\udc4a <a href=\"https:\/\/t.co\/WOp9a7esin\" rel=\"nofollow\">pic.twitter.com\/WOp9a7esin<\/a><\/p>\n<p>\u2014 IN EXTENSO SUPERSEVENS Rugby (@supersevens) <a href=\"https:\/\/twitter.com\/supersevens\/status\/1956835949062578484?ref_src=twsrc%5Etfw\" rel=\"nofollow noopener\" target=\"_blank\">August 16, 2025<\/a><\/p>\n<\/blockquote>\n<p>Partagez cette info avec vos amis et vos proches en cliquant ici<br \/>Pour r\u00e9sumer<\/p>\n<p>Le Stade Toulousain a termin\u00e9 \u00e0 la derni\u00e8re place de la premi\u00e8re \u00e9tape de l\u2019In Extenso Super Sevens \u00e0 Mont-de-Marsan. Les jeunes joueurs rouge et noir ont encha\u00een\u00e9 les d\u00e9faites face \u00e0 Montauban puis face au Racing 92.<\/p>\n<p> <img decoding=\"async\" width=\"76\" height=\"76\" loading=\"lazy\" src=\"https:\/\/www.europesays.com\/fr\/wp-content\/uploads\/2025\/04\/avatar-quinze.png\" alt=\"Arnaud D\u00e9chelotte\"\/><script async src=\"https:\/\/platform.twitter.com\/widgets.js\" charset=\"utf-8\"><\/script><\/p>\n","protected":false},"excerpt":{"rendered":"Le Stade Toulousain n\u2019en a jamais fait une priorit\u00e9, et ce n\u2019est pas cette premi\u00e8re \u00e9tape qui devrait&hellip;\n","protected":false},"author":2,"featured_media":324664,"comment_status":"","ping_status":"","sticky":false,"template":"","format":"standard","meta":{"footnotes":""},"categories":[1416],"tags":[1011,27,479,1468,60],"class_list":{"0":"post-324663","1":"post","2":"type-post","3":"status-publish","4":"format-standard","5":"has-post-thumbnail","7":"category-rugby","8":"tag-fr","9":"tag-france","10":"tag-rugby","11":"tag-rugby-football","12":"tag-sports"},"share_on_mastodon":{"url":"https:\/\/pubeurope.com\/@fr\/115043649949985101","error":""},"_links":{"self":[{"href":"https:\/\/www.europesays.com\/fr\/wp-json\/wp\/v2\/posts\/324663","targetHints":{"allow":["GET"]}}],"collection":[{"href":"https:\/\/www.europesays.com\/fr\/wp-json\/wp\/v2\/posts"}],"about":[{"href":"https:\/\/www.europesays.com\/fr\/wp-json\/wp\/v2\/types\/post"}],"author":[{"embeddable":true,"href":"https:\/\/www.europesays.com\/fr\/wp-json\/wp\/v2\/users\/2"}],"replies":[{"embeddable":true,"href":"https:\/\/www.europesays.com\/fr\/wp-json\/wp\/v2\/comments?post=324663"}],"version-history":[{"count":0,"href":"https:\/\/www.europesays.com\/fr\/wp-json\/wp\/v2\/posts\/324663\/revisions"}],"wp:featuredmedia":[{"embeddable":true,"href":"https:\/\/www.europesays.com\/fr\/wp-json\/wp\/v2\/media\/324664"}],"wp:attachment":[{"href":"https:\/\/www.europesays.com\/fr\/wp-json\/wp\/v2\/media?parent=324663"}],"wp:term":[{"taxonomy":"category","embeddable":true,"href":"https:\/\/www.europesays.com\/fr\/wp-json\/wp\/v2\/categories?post=324663"},{"taxonomy":"post_tag","embeddable":true,"href":"https:\/\/www.europesays.com\/fr\/wp-json\/wp\/v2\/tags?post=324663"}],"curies":[{"name":"wp","href":"https:\/\/api.w.org\/{rel}","templated":true}]}}