{"id":324667,"date":"2025-08-17T10:36:31","date_gmt":"2025-08-17T10:36:31","guid":{"rendered":"https:\/\/www.europesays.com\/fr\/324667\/"},"modified":"2025-08-17T10:36:31","modified_gmt":"2025-08-17T10:36:31","slug":"martin-a-gache-son-sprint-en-semmelant-les-pinceaux","status":"publish","type":"post","link":"https:\/\/www.europesays.com\/fr\/324667\/","title":{"rendered":"Mart\u00edn a g\u00e2ch\u00e9 son sprint en s&#8217;emm\u00ealant les pinceaux"},"content":{"rendered":"<p>Le manque d&rsquo;exp\u00e9rience sur l&rsquo;Aprilia a probablement co\u00fbt\u00e9 des points \u00e0 <a href=\"https:\/\/fr.motorsport.com\/driver\/jorge-martin\/109391\/\" target=\"_blank\" rel=\"noopener nofollow\">Jorge Mart\u00edn<\/a> lors du sprint au Red Bull Ring. Contrairement \u00e0 son co\u00e9quipier <a href=\"https:\/\/fr.motorsport.com\/driver\/marco-bezzecchi\/441839\/\" target=\"_blank\" rel=\"noopener nofollow\">Marco Bezzecchi<\/a>, qui a r\u00e9ussi \u00e0 s&rsquo;extirper de la Q1 pour signer la pole position, le champion du monde en titre a \u00e9t\u00e9 \u00e9limin\u00e9 d\u00e8s la premi\u00e8re partie des qualifications et il n&rsquo;\u00e9tait que 14e sur la <a href=\"https:\/\/fr.motorsport.com\/motogp\/news\/grille-depart-gp-autriche-motogp-2025\/10751054\/\" rel=\"nofollow noopener\" target=\"_blank\">grille de d\u00e9part<\/a>, mais il a pris un bon envol et a profit\u00e9 des soucis de plusieurs pilotes pour aborder le premier virage en septi\u00e8me position.<\/p>\n<p>Mart\u00edn a \u00e9cart\u00e9 sa trajectoire une premi\u00e8re fois, ce qui a permis \u00e0 <a href=\"https:\/\/fr.motorsport.com\/driver\/fabio-di-giannantonio\/289538\/\" target=\"_blank\" rel=\"noopener nofollow\">Fabio Di Giannantonio<\/a> de repasser devant lui, puis une seconde fois \u00e0 la chicane du virage 2, cette fois en passant hors piste. La cause\u00a0? Un variateur de hauteur toujours abaiss\u00e9 sur l&rsquo;Aprilia.<\/p>\n<p>\u00ab\u00a0Je suis un peu d\u00e9\u00e7u du premier tour parce que j&rsquo;ai oubli\u00e9 de d\u00e9sactiver des dispositifs\u00a0\u00bb, a reconnu Mart\u00edn.\u00a0\u00ab\u00a0Au premier virage, j&rsquo;\u00e9tais juste \u00e0 100 km\/h et avant le virage 2, j&rsquo;ai d\u00fb tirer tout droit parce que j&rsquo;avais le variateur de hauteur arri\u00e8re enclench\u00e9. Je suis pass\u00e9 de la septi\u00e8me ou huiti\u00e8me place \u00e0 la 16e. Quand on est derri\u00e8re, tout devient tr\u00e8s difficile.\u00a0\u00bb<\/p>\n<p>\u00ab\u00a0C&rsquo;est s\u00fbr que c&rsquo;est d\u00fb \u00e0 un manque de tours sur l&rsquo;Aprilia\u00a0\u00bb, a soulign\u00e9 l&rsquo;Espagnol. \u00ab\u00a0Je sais comment tout faire mais il y a trop de choses \u00e0 faire maintenant dans la proc\u00e9dure de d\u00e9part. J&rsquo;ai \u00e9t\u00e9 un peu bloqu\u00e9. Je pense que tout viendra plus facilement jour apr\u00e8s jour. J&rsquo;ai vu avec [Daniele] Romagnoli [son chef m\u00e9canicien] que c&rsquo;\u00e9tait mon 18e relais sur la moto, et pour Bezzecchi c&rsquo;\u00e9tait le 400e, donc il me manque quelques relais ! Je pense qu&rsquo;il nous faut du temps.\u00a0\u00bb<\/p>\n<p>Mart\u00edn a n\u00e9anmoins r\u00e9ussi plusieurs d\u00e9passements et a vu l&rsquo;arriv\u00e9e \u00e0 la porte des points, derri\u00e8re <a href=\"https:\/\/fr.motorsport.com\/driver\/johann-zarco\/96107\/\" target=\"_blank\" rel=\"noopener nofollow\">Johann Zarco<\/a>, ce qui lui donne de l&rsquo;espoir\u00a0: \u00ab\u00a0Je me sens fort, je sens que j&rsquo;\u00e9tais plus performant que les pilotes devant moi donc je les ai doubl\u00e9s et ce qui est important, c&rsquo;est que j&rsquo;ai commenc\u00e9 \u00e0 sentir des choses sur la moto. Je sens quand je suis \u00e0 la limite avec l&rsquo;avant, quand je peux attaquer plus, quand je peux attaquer moins.\u00a0\u00bb<\/p>\n<p><img decoding=\"async\" class=\"sizer\" draggable=\"false\" src=\"data:image\/png;base64,iVBORw0KGgoAAAANSUhEUgAAABAAAAAJCAYAAAA7KqwyAAAAGXRFWHRTb2Z0d2FyZQBBZG9iZSBJbWFnZVJlYWR5ccllPAAAABpJREFUeNpi\/P\/\/PwMlgImBQjBqwLAwACDAAOVfAw9\/ZDvcAAAAAElFTkSuQmCC\" alt=\"\" loading=\"lazy\"\/><\/p>\n<p class=\"title\">VID\u00c9O &#8211; R\u00c9SUM\u00c9 : La course sprint au GP d&rsquo;Autriche<\/p>\n<p>\u00ab\u00a0M\u00eame quand j&rsquo;\u00e9tais derri\u00e8re et que tout chauffait, le moteur et les pneus \u00e9taient tr\u00e8s chauds, j&rsquo;arrivais \u00e0 doubler. J&rsquo;ai failli revenir sur Johann [Zarco] \u2013 je suis revenu mais je n&rsquo;ai pas pu tenter une man\u0153uvre \u2013 pour prendre un point. Passer de 16e \u00e0 dixi\u00e8me, ce n&rsquo;est pas mauvais. Je sens que c&rsquo;\u00e9tait une journ\u00e9e positive pour notre propre processus.\u00a0\u00bb<\/p>\n<p>\u00ab\u00a0En termes de rythme, au d\u00e9but j&rsquo;ai \u00e9t\u00e9 coinc\u00e9 derri\u00e8re d&rsquo;autres pilotes mais je n&rsquo;\u00e9tais pas loin\u00a0\u00bb, s&rsquo;est f\u00e9licit\u00e9 Mart\u00edn. \u00ab\u00a0Mon meilleur tour a \u00e9t\u00e9 en 1&rsquo;30&Prime;0, ce qui n&rsquo;est pas mauvais. Je ne veux pas me concentrer sur le r\u00e9sultat. C&rsquo;est s\u00fbr que la dixi\u00e8me place n&rsquo;est pas un d\u00e9sastre, mais je suis content de mes progr\u00e8s et de mes sensations sur la moto.\u00a0\u00bb<\/p>\n<p>Des signaux tr\u00e8s positifs<\/p>\n<p>Apr\u00e8s les essais de vendredi, Jorge Mart\u00edn confiait avoir encore <a href=\"https:\/\/fr.motorsport.com\/motogp\/news\/martin-rassure-trouble-chute-spielberg\/10751044\/\" rel=\"nofollow noopener\" target=\"_blank\">l&rsquo;impression d&rsquo;\u00eatre dans sa pr\u00e9-saison<\/a> puisqu&rsquo;il ne dispute que son troisi\u00e8me week-end de course de l&rsquo;ann\u00e9e et qu&rsquo;il avait seulement boucl\u00e9 12 tours avant de se blesser l&rsquo;hiver dernier. Les enseignements ont donc \u00e9t\u00e9 nombreux pendant le sprint.<\/p>\n<p>\u00ab\u00a0Je sens que je ne profite pas encore des points positifs [de la moto], comme le freinage et l&rsquo;entr\u00e9e de courbe, il me manque encore un peu de confiance. En course, j&rsquo;\u00e9tais de plus en plus confiant.\u00a0\u00bb<\/p>\n<p>Chaque d\u00e9passement a cependant pris des allures de d\u00e9fi \u00e0 relever pour Mart\u00edn\u00a0: \u00ab\u00a0Dans certaines man\u0153uvres, je ne savais pas si j&rsquo;arriverais \u00e0 freiner la moto et je l&rsquo;ai fait. \u00c0 chaque fois que je le fais, c&rsquo;est un entra\u00eenement : &lsquo;OK, je peux le faire, OK, je peux le faire&rsquo;. Je progresse.\u00a0\u00bb<\/p>\n<p>   <img decoding=\"async\" draggable=\"false\" src=\"https:\/\/www.europesays.com\/fr\/wp-content\/uploads\/2025\/08\/1755426991_348_jorge-martin-aprilia-racing.jpg\" alt=\"Jorge Martin, Aprilia Racing\" width=\"1200\" height=\"800\" loading=\"lazy\"\/> <\/p>\n<p class=\"title\">Jorge Mart\u00edn<\/p>\n<p class=\"photographer\">Photo de: Gold and Goose Photography \/ LAT Images \/ via Getty Images<\/p>\n<p>En comparant ses donn\u00e9es avec celles des autres pilotes Aprilia, Mart\u00edn voit qu&rsquo;il a encore certaines faiblesses&#8230; mais aussi qu&rsquo;il a d\u00e9j\u00e0 plusieurs forces \u00e0 son actif\u00a0: \u00ab\u00a0Il m&rsquo;en manque \u00e0 l&rsquo;acc\u00e9l\u00e9ration, avec du patinage \u00e0 l&rsquo;arri\u00e8re. Je pense qu&rsquo;on a du mal \u00e0 mettre le poids sur l&rsquo;arri\u00e8re. C&rsquo;est une chose \u00e0 am\u00e9liorer mais dans l&rsquo;ensemble, la moto fonctionne tr\u00e8s bien.\u00a0\u00bb<\/p>\n<p>\u00ab\u00a0Je pense que c&rsquo;est notre plus mauvaise piste jusqu&rsquo;\u00e0 la fin de la saison et on peut voir que Ra\u00fal [Fern\u00e1ndez] et Marco pilotent un peu mieux que moi. Par rapport \u00e0 moi, il y a peut-\u00eatre deux virages o\u00f9 j&rsquo;ai un peu plus de mal, mais sur le reste, je peux m\u00eame \u00eatre plus rapide qu&rsquo;eux \u00e0 certains endroits. Je suis content, je pilote bien. Je m&rsquo;habitue \u00e0 la moto et au potentiel de la moto. Je pense que c&rsquo;est juste une question de temps.\u00a0\u00bb<\/p>\n<p>Lire aussi :<\/p>\n<p>Dans cet article<\/p>\n<p>Soyez le premier inform\u00e9 et souscrivez aux alertes mails pour recevoir les infos en temps r\u00e9el<\/p>\n<p>    S&rsquo;abonner aux alertes de news<\/p>\n","protected":false},"excerpt":{"rendered":"Le manque d&rsquo;exp\u00e9rience sur l&rsquo;Aprilia a probablement co\u00fbt\u00e9 des points \u00e0 Jorge Mart\u00edn lors du sprint au Red&hellip;\n","protected":false},"author":2,"featured_media":324668,"comment_status":"","ping_status":"","sticky":false,"template":"","format":"standard","meta":{"footnotes":""},"categories":[1413],"tags":[3563,1011,27,34489,3564,46174,1457,1456,1458,34490,60],"class_list":{"0":"post-324667","1":"post","2":"type-post","3":"status-publish","4":"format-standard","5":"has-post-thumbnail","7":"category-moto","8":"tag-aprilia-racing-team","9":"tag-fr","10":"tag-france","11":"tag-gp-dautriche","12":"tag-jorge-martu00edn","13":"tag-martu00edn-a-gu00e2chu00e9-son-sprint-en-semmu00ealant-les-pinceaux","14":"tag-moto","15":"tag-motocycle","16":"tag-motogp","17":"tag-red-bull-ring","18":"tag-sports"},"share_on_mastodon":{"url":"https:\/\/pubeurope.com\/@fr\/115043669452153077","error":""},"_links":{"self":[{"href":"https:\/\/www.europesays.com\/fr\/wp-json\/wp\/v2\/posts\/324667","targetHints":{"allow":["GET"]}}],"collection":[{"href":"https:\/\/www.europesays.com\/fr\/wp-json\/wp\/v2\/posts"}],"about":[{"href":"https:\/\/www.europesays.com\/fr\/wp-json\/wp\/v2\/types\/post"}],"author":[{"embeddable":true,"href":"https:\/\/www.europesays.com\/fr\/wp-json\/wp\/v2\/users\/2"}],"replies":[{"embeddable":true,"href":"https:\/\/www.europesays.com\/fr\/wp-json\/wp\/v2\/comments?post=324667"}],"version-history":[{"count":0,"href":"https:\/\/www.europesays.com\/fr\/wp-json\/wp\/v2\/posts\/324667\/revisions"}],"wp:featuredmedia":[{"embeddable":true,"href":"https:\/\/www.europesays.com\/fr\/wp-json\/wp\/v2\/media\/324668"}],"wp:attachment":[{"href":"https:\/\/www.europesays.com\/fr\/wp-json\/wp\/v2\/media?parent=324667"}],"wp:term":[{"taxonomy":"category","embeddable":true,"href":"https:\/\/www.europesays.com\/fr\/wp-json\/wp\/v2\/categories?post=324667"},{"taxonomy":"post_tag","embeddable":true,"href":"https:\/\/www.europesays.com\/fr\/wp-json\/wp\/v2\/tags?post=324667"}],"curies":[{"name":"wp","href":"https:\/\/api.w.org\/{rel}","templated":true}]}}