{"id":324681,"date":"2025-08-17T10:44:12","date_gmt":"2025-08-17T10:44:12","guid":{"rendered":"https:\/\/www.europesays.com\/fr\/324681\/"},"modified":"2025-08-17T10:44:12","modified_gmt":"2025-08-17T10:44:12","slug":"moi-je-signe-tout-de-suite-oscar-sisto-se-dit-pret-a-faire-son-grand-retour-dans-star-academy-en-tant-que-professeur","status":"publish","type":"post","link":"https:\/\/www.europesays.com\/fr\/324681\/","title":{"rendered":"\u201cMoi je signe tout de suite\u201d : Oscar Sisto se dit pr\u00eat \u00e0 faire son grand retour dans \u201cStar Academy\u201d en tant que professeur"},"content":{"rendered":"<p>            <img loading=\"lazy\" decoding=\"async\" src=\"https:\/\/www.europesays.com\/fr\/wp-content\/uploads\/2025\/05\/76-64f37ccd06ff0-35x35-1.jpg\" class=\"author-article-picture\" width=\"35\" height=\"35\"\/><\/p>\n<p>                Par<br \/>\n                                    <a class=\"author-article-bio-link\" href=\"https:\/\/www.ozap.com\/auteur\/guillaume-faivre_a76\" rel=\"nofollow noopener\" target=\"_blank\">Guillaume Faivre<\/a><br \/>\n                                                    | Journaliste<\/p>\n<p>\n                Lorsque Guillaume Faivre est devant son petit \u00e9cran, c\u2019est pour regarder \u201cFort Boyard\u201d, son \u00e9mission f\u00e9tiche. Lorsqu\u2019il est devant son \u00e9cran de t\u00e9l\u00e9phone, c\u2019est pour voir \u201cLupin\u201d, sa s\u00e9rie pr\u00e9f\u00e9r\u00e9e. Lorsqu\u2019il est devant son \u00e9cran d\u2019ordi, le dimanche, c\u2019est pour \u00e9crire des articles pour Purem\u00e9dias.\n            <\/p>\n<p>\n    L\u2019ex-prof culte s\u2019est livr\u00e9 dans \u201cT\u00e9l\u00e9 Star\u201d sur son envie de faire partie de la prochaine saison du t\u00e9l\u00e9-crochet de TF1.\n<\/p>\n<p>                            <img loading=\"lazy\" decoding=\"async\" class=\"player-thumbnail\" src=\"https:\/\/www.europesays.com\/fr\/wp-content\/uploads\/2025\/08\/bc6df8b9702cc38a-580x326-1.jpg\" width=\"580\" height=\"326\"\/><\/p>\n<p>                    Bande-annonce de la \u00ab\u00a0Star Academy\u00a0\u00bb 2024 \u00a9 Bestimage<\/p>\n<p>La suite apr\u00e8s la publicit\u00e9<\/p>\n<p>Ses cours ont incontestablement marqu\u00e9 bon nombre de t\u00e9l\u00e9spectateurs\u2026 Souvenez-vous, en 2001, Oscar Sisto est devenu professeur de th\u00e9\u00e2tre pour la \u201c<a href=\"https:\/\/www.ozap.com\/actu\/star-academy-une-chanteuse-revele-comment-son-passage-dans-le-tele-crochet-de-tf1-a-permis-a-son-titre-d-exploser-tous-les-records\/650965\" rel=\"nofollow noopener\" target=\"_blank\">Star Academy<\/a>\u201d sur TF1, o\u00f9 il a offici\u00e9 pendant trois saisons. Dans une interview accord\u00e9e au magazine \u201cT\u00e9l\u00e9 Star\u201d qui sera publi\u00e9 ce lundi 18 ao\u00fbt, le sexag\u00e9naire a expliqu\u00e9 qu\u2019il serait ravi d\u2019enseigner de nouveau au ch\u00e2teau de Dammarie-les-Lys.<\/p>\n<p>\u201cJ\u2019ai eu beaucoup de retours positifs\u201d<\/p>\n<p>Au journaliste Cl\u00e9ment Machetto, l\u2019Argentin, qui est \u00e9galement com\u00e9dien, compositeur et metteur en sc\u00e8ne, a confi\u00e9 au sujet de sa derni\u00e8re participation au programme anim\u00e9 par <a href=\"https:\/\/www.ozap.com\/personnalite\/nikos-aliagas_e274\" rel=\"nofollow noopener\" target=\"_blank\">Nikos Aliagas<\/a> : \u00ab\u00a0J&rsquo;ai eu beaucoup de retours positifs lors de mon dernier passage. Alors m\u00eame si rien n&rsquo;est confirm\u00e9, je dirai &lsquo;peut-\u00eatre&rsquo; avec un sourire en coin. En tout cas, moi je signe tout de suite !\u00a0\u00bb.<\/p>\n<p>Au cours du m\u00eame entretien, Oscar Sisto a r\u00e9v\u00e9l\u00e9 pourquoi il avait refus\u00e9 d\u2019\u00eatre candidat dans l\u2019\u00e9mission de Camille Combal \u201c<a href=\"https:\/\/www.ozap.com\/actu\/mask-singer-elodie-poux-quitte-deja-lemission-michael-youn-rejoint-lequipe-denqueteurs-pour-la-saison-8\/650625\" rel=\"nofollow noopener\" target=\"_blank\">Mask Singer<\/a>\u201d. Il a ainsi racont\u00e9 par rapport au divertissement dans lequel les c\u00e9l\u00e9brit\u00e9s chantent sous d&rsquo;improbables costumes : \u00ab\u00a0On me l&rsquo;avait propos\u00e9, mais les dates ne collaient pas. Ceci dit, j&rsquo;adorerais ce genre de challenge. Comme jouer un guest dans une fiction quotidienne. Je trouverais \u00e7a formidable !\u00a0\u00bb.<\/p>\n<p>A lire aussi : <a href=\"https:\/\/www.ozap.com\/actu\/audiences-quelle-performance-pour-star-academy-le-concert-evenement-enregistre-au-zenith-de-lille-sur-tf1\/651139\" rel=\"nofollow noopener\" target=\"_blank\">Audiences : Quelle performance pour \u00ab\u00a0Star Academy : le concert \u00e9v\u00e9nement\u00a0\u00bb enregistr\u00e9 au Z\u00e9nith de Lille sur TF1 ?<\/a><\/p>\n<p>Mais quel avenir pour <a href=\"https:\/\/www.ozap.com\/actu\/-star-academy-2024-qui-est-hugues-hamelynck-le-nouveau-professeur-de-theatre-qui-remplace-pierre-de-brauer\/646073\" rel=\"nofollow noopener\" target=\"_blank\">Hugues Hamelynck<\/a>, l&rsquo;actuel professeur de th\u00e9\u00e2tre de la \u201cStar Ac\u201d si Oscar Sisto venait \u00e0 faire son grand retour lors de la prochaine \u00e9dition ? Il y a quelques jours, alors qu\u2019il \u00e9tait invit\u00e9 dans le podcast \u201cFace \u00e0 la juge Gruwez\u201d, Hugues Hamelynck avait indiqu\u00e9 : \u201cOn ne m&rsquo;a pas recontact\u00e9 pour le moment, mais on est dans un timing normal. C&rsquo;\u00e9tait comme \u00e7a, c&rsquo;\u00e9tait pr\u00e9vu. L&rsquo;envie est l\u00e0 mais il y a \u00e9norm\u00e9ment de choses que, j&rsquo;imagine, la production doit construire pour savoir si oui ou non, elle renouvelle son casting. Je ne connais pas les enjeux strat\u00e9giques, mais aucun prof, pour le moment, n&rsquo;a \u00e9t\u00e9 recontact\u00e9\u00a0\u00bb.<\/p>\n","protected":false},"excerpt":{"rendered":"Par Guillaume Faivre | Journaliste Lorsque Guillaume Faivre est devant son petit \u00e9cran, c\u2019est pour regarder \u201cFort Boyard\u201d,&hellip;\n","protected":false},"author":2,"featured_media":324682,"comment_status":"","ping_status":"","sticky":false,"template":"","format":"standard","meta":{"footnotes":""},"categories":[1356],"tags":[58,59,1011,27,252,1364],"class_list":{"0":"post-324681","1":"post","2":"type-post","3":"status-publish","4":"format-standard","5":"has-post-thumbnail","7":"category-television","8":"tag-divertissement","9":"tag-entertainment","10":"tag-fr","11":"tag-france","12":"tag-television","13":"tag-tv"},"share_on_mastodon":{"url":"https:\/\/pubeurope.com\/@fr\/115043700939223717","error":""},"_links":{"self":[{"href":"https:\/\/www.europesays.com\/fr\/wp-json\/wp\/v2\/posts\/324681","targetHints":{"allow":["GET"]}}],"collection":[{"href":"https:\/\/www.europesays.com\/fr\/wp-json\/wp\/v2\/posts"}],"about":[{"href":"https:\/\/www.europesays.com\/fr\/wp-json\/wp\/v2\/types\/post"}],"author":[{"embeddable":true,"href":"https:\/\/www.europesays.com\/fr\/wp-json\/wp\/v2\/users\/2"}],"replies":[{"embeddable":true,"href":"https:\/\/www.europesays.com\/fr\/wp-json\/wp\/v2\/comments?post=324681"}],"version-history":[{"count":0,"href":"https:\/\/www.europesays.com\/fr\/wp-json\/wp\/v2\/posts\/324681\/revisions"}],"wp:featuredmedia":[{"embeddable":true,"href":"https:\/\/www.europesays.com\/fr\/wp-json\/wp\/v2\/media\/324682"}],"wp:attachment":[{"href":"https:\/\/www.europesays.com\/fr\/wp-json\/wp\/v2\/media?parent=324681"}],"wp:term":[{"taxonomy":"category","embeddable":true,"href":"https:\/\/www.europesays.com\/fr\/wp-json\/wp\/v2\/categories?post=324681"},{"taxonomy":"post_tag","embeddable":true,"href":"https:\/\/www.europesays.com\/fr\/wp-json\/wp\/v2\/tags?post=324681"}],"curies":[{"name":"wp","href":"https:\/\/api.w.org\/{rel}","templated":true}]}}