{"id":324690,"date":"2025-08-17T10:49:10","date_gmt":"2025-08-17T10:49:10","guid":{"rendered":"https:\/\/www.europesays.com\/fr\/324690\/"},"modified":"2025-08-17T10:49:10","modified_gmt":"2025-08-17T10:49:10","slug":"guillaume-durand-miracule-survivre-pour-lanimateur-revient-sur-son-cancer-de-la-machoire","status":"publish","type":"post","link":"https:\/\/www.europesays.com\/fr\/324690\/","title":{"rendered":"Guillaume Durand miracul\u00e9 : \u201cSurvivre pour\u2026\u00a0\u00bb, l\u2019animateur revient sur son cancer de la m\u00e2choire"},"content":{"rendered":"<p><a href=\"https:\/\/www.closermag.fr\/people\/cetait-prevu-ainsi-guillaume-durand-contraint-de-faire-une-longue-pause-mediatique-3565247\" rel=\"nofollow noopener\" target=\"_blank\"><br \/>\nGuillaume Durand<\/a> est un miracul\u00e9. En 2021, <a href=\"https:\/\/www.closermag.fr\/people\/guillaume-durand-ces-trois-etudiantes-qui-voulaient-jouer-du-pipeau-avec-lui-1638766\" rel=\"nofollow noopener\" target=\"_blank\"><br \/>\nle journaliste et animateur de radio de 72 an<\/a>s apprend qu\u2019il<br \/>\nsouffre d\u2019un <a href=\"https:\/\/www.closermag.fr\/people\/guillaume-durand-atteint-d-un-cancer-de-la-machoire-demi-momie-il-revient-sur-sa-douloureuse-lutte-1665397#item=1\" rel=\"nofollow noopener\" target=\"_blank\"><br \/>\ncancer de la m\u00e2choire<\/a>.\u00a0 Apr\u00e8s plusieurs erreurs de<br \/>\ndiagnostic, une tumeur de cinq centim\u00e8tres est finalement<br \/>\nd\u00e9couverte. Il est alors op\u00e9r\u00e9 le 25 juin 2021. Une<br \/>\n<strong>intervention lourde<\/strong>, d\u2019une dizaine d\u2019heures, au<br \/>\ncours de laquelle <strong>une partie de sa m\u00e2choire est<br \/>\nretir\u00e9e<\/strong> puis reconstruite \u00e0 l\u2019aide d\u2019un fragment de son<br \/>\np\u00e9ron\u00e9.<\/p>\n<p data-start=\"531\" data-end=\"992\">\u00c0 cette chirurgie s\u2019ajoutent des<br \/>\ns\u00e9ances de <strong data-start=\"575\" data-end=\"613\">radioth\u00e9rapie et<br \/>\nde chimioth\u00e9rapie<\/strong>. Fatigue, perte de poids (pr\u00e8s de 15<br \/>\nkilos) et douleurs persistantes marquent sa convalescence. Depuis<br \/>\njanvier 2022, Guillaume Durand est en <strong data-start=\"757\" data-end=\"770\">r\u00e9mission<\/strong>. Mais il\u00a0reconna\u00eet vivre<br \/>\navec des s\u00e9quelles physiques quotidiennes. Aujourd\u2019hui, il t\u00e9moigne<br \/>\nr\u00e9guli\u00e8rement de son parcours, notamment pour sensibiliser au<br \/>\nd\u00e9pistage des cancers ORL et \u00e9viter les retards de diagnostic.<\/p>\n<p>\u00ab\u00a0Pouvais-je la laisser<br \/>\nseule ? \u00c9videmment non\u00a0\u00bb\u00a0<\/p>\n<p data-start=\"531\" data-end=\"992\">Sa raison de continuer \u00e0 se<br \/>\nbattre ? Son \u00e9pouse, <a href=\"https:\/\/www.closermag.fr\/people\/guillaume-durand-qui-est-sa-femme-diane-de-mac-mahon-ex-epouse-d-un-celebre-auteur-1688366\" rel=\"nofollow noopener\" target=\"_blank\"><br \/>\nDiane de Mac Mahon<\/a>, qui <strong>lui donne de l&rsquo;amour<br \/>\n(<\/strong>et \u00e0 qui il en donne) depuis plus de seize ans. Dans un<br \/>\nentretien \u00e0 la Tribune Dimanche, il a clairement confi\u00e9 que son<br \/>\nobjectif \u00e9tait de \u00ab\u00a0survivre\u00a0\u00bb pour elle. Et \u00e9galement pour ses<br \/>\nenfants, et <strong>surtout sa \u00ab\u00a0deuxi\u00e8me fille\u00a0\u00bb<\/strong>, encore<br \/>\npetite, n\u00e9e en 2008 de sa relation avec Diane. \u00ab\u00a0Pouvais-je la<br \/>\nlaisser seule ? \u00c9videmment non\u00a0\u00bb, a-t-il livr\u00e9.<\/p>\n<p data-start=\"531\" data-end=\"992\">Diane de Mac Mahon, r\u00e9alisatrice<br \/>\net ancienne directrice d\u2019antenne d\u2019I-T\u00e9l\u00e9, est bien plus que<br \/>\nl\u2019\u00e9pouse de Guillaume Durand : elle incarne une <strong>pr\u00e9sence<br \/>\nrassurante et solide<\/strong> dans les pires moments. Pr\u00e9sente lors<br \/>\nd&rsquo;apparitions publiques, comme au vernissage de l\u2019exposition<br \/>\nBasquiat x Warhol \u00e0 la Fondation Louis Vuitton d\u00e9but avril 2023,<br \/>\nelle a \u00e9t\u00e9 \u00e0 ses c\u00f4t\u00e9s, <strong>tant dans l\u2019\u00e9preuve que dans la<br \/>\nreprise de ses activit\u00e9s<\/strong>. En affichant toujours une<br \/>\ns\u00e9r\u00e9nit\u00e9 discr\u00e8te et attentive.<\/p>\n<p>Guillaume Durand a tenu tr\u00e8s fort un petit mot de sa fille de 14<br \/>\nans lors des s\u00e9ances de radioth\u00e9rapie<\/p>\n<p data-start=\"531\" data-end=\"992\">Tout au long de ses traitements,<br \/>\nGuillaume Durand a pu compter sur le soutien de ses proches. Comme<br \/>\nil t\u00e9moigne, au-del\u00e0 des <a href=\"https:\/\/www.closermag.fr\/tv_tele_realite\/cette-nuit-petit-probleme-la-mise-au-point-de-guillaume-durand-sur-sa-sante-apres-une-absence-remarquee-3494834\" rel=\"nofollow noopener\" target=\"_blank\"><br \/>\nsoins m\u00e9dicaux<\/a>, <strong>\u00ab\u00a0un petit mot de ma fille de 14<br \/>\nans&rsquo;\u00a0<\/strong>qu\u2019il tenait serr\u00e9 dans sa main lors des<br \/>\ns\u00e9ances de radioth\u00e9rapie l&rsquo;a particuli\u00e8rement aid\u00e9. Il a aussi<br \/>\nsouvent soulign\u00e9 que \u00ab\u00a0l\u2019autre femme de sa vie, c\u2019est Diane de<br \/>\nMac Mahon \u00ab\u00a0, durant cette p\u00e9riode o\u00f9 la fragilit\u00e9 \u00e9tait \u00e0 son<br \/>\ncomble.<\/p>\n","protected":false},"excerpt":{"rendered":"Guillaume Durand est un miracul\u00e9. En 2021, le journaliste et animateur de radio de 72 ans apprend qu\u2019il&hellip;\n","protected":false},"author":2,"featured_media":324691,"comment_status":"","ping_status":"","sticky":false,"template":"","format":"standard","meta":{"footnotes":""},"categories":[8],"tags":[548,58,59,1011,27,46175],"class_list":{"0":"post-324690","1":"post","2":"type-post","3":"status-publish","4":"format-standard","5":"has-post-thumbnail","7":"category-divertissement","8":"tag-article-simple","9":"tag-divertissement","10":"tag-entertainment","11":"tag-fr","12":"tag-france","13":"tag-guillaume-durand"},"share_on_mastodon":{"url":"https:\/\/pubeurope.com\/@fr\/115043720617544283","error":""},"_links":{"self":[{"href":"https:\/\/www.europesays.com\/fr\/wp-json\/wp\/v2\/posts\/324690","targetHints":{"allow":["GET"]}}],"collection":[{"href":"https:\/\/www.europesays.com\/fr\/wp-json\/wp\/v2\/posts"}],"about":[{"href":"https:\/\/www.europesays.com\/fr\/wp-json\/wp\/v2\/types\/post"}],"author":[{"embeddable":true,"href":"https:\/\/www.europesays.com\/fr\/wp-json\/wp\/v2\/users\/2"}],"replies":[{"embeddable":true,"href":"https:\/\/www.europesays.com\/fr\/wp-json\/wp\/v2\/comments?post=324690"}],"version-history":[{"count":0,"href":"https:\/\/www.europesays.com\/fr\/wp-json\/wp\/v2\/posts\/324690\/revisions"}],"wp:featuredmedia":[{"embeddable":true,"href":"https:\/\/www.europesays.com\/fr\/wp-json\/wp\/v2\/media\/324691"}],"wp:attachment":[{"href":"https:\/\/www.europesays.com\/fr\/wp-json\/wp\/v2\/media?parent=324690"}],"wp:term":[{"taxonomy":"category","embeddable":true,"href":"https:\/\/www.europesays.com\/fr\/wp-json\/wp\/v2\/categories?post=324690"},{"taxonomy":"post_tag","embeddable":true,"href":"https:\/\/www.europesays.com\/fr\/wp-json\/wp\/v2\/tags?post=324690"}],"curies":[{"name":"wp","href":"https:\/\/api.w.org\/{rel}","templated":true}]}}