{"id":324694,"date":"2025-08-17T10:51:11","date_gmt":"2025-08-17T10:51:11","guid":{"rendered":"https:\/\/www.europesays.com\/fr\/324694\/"},"modified":"2025-08-17T10:51:11","modified_gmt":"2025-08-17T10:51:11","slug":"etats-unis-un-pilote-davion-arrete-ivre-avant-dassurer-un-vol-actualites","status":"publish","type":"post","link":"https:\/\/www.europesays.com\/fr\/324694\/","title":{"rendered":"\u00c9tats-Unis : un pilote d&rsquo;avion arr\u00eat\u00e9 ivre avant d\u2019assurer un vol : Actualit\u00e9s"},"content":{"rendered":"<p class=\"lead \"><strong>Les images d&rsquo;un commandant de bord, interpell\u00e9 en janvier dernier \u00e0 Savannah (G\u00e9orgie), alors qu\u2019il s\u2019appr\u00eatait \u00e0 d\u00e9coller pour Chicago en \u00e9tat d&rsquo;\u00e9bri\u00e9t\u00e9, ont \u00e9t\u00e9 rendues publiques cette semaine. Le pilote a depuis \u00e9t\u00e9 licenci\u00e9 par la compagnie.<\/strong><\/p>\n<p class=\"lead \">La vid\u00e9o vient de sortir. Le 15 janvier, vers 6 heures du matin, un pilote de Southwest Airlines a \u00e9t\u00e9 arr\u00eat\u00e9 en \u00e9tat d\u2019\u00e9bri\u00e9t\u00e9 alors qu\u2019il s\u2019appr\u00eatait \u00e0 prendre les commandes d\u2019un avion reliant Savannah (G\u00e9orgie) \u00e0 Chicago (Illinois). La sc\u00e8ne s\u2019est d\u00e9roul\u00e9e sur une passerelle de l\u2019a\u00e9roport international Savannah\/Hilton Head. Les images de l\u2019interpellation, rendues publiques cette semaine et relay\u00e9es par <a href=\"https:\/\/www.nbcnews.com\/news\/us-news\/video-shows-southwest-pilot-pulled-plane-taking-sobriety-test-dui-arre-rcna225270\" target=\"_blank\" rel=\"nofollow noopener\">NBC News<\/a>, montrent l\u2019intervention de la police a\u00e9roportuaire apr\u00e8s qu\u2019un agent de s\u00e9curit\u00e9 a signal\u00e9 une forte odeur d\u2019alcool.<\/p>\n<p class=\"lead \">Sur l&rsquo;enregistrement de la cam\u00e9ra embarqu\u00e9e, l\u2019agent des forces de l&rsquo;ordre demande au commandant de bord David Allsop s\u2019il a consomm\u00e9 de l\u2019alcool. L\u2019int\u00e9ress\u00e9 reconna\u00eet avoir bu \u00ab\u00a0quelques bi\u00e8res\u00a0\u00bb, \u00ab\u00a0environ trois\u00a0\u00bb, pr\u00e9cise-t-il, \u00ab\u00a0de la bi\u00e8re l\u00e9g\u00e8re, Miller Lite\u00a0\u00bb et \u00ab\u00a0il y a dix heures\u00a0\u00bb. Selon le rapport de police, \u00ab\u00a0M. Allsop avait les yeux inject\u00e9s de sang, larmoyants et le teint rouge\u00a0\u00bb. Se basant sur sa bonne foi, le pilote refuse d\u2019abord de se soumettre aux tests de sobri\u00e9t\u00e9, avant de s\u2019y r\u00e9soudre. L\u2019agent note que le commandant de bord a eu des difficult\u00e9s \u00e0 suivre la pointe d\u2019un stylo en mouvement et \u00e0 rester en \u00e9quilibre sur une jambe.<\/p>\n<p>                                                                                                <strong>Conduite en \u00e9tat d\u2019ivresse<\/strong><\/p>\n<p class=\"lead \">David Allsop a \u00e9t\u00e9 arr\u00eat\u00e9 pour conduite en \u00e9tat d\u2019ivresse. Southwest Airlines a indiqu\u00e9 vendredi 15 ao\u00fbt que le pilote \u00ab\u00a0a \u00e9t\u00e9 d\u00e9mis de ses fonctions imm\u00e9diatement apr\u00e8s l\u2019incident pr\u00e9sum\u00e9 et n\u2019est plus employ\u00e9 par Southwest Airlines\u00a0\u00bb. La Federal Aviation Administration (FAA), qui interdit aux pilotes de consommer de l\u2019alcool dans les huit heures pr\u00e9c\u00e9dant un vol ou de pr\u00e9senter un taux d\u2019alcool\u00e9mie sup\u00e9rieur \u00e0 0,04 %, a confirm\u00e9 avoir r\u00e9voqu\u00e9 la certification de l\u2019int\u00e9ress\u00e9.<\/p>\n<p class=\"lead \">De son c\u00f4t\u00e9, le <a href=\"https:\/\/nypost.com\/2025\/08\/16\/us-news\/moment-southwest-pilot-fails-sobriety-test-before-takeoff-captured-on-bodycam-footage\/\" target=\"_blank\" rel=\"nofollow noopener\">New York Post<\/a>, qui a visionn\u00e9 <a href=\"https:\/\/www.wtoc.com\/2025\/08\/15\/police-bodycam-footage-shows-entirety-southwest-airlines-pilots-dui-arrest\/\" target=\"_blank\" rel=\"nofollow noopener\">l&rsquo;int\u00e9gralit\u00e9 de la vid\u00e9o<\/a> d&rsquo;une dur\u00e9e sup\u00e9rieure \u00e0 30 minutes, note le pilote \u00ab\u00a0en train de lutter pour marcher en ligne droite dans la passerelle d&#8217;embarquement\u00a0\u00bb, et assure que le vol 3772 a bien pu d\u00e9coller, mais avec 4 heures de retard, apr\u00e8s que la compagnie a trouv\u00e9 un pilote \u2013 sobre \u2013 pour l&rsquo;assurer.<\/p>\n<p class=\"lead \">Ce n\u2019est pas un cas isol\u00e9, rel\u00e8ve <a href=\"https:\/\/www.tf1info.fr\/international\/un-pilote-d-avion-americain-controle-en-etat-d-ebriete-ivresse-alcool-et-arrete-juste-avant-un-vol-2389097.html\" target=\"_blank\" rel=\"nofollow noopener\">TF1 Info<\/a>. En 2023, un pilote de United Airlines avait \u00e9t\u00e9 condamn\u00e9 \u00e0 six mois de prison avec sursis, un an de suspension et 4.500 euros d\u2019amende, apr\u00e8s avoir \u00e9t\u00e9 contr\u00f4l\u00e9 positif une heure avant le d\u00e9collage d\u2019un Boeing 777 \u00e0 destination de Dallas. En 2018, un copilote de Japan Airlines avait \u00e9cop\u00e9 de dix mois d\u2019emprisonnement au Royaume-Uni pour un taux d\u2019alcool dix fois sup\u00e9rieur au seuil l\u00e9gal.<\/p>\n<p class=\"small font-weight-bold text-gray3 \"> publi\u00e9 le 17 ao\u00fbt \u00e0 09h54, Fran\u00e7ois Bouttemy, 6Medias<\/p>\n<p>                             Partager<\/p>\n","protected":false},"excerpt":{"rendered":"Les images d&rsquo;un commandant de bord, interpell\u00e9 en janvier dernier \u00e0 Savannah (G\u00e9orgie), alors qu\u2019il s\u2019appr\u00eatait \u00e0 d\u00e9coller&hellip;\n","protected":false},"author":2,"featured_media":324695,"comment_status":"","ping_status":"","sticky":false,"template":"","format":"standard","meta":{"footnotes":""},"categories":[6],"tags":[35,33,34,1011,27],"class_list":{"0":"post-324694","1":"post","2":"type-post","3":"status-publish","4":"format-standard","5":"has-post-thumbnail","7":"category-economie","8":"tag-business","9":"tag-economie","10":"tag-economy","11":"tag-fr","12":"tag-france"},"share_on_mastodon":{"url":"https:\/\/pubeurope.com\/@fr\/115043728651835035","error":""},"_links":{"self":[{"href":"https:\/\/www.europesays.com\/fr\/wp-json\/wp\/v2\/posts\/324694","targetHints":{"allow":["GET"]}}],"collection":[{"href":"https:\/\/www.europesays.com\/fr\/wp-json\/wp\/v2\/posts"}],"about":[{"href":"https:\/\/www.europesays.com\/fr\/wp-json\/wp\/v2\/types\/post"}],"author":[{"embeddable":true,"href":"https:\/\/www.europesays.com\/fr\/wp-json\/wp\/v2\/users\/2"}],"replies":[{"embeddable":true,"href":"https:\/\/www.europesays.com\/fr\/wp-json\/wp\/v2\/comments?post=324694"}],"version-history":[{"count":0,"href":"https:\/\/www.europesays.com\/fr\/wp-json\/wp\/v2\/posts\/324694\/revisions"}],"wp:featuredmedia":[{"embeddable":true,"href":"https:\/\/www.europesays.com\/fr\/wp-json\/wp\/v2\/media\/324695"}],"wp:attachment":[{"href":"https:\/\/www.europesays.com\/fr\/wp-json\/wp\/v2\/media?parent=324694"}],"wp:term":[{"taxonomy":"category","embeddable":true,"href":"https:\/\/www.europesays.com\/fr\/wp-json\/wp\/v2\/categories?post=324694"},{"taxonomy":"post_tag","embeddable":true,"href":"https:\/\/www.europesays.com\/fr\/wp-json\/wp\/v2\/tags?post=324694"}],"curies":[{"name":"wp","href":"https:\/\/api.w.org\/{rel}","templated":true}]}}