{"id":324704,"date":"2025-08-17T10:57:12","date_gmt":"2025-08-17T10:57:12","guid":{"rendered":"https:\/\/www.europesays.com\/fr\/324704\/"},"modified":"2025-08-17T10:57:12","modified_gmt":"2025-08-17T10:57:12","slug":"vandoeuvre-les-nancy-le-feu-de-cave-se-propage-au-joint-de-dilatation-les-pompiers-tentent-de-lennoyer","status":"publish","type":"post","link":"https:\/\/www.europesays.com\/fr\/324704\/","title":{"rendered":"Vand\u0153uvre-l\u00e8s-Nancy. Le feu de cave se propage au joint de dilatation, les pompiers tentent de l\u2019ennoyer"},"content":{"rendered":"<p>Les pompiers des casernes de Vand\u0153uvre et Nancy Rives-de-Meurthe sont intervenus samedi 16\u00a0ao\u00fbt, vers 19 heures, au n\u00b0\u00a05, rue de Bavi\u00e8re \u00e0 Vand\u0153uvre, o\u00f9 un incendie d\u2019origine ind\u00e9termin\u00e9e venait de se d\u00e9clarer dans une cave.\u00a0Le sinistre a \u00e9t\u00e9 rapidement circonscrit \u00e0 l\u2019aide d\u2019une lance mais en raison de la fum\u00e9e qui s\u2019\u00e9tait propag\u00e9e dans les communs et notamment un appartement du 4e\u00a0 \u00e9tage, une cinquantaine de personnes a \u00e9t\u00e9 \u00e9vacu\u00e9e.<\/p>\n<p>Tous les locataires ont pu par la suite regagner leur appartement une fois le danger \u00e9cart\u00e9, mais l\u2019intervention n\u2019en \u00e9tait pas termin\u00e9e pour autant et se prolongeait dans la nuit. Les secours \u00e9taient d\u2019ailleurs toujours sur les lieux dimanche 17\u00a0ao\u00fbt \u00e0 11 heures car le feu qui \u00e9tait survenu au sous-sol s\u2019\u00e9tait propag\u00e9 \u00e0 un joint de dilatation qui court jusqu\u2019en toiture de ce b\u00e2timent de huit \u00e9tages.<\/p>\n<p>  Pas de bless\u00e9<\/p>\n<p>Ce joint \u00e9tait \u00e9galement \u00e0 l\u2019origine d\u2019un d\u00e9gagement de fum\u00e9e en continuant \u00e0 se consumer au c\u0153ur de la construction. De par sa position, la zone du joint sinistr\u00e9e n\u2019\u00e9tait pas accessible directement, ni visible, pour les secours.<\/p>\n<p>Sous le commandement du lieutenant Geoffrey Vallet, les pompiers de Vand\u0153uvre poursuivaient donc, dimanche matin, leur op\u00e9ration d\u2019ennoyage dudit joint depuis le toit et un logement du 4e\u00a0 \u00e9tage, dans l\u2019espoir que l\u2019eau, par ruissellement, atteigne la partie du joint concern\u00e9e. Il n\u2019y avait aucun risque pour les locataires et aucun bless\u00e9 n\u2019est \u00e0 d\u00e9plorer.<\/p>\n","protected":false},"excerpt":{"rendered":"Les pompiers des casernes de Vand\u0153uvre et Nancy Rives-de-Meurthe sont intervenus samedi 16\u00a0ao\u00fbt, vers 19 heures, au n\u00b0\u00a05,&hellip;\n","protected":false},"author":2,"featured_media":324705,"comment_status":"","ping_status":"","sticky":false,"template":"","format":"standard","meta":{"footnotes":""},"categories":[9635],"tags":[1111,11,1704,1777,674,274,1011,27,775,1310,6364,3457,1702,12,25,5711],"class_list":{"0":"post-324704","1":"post","2":"type-post","3":"status-publish","4":"format-standard","5":"has-post-thumbnail","7":"category-nancy","8":"tag-actu","9":"tag-actualites","10":"tag-edition-nancy-et-agglomeration","11":"tag-eu","12":"tag-europe","13":"tag-faits-divers-justice","14":"tag-fr","15":"tag-france","16":"tag-grand-est","17":"tag-incendie","18":"tag-metropole-du-grand-nancy-54b1","19":"tag-meurthe-et-moselle","20":"tag-nancy","21":"tag-news","22":"tag-republique-francaise","23":"tag-vandoeuvre-les-nancy"},"share_on_mastodon":{"url":"https:\/\/pubeurope.com\/@fr\/115043751846646277","error":""},"_links":{"self":[{"href":"https:\/\/www.europesays.com\/fr\/wp-json\/wp\/v2\/posts\/324704","targetHints":{"allow":["GET"]}}],"collection":[{"href":"https:\/\/www.europesays.com\/fr\/wp-json\/wp\/v2\/posts"}],"about":[{"href":"https:\/\/www.europesays.com\/fr\/wp-json\/wp\/v2\/types\/post"}],"author":[{"embeddable":true,"href":"https:\/\/www.europesays.com\/fr\/wp-json\/wp\/v2\/users\/2"}],"replies":[{"embeddable":true,"href":"https:\/\/www.europesays.com\/fr\/wp-json\/wp\/v2\/comments?post=324704"}],"version-history":[{"count":0,"href":"https:\/\/www.europesays.com\/fr\/wp-json\/wp\/v2\/posts\/324704\/revisions"}],"wp:featuredmedia":[{"embeddable":true,"href":"https:\/\/www.europesays.com\/fr\/wp-json\/wp\/v2\/media\/324705"}],"wp:attachment":[{"href":"https:\/\/www.europesays.com\/fr\/wp-json\/wp\/v2\/media?parent=324704"}],"wp:term":[{"taxonomy":"category","embeddable":true,"href":"https:\/\/www.europesays.com\/fr\/wp-json\/wp\/v2\/categories?post=324704"},{"taxonomy":"post_tag","embeddable":true,"href":"https:\/\/www.europesays.com\/fr\/wp-json\/wp\/v2\/tags?post=324704"}],"curies":[{"name":"wp","href":"https:\/\/api.w.org\/{rel}","templated":true}]}}