{"id":324712,"date":"2025-08-17T11:03:09","date_gmt":"2025-08-17T11:03:09","guid":{"rendered":"https:\/\/www.europesays.com\/fr\/324712\/"},"modified":"2025-08-17T11:03:09","modified_gmt":"2025-08-17T11:03:09","slug":"quel-sort-pour-les-agresseurs-presumes-de-la-rixe-sanglante-rue-de-la-loge","status":"publish","type":"post","link":"https:\/\/www.europesays.com\/fr\/324712\/","title":{"rendered":"quel sort pour les agresseurs pr\u00e9sum\u00e9s de la rixe sanglante rue de la Loge\u00a0?"},"content":{"rendered":"<p>            Par<br \/>\n        <strong><br \/>\n            <a href=\"https:\/\/actu.fr\/auteur\/metropoop\" title=\"Consulter tous les articles de R\u00e9daction M\u00e9tropolitain\" target=\"_blank\" rel=\"noopener\">R\u00e9daction M\u00e9tropolitain<\/a><br \/>\n        <\/strong><\/p>\n<p>        Publi\u00e9 le<\/p>\n<p>            17 ao\u00fbt 2025 \u00e0 12h36        <\/p>\n<p>Les trois auteurs pr\u00e9sum\u00e9s de l\u2019agression ont \u00e9t\u00e9 d\u00e9f\u00e9r\u00e9s au parquet de Montpellier <strong>ce samedi 16 ao\u00fbt 2025<\/strong>. Le procureur a demand\u00e9 leur placement en d\u00e9tention provisoire. Ils sont d\u00e9sormais \u00e9crou\u00e9s, une information judiciaire a \u00e9t\u00e9 ouverte. Les suspects, \u00e2g\u00e9s de 17, 19 et 25 ans, sont tous originaires de la r\u00e9gion grenobloise.<\/p>\n<p>    <a href=\"https:\/\/www.google.com\/maps\/embed?pb=!1m18!1m12!1m3!1d23114.090373704526!2d3.8338559999999995!3d43.6011008!2m3!1f0!2f0!3f0!3m2!1i1024!2i768!4f13.1!3m3!1m2!1s0x12b6afaa72f9407f%3A0x8635a1527e55fabe!2sTribunal%20Judiciaire%20de%20Montpellier!5e0!3m2!1sfr!2sfr!4v1755426722934!5m2!1sfr!2sfr\" title=\"Ouvrie le lien\" target=\"_blank\" rel=\"noopener\">Cliquez ici pour visualiser le contenu<\/a><\/p>\n<p>Un pronostic vital engag\u00e9<\/p>\n<p class=\" wall-content\">La sc\u00e8ne s\u2019est d\u00e9roul\u00e9e dans le centre historique de Montpellier, rue de la Loge. Peu apr\u00e8s minuit, une violente altercation \u00e9clatait pour un motif qui reste inconnu. Le ton est vite mont\u00e9. Un jeune homme de 20 ans, venu lui aussi de Grenoble, a \u00e9t\u00e9 pris pour cible. Huit coups de couteau l\u2019ont frapp\u00e9 au niveau des jambes et des bras. La victime a \u00e9t\u00e9 transport\u00e9e en urgence au CHU de Montpellier. Son \u00e9tat est jug\u00e9 critique : les m\u00e9decins indiquent que son pronostic vital reste engag\u00e9. Non loin du lieu des faits, les policiers ont d\u00e9couvert un couteau de cuisine et un opinel. La victime n\u2019\u00e9tait pas seule. Deux amis l\u2019accompagnaient dans le centre-ville. Eux aussi ont \u00e9t\u00e9 touch\u00e9s, mais plus l\u00e9g\u00e8rement.\u00a0<\/p>\n<p class=\" wall-content\">Suivez toute l\u2019actualit\u00e9 de vos villes et m\u00e9dias favoris en vous inscrivant \u00e0 <a href=\"https:\/\/moncompte.actu.fr\" title=\"D\u00e9couvez Mon Actu\" rel=\"nofollow noopener\" data-trk=\"{&quot;cta&quot;:{&quot;action&quot;:&quot;https:\\\/\\\/moncompte.actu.fr&quot;,&quot;category&quot;:&quot;mon compte&quot;,&quot;from&quot;:&quot;article footer&quot;,&quot;name&quot;:&quot;Mon actu&quot;,&quot;type&quot;:&quot;cta&quot;}}\" target=\"_blank\">Mon Actu<\/a>.<\/p>\n","protected":false},"excerpt":{"rendered":"Par R\u00e9daction M\u00e9tropolitain Publi\u00e9 le 17 ao\u00fbt 2025 \u00e0 12h36 Les trois auteurs pr\u00e9sum\u00e9s de l\u2019agression ont \u00e9t\u00e9&hellip;\n","protected":false},"author":2,"featured_media":324713,"comment_status":"","ping_status":"","sticky":false,"template":"","format":"standard","meta":{"footnotes":""},"categories":[9599],"tags":[1111,11,15154,1777,674,118,1011,27,303,2208,12,2680,25,7501],"class_list":{"0":"post-324712","1":"post","2":"type-post","3":"status-publish","4":"format-standard","5":"has-post-thumbnail","7":"category-montpellier","8":"tag-actu","9":"tag-actualites","10":"tag-chu-de-montpellier","11":"tag-eu","12":"tag-europe","13":"tag-faits-divers","14":"tag-fr","15":"tag-france","16":"tag-justice","17":"tag-montpellier","18":"tag-news","19":"tag-occitanie","20":"tag-republique-francaise","21":"tag-violences-urbaines"},"share_on_mastodon":{"url":"https:\/\/pubeurope.com\/@fr\/115043775647632351","error":""},"_links":{"self":[{"href":"https:\/\/www.europesays.com\/fr\/wp-json\/wp\/v2\/posts\/324712","targetHints":{"allow":["GET"]}}],"collection":[{"href":"https:\/\/www.europesays.com\/fr\/wp-json\/wp\/v2\/posts"}],"about":[{"href":"https:\/\/www.europesays.com\/fr\/wp-json\/wp\/v2\/types\/post"}],"author":[{"embeddable":true,"href":"https:\/\/www.europesays.com\/fr\/wp-json\/wp\/v2\/users\/2"}],"replies":[{"embeddable":true,"href":"https:\/\/www.europesays.com\/fr\/wp-json\/wp\/v2\/comments?post=324712"}],"version-history":[{"count":0,"href":"https:\/\/www.europesays.com\/fr\/wp-json\/wp\/v2\/posts\/324712\/revisions"}],"wp:featuredmedia":[{"embeddable":true,"href":"https:\/\/www.europesays.com\/fr\/wp-json\/wp\/v2\/media\/324713"}],"wp:attachment":[{"href":"https:\/\/www.europesays.com\/fr\/wp-json\/wp\/v2\/media?parent=324712"}],"wp:term":[{"taxonomy":"category","embeddable":true,"href":"https:\/\/www.europesays.com\/fr\/wp-json\/wp\/v2\/categories?post=324712"},{"taxonomy":"post_tag","embeddable":true,"href":"https:\/\/www.europesays.com\/fr\/wp-json\/wp\/v2\/tags?post=324712"}],"curies":[{"name":"wp","href":"https:\/\/api.w.org\/{rel}","templated":true}]}}