{"id":324714,"date":"2025-08-17T11:04:09","date_gmt":"2025-08-17T11:04:09","guid":{"rendered":"https:\/\/www.europesays.com\/fr\/324714\/"},"modified":"2025-08-17T11:04:09","modified_gmt":"2025-08-17T11:04:09","slug":"billet-nos-lecteurs-ont-des-idees-audacieuses-pour-le-prochain-maire-de-rouen-les-voici","status":"publish","type":"post","link":"https:\/\/www.europesays.com\/fr\/324714\/","title":{"rendered":"BILLET. Nos lecteurs ont des id\u00e9es audacieuses pour le prochain maire de Rouen : les voici"},"content":{"rendered":"<p>            Par<br \/>\n        <strong><br \/>\n            <a href=\"https:\/\/actu.fr\/auteur\/julien-bouteiller\" title=\"Consulter tous les articles de Julien Bouteiller\" rel=\"nofollow noopener\" target=\"_blank\">Julien Bouteiller<\/a><br \/>\n        <\/strong><\/p>\n<p>        Publi\u00e9 le<\/p>\n<p>            17 ao\u00fbt 2025 \u00e0 12h12        <\/p>\n<p>La concertation lanc\u00e9e en mars dernier par\u00a076actu a permis de mettre en exergue <a href=\"https:\/\/actu.fr\/normandie\/rouen_76540\/municipales-a-rouen-deux-sujets-sont-largement-en-tete-de-vos-preoccupations-pour-les-elections_63027071.html\" rel=\"nofollow noopener\" target=\"_blank\">vos principaux sujets de pr\u00e9occupation<\/a> pour <strong>les prochaines \u00e9lections municipales<\/strong>. Mais cela a aussi stimul\u00e9 la cr\u00e9ativit\u00e9 de nos lecteurs, qui ont pour certains <strong>livr\u00e9 des id\u00e9es audacieuses<\/strong> pour le prochain maire de Rouen. Nous avons tenu \u00e0 les partager pour, pourquoi pas, les mettre au d\u00e9bat.<\/p>\n<p>Nos lecteurs ont des id\u00e9es pour Rouen<\/p>\n<p class=\" wall-content\">Nous passons donc sur la minorit\u00e9 de r\u00e9ponses outranci\u00e8res ou sur <strong>les propositions les plus r\u00e9currentes\u2009:<\/strong> davantage de cam\u00e9ras de vid\u00e9osurveillance, moins de pi\u00e9tonnisations ou au contraire davantage selon les sensibilit\u00e9s de chacun, la construction d\u2019un nouveau stade (<a href=\"https:\/\/actu.fr\/normandie\/rouen_76540\/un-passage-en-force-avant-le-vote-la-majorite-se-dechire-sur-la-question-du-futur-stade-a-rouen_62833638.html\" rel=\"nofollow noopener\" target=\"_blank\">d\u00e9j\u00e0 annonc\u00e9e<\/a>)\u2026<\/p>\n<p class=\" wall-content\">Cette fois, nous allons plut\u00f4t voir les propositions un peu plus originales, loufoques diront certains (pas nous), qui peuvent \u00e9ventuellement int\u00e9resser les candidats \u00e0 la mairie de Rouen.<\/p>\n<p>Un t\u00e9l\u00e9ph\u00e9rique, un vrai m\u00e9tro, des vaporettos\u2026<\/p>\n<p class=\" wall-content\">Ce sont les transports qui semblent d\u2019ailleurs inspirer les id\u00e9es les plus surprenantes. Un r\u00e9pondant propose ainsi la \u00ab\u2009cr\u00e9ation <strong>d\u2019un c\u00e2ble urbain type t\u00e9l\u00e9ph\u00e9rique<\/strong> de Canteleu \u00e0 Mont-Saint-Aignan et de Bihorel \u00e0 Bonsecours\u2009\u00bb. Un autre \u00e9voque une liaison t\u00e9l\u00e9ph\u00e9rique \u00ab\u2009entre Mont-Saint-Aignan et le Mont-Riboudet\u2009\u00bb. L\u2019id\u00e9e d\u2019un transport urbain par c\u00e2ble <strong>n\u2019est pas nouvelle \u00e0 Rouen<\/strong>\u2009: cela a \u00e9t\u00e9 envisag\u00e9 en 1995 <a href=\"https:\/\/actu.fr\/societe\/un-projet-de-telepherique-est-a-letude-a-rouen_311633.html\" rel=\"nofollow noopener\" target=\"_blank\">puis en 2013<\/a>.<\/p>\n<p class=\" wall-content\">C\u00f4t\u00e9 transports toujours, un autre internaute sugg\u00e8re \u00e0 la ville \u00ab\u2009de <strong>se doter enfin d\u2019un vrai m\u00e9tro<\/strong> [rappelons que <a href=\"https:\/\/actu.fr\/normandie\/rouen_76540\/doit-on-dire-tramway-metro-rouen-normandie-actu-met-fin-debat_13152304.html\" rel=\"nofollow noopener\" target=\"_blank\">ce qu\u2019on appelle ici\u2009\u00ab m\u00e9tro \u00bb\u2009est en fait un tramway<\/a>, NDLR]\u2009\u00bb car ainsi \u00ab\u2009on pourrait gagner de l\u2019espace en ville\u2009\u00bb.<\/p>\n<p class=\" wall-content\">D\u2019autres se tournent vers la Seine, en proposant de \u00ab\u2009mettre en service <strong>un bac de grande capacit\u00e9<\/strong> pour d\u00e9poser les travailleurs de la rive droite \u00e0 la rive gauche et desservir par navette la zone industrielle\u2009\u00bb ou bien de \u00ab\u2009cr\u00e9er des lignes de transport fluvial en lien avec la M\u00e9tropole<strong> dans l\u2019esprit des vaporettos<\/strong> italiens\u2009\u00bb. Une offre qui serait compl\u00e9mentaire \u00e0 la navette fluviale d\u00e9j\u00e0 en place.<\/p>\n<p class=\" wall-content\">Autre suggestion\u2009: \u00ab\u2009stocker les voitures sur les hauteurs de Rouen, dans les champs avec des emplacements ajour\u00e9s laissant passer la pluie et mettre en place <strong>des bus navettes \u00e9lectriques gratuits<\/strong> pour d\u00e9poser les gens en ville, pr\u00e8s des stations de bus et m\u00e9tro\u2009\u00bb. En r\u00e9sum\u00e9, de vastes parkings relais.<\/p>\n<p>Vos id\u00e9es les plus audacieuses<\/p>\n<p class=\" wall-content\">Un internaute a une autre solution c\u00f4t\u00e9 stationnement\u2009: \u00ab\u2009un parking gratuit sur les quais bas rive droite d\u2019environ <strong>10\u2009000 places<\/strong> permanentes\u2009\u00bb. Pas s\u00fbr qu\u2019il y ait la place, et cela rappellerait \u00e9trangement nos anciens quais rive gauche, avant leur grand r\u00e9am\u00e9nagement.<\/p>\n<p class=\" wall-content\">D\u2019autres id\u00e9es ont attir\u00e9 notre \u0153il comme la cr\u00e9ation d\u2019une <strong>passerelle pi\u00e9tonne sur la Seine<\/strong> (<a href=\"https:\/\/actu.fr\/normandie\/rouen_76540\/polemique-passee-passerelle-traverser-seine-rouen-verra-jour_22180607.html\" rel=\"nofollow noopener\" target=\"_blank\">un projet d\u00e9j\u00e0 envisag\u00e9 il y a quelques ann\u00e9es<\/a>). Ou bien la cr\u00e9ation d\u2019un <strong>\u00ab\u2009centre universitaire sur l\u2019intelligence artificielle\u2009\u00bb<\/strong>, pour le moins dans l\u2019air du temps.<\/p>\n<p class=\" wall-content\">Parmi les suggestions qui ne risquent pas de figurer au programme des \u00e9colos, on peut voir aussi la proposition d\u2019un <strong>\u00ab\u2009v\u00e9ritable a\u00e9roport comme \u00e0 Beauvais\u2009\u00bb<\/strong> pour \u00ab\u2009aller facilement partout en France et en Europe depuis Rouen\u2009\u00bb. Mais aussi, r\u00e9clam\u00e9 plusieurs fois, <strong>le retour des 24\u00a0heures motonautiques.<\/strong><\/p>\n<p class=\" wall-content\">Enfin, concluons sur l\u2019id\u00e9e qui nous semble la plus audacieuse et dont on aurait aim\u00e9 conna\u00eetre les arguments\u2009: <strong>\u00ab\u2009fusionner Rouen avec Petit-Quevilly\u2009\u00bb<\/strong>. L\u00e0, \u00e7a risquerait de susciter un grand d\u00e9bat mais pourquoi pas\u2009?<\/p>\n<p>Ceci est un billet d\u2019humeur de la r\u00e9daction et non un article ou une enqu\u00eate journalistique. Il vise \u00e0 r\u00e9agir \u00e0 une actualit\u00e9 locale de ces derniers jours.<\/p>\n<p>Suivez l\u2019actualit\u00e9 de Rouen <a href=\"https:\/\/www.whatsapp.com\/channel\/0029VaKfnf99hXF2ddApFB1D\" rel=\"nofollow noopener\" target=\"_blank\">sur notre cha\u00eene WhatsApp<\/a> et <a href=\"https:\/\/www.tiktok.com\/@76actu.fr?lang=fr\" rel=\"nofollow noopener\" target=\"_blank\">sur notre compte TikTok<\/a><\/p>\n<p class=\" wall-content\">Suivez toute l\u2019actualit\u00e9 de vos villes et m\u00e9dias favoris en vous inscrivant \u00e0 <a href=\"https:\/\/moncompte.actu.fr\" title=\"D\u00e9couvez Mon Actu\" rel=\"nofollow noopener\" data-trk=\"{&quot;cta&quot;:{&quot;action&quot;:&quot;https:\\\/\\\/moncompte.actu.fr&quot;,&quot;category&quot;:&quot;mon compte&quot;,&quot;from&quot;:&quot;article footer&quot;,&quot;name&quot;:&quot;Mon actu&quot;,&quot;type&quot;:&quot;cta&quot;}}\" target=\"_blank\">Mon Actu<\/a>.<\/p>\n<ul class=\"ac-article-tag wall-content\">\n<li><a href=\"https:\/\/actu.fr\/tag\/insolite\" data-trk=\"{&quot;cta&quot;:{&quot;action&quot;:&quot;Insolite&quot;,&quot;category&quot;:&quot;tag&quot;,&quot;from&quot;:&quot;article footer&quot;,&quot;name&quot;:&quot;Insolite&quot;,&quot;type&quot;:&quot;cta&quot;}}\" rel=\"nofollow noopener\" target=\"_blank\">#Insolite<\/a><\/li>\n<li><a href=\"https:\/\/actu.fr\/tag\/municipales-2026\" data-trk=\"{&quot;cta&quot;:{&quot;action&quot;:&quot;Municipales 2026&quot;,&quot;category&quot;:&quot;tag&quot;,&quot;from&quot;:&quot;article footer&quot;,&quot;name&quot;:&quot;Municipales 2026&quot;,&quot;type&quot;:&quot;cta&quot;}}\" rel=\"nofollow noopener\" target=\"_blank\">#Municipales 2026<\/a><\/li>\n<\/ul>\n<p>                    <script async src=\"\/\/www.tiktok.com\/embed.js\"><\/script><\/p>\n","protected":false},"excerpt":{"rendered":"Par Julien Bouteiller Publi\u00e9 le 17 ao\u00fbt 2025 \u00e0 12h12 La concertation lanc\u00e9e en mars dernier par\u00a076actu a&hellip;\n","protected":false},"author":2,"featured_media":324715,"comment_status":"","ping_status":"","sticky":false,"template":"","format":"standard","meta":{"footnotes":""},"categories":[9587],"tags":[1111,11,4188,1777,674,1011,27,1757,3434,12,5161,316,25,9590],"class_list":{"0":"post-324714","1":"post","2":"type-post","3":"status-publish","4":"format-standard","5":"has-post-thumbnail","7":"category-rouen","8":"tag-actu","9":"tag-actualites","10":"tag-elections-municipales","11":"tag-eu","12":"tag-europe","13":"tag-fr","14":"tag-france","15":"tag-insolite","16":"tag-municipales-2026","17":"tag-news","18":"tag-normandie","19":"tag-politique","20":"tag-republique-francaise","21":"tag-rouen"},"share_on_mastodon":{"url":"https:\/\/pubeurope.com\/@fr\/115043779498786955","error":""},"_links":{"self":[{"href":"https:\/\/www.europesays.com\/fr\/wp-json\/wp\/v2\/posts\/324714","targetHints":{"allow":["GET"]}}],"collection":[{"href":"https:\/\/www.europesays.com\/fr\/wp-json\/wp\/v2\/posts"}],"about":[{"href":"https:\/\/www.europesays.com\/fr\/wp-json\/wp\/v2\/types\/post"}],"author":[{"embeddable":true,"href":"https:\/\/www.europesays.com\/fr\/wp-json\/wp\/v2\/users\/2"}],"replies":[{"embeddable":true,"href":"https:\/\/www.europesays.com\/fr\/wp-json\/wp\/v2\/comments?post=324714"}],"version-history":[{"count":0,"href":"https:\/\/www.europesays.com\/fr\/wp-json\/wp\/v2\/posts\/324714\/revisions"}],"wp:featuredmedia":[{"embeddable":true,"href":"https:\/\/www.europesays.com\/fr\/wp-json\/wp\/v2\/media\/324715"}],"wp:attachment":[{"href":"https:\/\/www.europesays.com\/fr\/wp-json\/wp\/v2\/media?parent=324714"}],"wp:term":[{"taxonomy":"category","embeddable":true,"href":"https:\/\/www.europesays.com\/fr\/wp-json\/wp\/v2\/categories?post=324714"},{"taxonomy":"post_tag","embeddable":true,"href":"https:\/\/www.europesays.com\/fr\/wp-json\/wp\/v2\/tags?post=324714"}],"curies":[{"name":"wp","href":"https:\/\/api.w.org\/{rel}","templated":true}]}}