{"id":324718,"date":"2025-08-17T11:07:18","date_gmt":"2025-08-17T11:07:18","guid":{"rendered":"https:\/\/www.europesays.com\/fr\/324718\/"},"modified":"2025-08-17T11:07:18","modified_gmt":"2025-08-17T11:07:18","slug":"isere-une-personne-retrouvee-morte-sur-la-rocade-au-pied-dun-pont-au-niveau-deybens-la-circulation-perturbee","status":"publish","type":"post","link":"https:\/\/www.europesays.com\/fr\/324718\/","title":{"rendered":"Is\u00e8re\u00a0: une personne retrouv\u00e9e morte sur la rocade au pied d&rsquo;un pont au niveau d&rsquo;Eybens, la circulation perturb\u00e9e"},"content":{"rendered":"<p>Les pompiers sont intervenus peu apr\u00e8s 6 heures ce dimanche 17 ao\u00fbt pour prendre en charge le corps sans vie d&rsquo;une personne, sur la rocade. Son corps a \u00e9t\u00e9 retrouv\u00e9 au pied d&rsquo;un pont dans le sens Meylan-Grenoble au niveau de la commune d&rsquo;Eybens. La circulation est tr\u00e8s perturb\u00e9e.<\/p>\n<p>Le corps d&rsquo;une personne a \u00e9t\u00e9 retrouv\u00e9 ce dimanche 17 ao\u00fbt au petit matin par un automobiliste circulant sur la rocade dans le sens Meylan-Grenoble, au niveau de la commune d&rsquo;Eybens. Son corps a \u00e9t\u00e9 retrouv\u00e9 au pied d&rsquo;un pont peu apr\u00e8s 6 heures par un automobiliste qui ensuite a appel\u00e9 les secours, pr\u00e9cisent les pompiers de l&rsquo;Is\u00e8re, qui lors de leur intervention, ont d\u00fb fermer une voie de circulation.<\/p>\n<p>Pour l&rsquo;heure, il n&rsquo;y a aucune pr\u00e9cision concernant les circonstances de la mort de cette personne, dont on ne conna\u00eet ni l&rsquo;\u00e2ge ni le sexe.<\/p>\n","protected":false},"excerpt":{"rendered":"Les pompiers sont intervenus peu apr\u00e8s 6 heures ce dimanche 17 ao\u00fbt pour prendre en charge le corps&hellip;\n","protected":false},"author":2,"featured_media":324719,"comment_status":"","ping_status":"","sticky":false,"template":"","format":"standard","meta":{"footnotes":""},"categories":[9566],"tags":[1111,11,2430,1777,674,1011,27,2731,12,25],"class_list":{"0":"post-324718","1":"post","2":"type-post","3":"status-publish","4":"format-standard","5":"has-post-thumbnail","7":"category-grenoble","8":"tag-actu","9":"tag-actualites","10":"tag-auvergne-rhone-alpes","11":"tag-eu","12":"tag-europe","13":"tag-fr","14":"tag-france","15":"tag-grenoble","16":"tag-news","17":"tag-republique-francaise"},"share_on_mastodon":{"url":"https:\/\/pubeurope.com\/@fr\/115043791171372937","error":""},"_links":{"self":[{"href":"https:\/\/www.europesays.com\/fr\/wp-json\/wp\/v2\/posts\/324718","targetHints":{"allow":["GET"]}}],"collection":[{"href":"https:\/\/www.europesays.com\/fr\/wp-json\/wp\/v2\/posts"}],"about":[{"href":"https:\/\/www.europesays.com\/fr\/wp-json\/wp\/v2\/types\/post"}],"author":[{"embeddable":true,"href":"https:\/\/www.europesays.com\/fr\/wp-json\/wp\/v2\/users\/2"}],"replies":[{"embeddable":true,"href":"https:\/\/www.europesays.com\/fr\/wp-json\/wp\/v2\/comments?post=324718"}],"version-history":[{"count":0,"href":"https:\/\/www.europesays.com\/fr\/wp-json\/wp\/v2\/posts\/324718\/revisions"}],"wp:featuredmedia":[{"embeddable":true,"href":"https:\/\/www.europesays.com\/fr\/wp-json\/wp\/v2\/media\/324719"}],"wp:attachment":[{"href":"https:\/\/www.europesays.com\/fr\/wp-json\/wp\/v2\/media?parent=324718"}],"wp:term":[{"taxonomy":"category","embeddable":true,"href":"https:\/\/www.europesays.com\/fr\/wp-json\/wp\/v2\/categories?post=324718"},{"taxonomy":"post_tag","embeddable":true,"href":"https:\/\/www.europesays.com\/fr\/wp-json\/wp\/v2\/tags?post=324718"}],"curies":[{"name":"wp","href":"https:\/\/api.w.org\/{rel}","templated":true}]}}