{"id":324720,"date":"2025-08-17T11:09:24","date_gmt":"2025-08-17T11:09:24","guid":{"rendered":"https:\/\/www.europesays.com\/fr\/324720\/"},"modified":"2025-08-17T11:09:24","modified_gmt":"2025-08-17T11:09:24","slug":"rennes-om-la-grosse-polemique","status":"publish","type":"post","link":"https:\/\/www.europesays.com\/fr\/324720\/","title":{"rendered":"Rennes-OM, la grosse pol\u00e9mique"},"content":{"rendered":"<p><strong>La rencontre d&rsquo;ouverture de la<br \/>\n1\u00e8re journ\u00e9e de Ligue 1 a \u00e9t\u00e9 marqu\u00e9e par la pol\u00e9mique concernant<br \/>\nce joueur, qui a r\u00e9pondu apr\u00e8s la rencontre.<\/strong><\/p>\n<p>On peut dire que \u00e7a commence fort ! La saison de Ligue 1 a \u00e9t\u00e9<br \/>\nlanc\u00e9e vendredi soir par la belle affiche entre le Stade Rennais et<br \/>\nl\u2019Olympique de Marseille.<\/p>\n<p>Tr\u00e8s ambitieux cette saison, les Phoc\u00e9ens sont tomb\u00e9s de haut,<br \/>\nen butant pendant toute la rencontre sur une \u00e9quipe bretonne<br \/>\npourtant tr\u00e8s vite r\u00e9duite \u00e0 dix. Pire, les hommes de Roberto De<br \/>\nZerbi ont \u00e9t\u00e9 surpris en fin de rencontre par une ouverture de<br \/>\nQuentin Merlin, leur ancien lat\u00e9ral gauche, qui a envoy\u00e9 Ludovic<br \/>\nBlas inscrire le but de la victoire.<\/p>\n<p><img loading=\"lazy\" decoding=\"async\" aria-describedby=\"caption-attachment-943138\" class=\"size-large wp-image-943138\" src=\"https:\/\/www.europesays.com\/fr\/wp-content\/uploads\/2025\/08\/Valentin-Rongier-1-1024x536.jpg\" alt=\"\" width=\"1024\" height=\"536\"  \/><\/p>\n<p id=\"caption-attachment-943138\" class=\"wp-caption-text\">Dr\u00f4le<br \/>\nd\u2019accueil pour Valentin Rongier\u2026<\/p>\n<p>La soir\u00e9e s\u2019est donc termin\u00e9e par un clapping au Roazhon Park,<br \/>\nauquel a particip\u00e9 un autre ancien Marseillais, Valentin Rongier.<br \/>\nLe natif de M\u00e2con est surtout un ancien Nantais, form\u00e9 chez les<br \/>\nCanaris, le club rival dont il aura \u00e9t\u00e9 le capitaine, une p\u00e9riode<br \/>\no\u00f9 il se permettait r\u00e9guli\u00e8rement d\u2019\u00e9gratigner le rival<br \/>\nrennais.<\/p>\n<p>Rongier, la r\u00e9ponse aux supporters<\/p>\n<p>Le voil\u00e0 donc joueur des Rouge et Noir\u2026 et m\u00eame capitaine. Mais<br \/>\n<a href=\"https:\/\/www.sports.fr\/football\/ligue-1\/rongier-salement-accueilli-par-le-public-rennais-943074.html\" rel=\"nofollow noopener\" target=\"_blank\"><br \/>\n<strong>le kop rennais lui a r\u00e9serv\u00e9 un accueil asses<br \/>\nhostile<\/strong><\/a>, avec cette banderole piquante:<br \/>\n\u00ab\u00a0Faire une Rongier\u00a0(expression): jeter son<br \/>\nhonneur au caniveau, perdre toute cr\u00e9dibilit\u00e9 et respect pour sa<br \/>\npropre personne.\u00a0\u00bb<\/p>\n<blockquote class=\"twitter-tweet\"><p><a class=\"twitter-link\" rel=\"noindex, nofollow noopener\" href=\"https:\/\/twitter.com\/karimattab1\/status\/1956417063108358384\" target=\"_blank\"><\/p><\/blockquote>\n<p>\u00ab\u00a0Pour \u00eatre honn\u00eate, je m\u2019y attendais un petit<br \/>\npeu, a r\u00e9pondu le joueur en zone mixte. C\u2019est leur choix,<br \/>\nje peux comprendre leur frustration. Mais je l\u2019ai d\u00e9j\u00e0 dit, je le<br \/>\nr\u00e9p\u00e8te, je suis ici pour tout donner. Ils vont s\u2019en rendre compte<br \/>\nau fur et \u00e0 mesure. Je ne fais pas attention \u00e0 \u00e7a, le plus<br \/>\nimportant c\u2019est que je donnerai tout sur le terrain pour le Stade<br \/>\nRennais.\u00a0\u00bb<\/p>\n<p>Il l\u2019a fait durant cette rencontre, et plut\u00f4t bien. L\u2019Equipe lui<br \/>\na attribu\u00e9 la note de 7\/10 (\u00ab\u00a0Il \u00e9tait attendu, il a<br \/>\nr\u00e9pondu. Comme un capitaine, comme un leader.\u00a0\u00bb), tout<br \/>\ncomme Ouest-France (\u00ab\u00a0Il a contribu\u00e9 \u00e0 faire tenir le bloc<br \/>\nrennais, et, comme plusieurs de ses co\u00e9quipiers, a fini<br \/>\nfort.\u00a0\u00bb). Du Rongier dans le texte.<\/p>\n<p>\u00a0<\/p>\n<p><script async src=\"https:\/\/platform.twitter.com\/widgets.js\" charset=\"utf-8\"><\/script><\/p>\n","protected":false},"excerpt":{"rendered":"La rencontre d&rsquo;ouverture de la 1\u00e8re journ\u00e9e de Ligue 1 a \u00e9t\u00e9 marqu\u00e9e par la pol\u00e9mique concernant ce&hellip;\n","protected":false},"author":2,"featured_media":324721,"comment_status":"","ping_status":"","sticky":false,"template":"","format":"standard","meta":{"footnotes":""},"categories":[2821],"tags":[1111,11,829,1777,674,1011,27,12,584,25],"class_list":{"0":"post-324720","1":"post","2":"type-post","3":"status-publish","4":"format-standard","5":"has-post-thumbnail","7":"category-rennes","8":"tag-actu","9":"tag-actualites","10":"tag-bretagne","11":"tag-eu","12":"tag-europe","13":"tag-fr","14":"tag-france","15":"tag-news","16":"tag-rennes","17":"tag-republique-francaise"},"share_on_mastodon":{"url":"https:\/\/pubeurope.com\/@fr\/115043799110853983","error":""},"_links":{"self":[{"href":"https:\/\/www.europesays.com\/fr\/wp-json\/wp\/v2\/posts\/324720","targetHints":{"allow":["GET"]}}],"collection":[{"href":"https:\/\/www.europesays.com\/fr\/wp-json\/wp\/v2\/posts"}],"about":[{"href":"https:\/\/www.europesays.com\/fr\/wp-json\/wp\/v2\/types\/post"}],"author":[{"embeddable":true,"href":"https:\/\/www.europesays.com\/fr\/wp-json\/wp\/v2\/users\/2"}],"replies":[{"embeddable":true,"href":"https:\/\/www.europesays.com\/fr\/wp-json\/wp\/v2\/comments?post=324720"}],"version-history":[{"count":0,"href":"https:\/\/www.europesays.com\/fr\/wp-json\/wp\/v2\/posts\/324720\/revisions"}],"wp:featuredmedia":[{"embeddable":true,"href":"https:\/\/www.europesays.com\/fr\/wp-json\/wp\/v2\/media\/324721"}],"wp:attachment":[{"href":"https:\/\/www.europesays.com\/fr\/wp-json\/wp\/v2\/media?parent=324720"}],"wp:term":[{"taxonomy":"category","embeddable":true,"href":"https:\/\/www.europesays.com\/fr\/wp-json\/wp\/v2\/categories?post=324720"},{"taxonomy":"post_tag","embeddable":true,"href":"https:\/\/www.europesays.com\/fr\/wp-json\/wp\/v2\/tags?post=324720"}],"curies":[{"name":"wp","href":"https:\/\/api.w.org\/{rel}","templated":true}]}}