{"id":324726,"date":"2025-08-17T11:13:20","date_gmt":"2025-08-17T11:13:20","guid":{"rendered":"https:\/\/www.europesays.com\/fr\/324726\/"},"modified":"2025-08-17T11:13:20","modified_gmt":"2025-08-17T11:13:20","slug":"des-doutes-et-une-crise-sur-la-cote-dazur","status":"publish","type":"post","link":"https:\/\/www.europesays.com\/fr\/324726\/","title":{"rendered":"Des doutes et une crise sur la C\u00f4te d&rsquo;Azur"},"content":{"rendered":"<p class=\"date\">\n                                                            Thibaut Simon, Media365 : publi\u00e9 le dimanche 17 ao\u00fbt 2025 \u00e0 09h35\n                                                    <\/p>\n<p>Nice s&rsquo;est inclin\u00e9 ce samedi \u00e0 domicile face \u00e0 Toulouse (0-1) pour son premier match de l&rsquo;ann\u00e9e en Ligue 1. La d\u00e9ception \u00e9tait bien pr\u00e9sente \u00e0 l&rsquo;Allianz Riviera.<\/p>\n<p>Il ne fait pas bon \u00eatre ni\u00e7ois ces derniers temps. Pour sa reprise dans le championnat de France, Nice accueillait Toulouse apr\u00e8s son \u00e9limination au 3e tour des qualifications de la Ligue des champions. Rien ne s&rsquo;est d\u00e9roul\u00e9 comme pr\u00e9vu. \u00c0 la 89e minute, suite \u00e0 des d\u00e9gagements catastrophiques de la d\u00e9fense ni\u00e7oise et d&rsquo;une apathie g\u00e9n\u00e9rale, Gbogo se montrait proactif pour d\u00e9stabiliser le Gym et envoyer un centre au second poteau, <a href=\"https:\/\/sports.orange.fr\/football\/ligue-1\/match\/nice-toulouse-apres-match-SPEF010UAp0UIO.html\" rel=\"nofollow noopener\" target=\"_blank\">repris par le champion du monde 2018, Djibril Sidib\u00e9<\/a>. Abattus, les joueurs de Franck Haise n&rsquo;allaient pas s&rsquo;en remettre, malgr\u00e9 les huit minutes de temps additionnel. Surpris par le T\u00e9f\u00e9c\u00e9, Nice encaissait donc une premi\u00e8re d\u00e9faite en Ligue 1, la troisi\u00e8me de suite toutes comp\u00e9titions confondues. Trois matchs et z\u00e9ro but au compteur. Il faut remonter \u00e0 la saison 1965\/1966 pour observer un tel \u00e9v\u00e8nement. La d\u00e9ception \u00e9tait grande \u00e0 la fin du match et la crise semble d\u00e9j\u00e0 profonde.<\/p>\n<p>\u00ab On est d\u00e9go\u00fbt\u00e9 \u00bb<\/p>\n<p>Arriv\u00e9 cet \u00e9t\u00e9 de Reims, le portier Yehvann Diouf a fait part de sa d\u00e9ception. Si une timide r\u00e9action a \u00e9t\u00e9 observ\u00e9e dans le second acte, Nice n&rsquo;a pas r\u00e9ussi \u00e0 se montrer efficace, se faisant surprendre au terme d&rsquo;une action confuse. Au micro de Ligue 1+, Diouf \u00e9tait loin d&rsquo;afficher un visage de satisfaction. \u00ab D\u00e9\u00e7u parce qu&rsquo;on a r\u00e9ussi \u00e0 montrer un autre visage en deuxi\u00e8me p\u00e9riode, qui nous ressemble plus. On a mis plus d&rsquo;intensit\u00e9 et sur la seule occasion qu&rsquo;on subie, on prend ce but et on perd ce match. Il nous a manqu\u00e9 l&rsquo;efficacit\u00e9 dans les deux surfaces. Forc\u00e9ment \u00e7a fait mal, on est d\u00e9go\u00fbt\u00e9s. \u00bb Sans solution, le gardien du Gym \u00e9tait face au constat terrible, mais bien r\u00e9el, d&rsquo;une \u00e9quipe en manque de solution, alors que la saison vient \u00e0 peine de d\u00e9buter. Franck Haise ne voulait pas s&rsquo;inqui\u00e9ter, mais r\u00e9alisait que l&rsquo;\u00e9quipe \u00e9tait malheureusement \u00e0 sa place actuellement.<\/p>\n<p>Insuffisant pour Haise<\/p>\n<p>Si le Benfica \u00e9tait un adversaire d&rsquo;un autre calibre, habitu\u00e9 \u00e0 la Ligue des champions, Toulouse \u00e9tait \u00e0 la port\u00e9e des Aiglons. Mais devant son public, Nice n&rsquo;a jamais trouv\u00e9 l&rsquo;\u00e9tincelle. L&rsquo;entraineur Franck Haise \u00e9tait agac\u00e9 dans les vestiaires en demandant plus \u00e0 ses joueurs. \u00ab Pour gagner un match, il faut le jouer pleinement. Il ne faut pas faire ce qu&rsquo;on a fait l\u00e0. C&rsquo;est insuffisant \u00bb, avait-il dit. Regrettant le d\u00e9chet technique de son \u00e9quipe, <a href=\"https:\/\/sports.orange.fr\/football\/ligue-des-champions\/article\/nice-haise-on-a-fait-notre-maximum-exclu-CNT000002kaHwU.html\" rel=\"nofollow noopener\" target=\"_blank\">Haise ne croyait pas au contrecoup de la C1<\/a>. \u00ab Je crois que c&rsquo;est le niveau de l&rsquo;\u00e9quipe actuellement. Tout simplement. Le niveau de l&rsquo;\u00e9quipe sur le plan technique&#8230; et une \u00e9quipe un peu tendre, \u00e0 qui il manque beaucoup de certitudes parce qu&rsquo;il manque beaucoup de joueurs. \u00bb Face \u00e0 Auxerre, encore \u00e0 domicile, Nice devra r\u00e9agir. Haise n&rsquo;\u00e9tait pas inquiet, mais devra composer avec les joueurs \u00e0 sa disposition. Une crise plane sur la C\u00f4te d&rsquo;Azur. Reste \u00e0 savoir si la tendance sera rapidement invers\u00e9e.<\/p>\n","protected":false},"excerpt":{"rendered":"Thibaut Simon, Media365 : publi\u00e9 le dimanche 17 ao\u00fbt 2025 \u00e0 09h35 Nice s&rsquo;est inclin\u00e9 ce samedi \u00e0&hellip;\n","protected":false},"author":2,"featured_media":324727,"comment_status":"","ping_status":"","sticky":false,"template":"","format":"standard","meta":{"footnotes":""},"categories":[2819],"tags":[1111,11,1777,674,1011,27,12,2401,882,25],"class_list":{"0":"post-324726","1":"post","2":"type-post","3":"status-publish","4":"format-standard","5":"has-post-thumbnail","7":"category-nice","8":"tag-actu","9":"tag-actualites","10":"tag-eu","11":"tag-europe","12":"tag-fr","13":"tag-france","14":"tag-news","15":"tag-nice","16":"tag-provence-alpes-cote-dazur","17":"tag-republique-francaise"},"share_on_mastodon":{"url":"https:\/\/pubeurope.com\/@fr\/115043814768103351","error":""},"_links":{"self":[{"href":"https:\/\/www.europesays.com\/fr\/wp-json\/wp\/v2\/posts\/324726","targetHints":{"allow":["GET"]}}],"collection":[{"href":"https:\/\/www.europesays.com\/fr\/wp-json\/wp\/v2\/posts"}],"about":[{"href":"https:\/\/www.europesays.com\/fr\/wp-json\/wp\/v2\/types\/post"}],"author":[{"embeddable":true,"href":"https:\/\/www.europesays.com\/fr\/wp-json\/wp\/v2\/users\/2"}],"replies":[{"embeddable":true,"href":"https:\/\/www.europesays.com\/fr\/wp-json\/wp\/v2\/comments?post=324726"}],"version-history":[{"count":0,"href":"https:\/\/www.europesays.com\/fr\/wp-json\/wp\/v2\/posts\/324726\/revisions"}],"wp:featuredmedia":[{"embeddable":true,"href":"https:\/\/www.europesays.com\/fr\/wp-json\/wp\/v2\/media\/324727"}],"wp:attachment":[{"href":"https:\/\/www.europesays.com\/fr\/wp-json\/wp\/v2\/media?parent=324726"}],"wp:term":[{"taxonomy":"category","embeddable":true,"href":"https:\/\/www.europesays.com\/fr\/wp-json\/wp\/v2\/categories?post=324726"},{"taxonomy":"post_tag","embeddable":true,"href":"https:\/\/www.europesays.com\/fr\/wp-json\/wp\/v2\/tags?post=324726"}],"curies":[{"name":"wp","href":"https:\/\/api.w.org\/{rel}","templated":true}]}}