{"id":324730,"date":"2025-08-17T11:16:11","date_gmt":"2025-08-17T11:16:11","guid":{"rendered":"https:\/\/www.europesays.com\/fr\/324730\/"},"modified":"2025-08-17T11:16:11","modified_gmt":"2025-08-17T11:16:11","slug":"le-ccas-renforce-son-soutien-a-la-population-avec-de-nouveaux-dispositifs","status":"publish","type":"post","link":"https:\/\/www.europesays.com\/fr\/324730\/","title":{"rendered":"le CCAS renforce son soutien \u00e0 la population avec de nouveaux dispositifs"},"content":{"rendered":"<p>Le conseil d\u2019administration du Centre communal d\u2019action sociale (CCAS) vient d\u2019approuver le renouvellement et la mise en place de nouveaux dispositifs en soutien de la population. Les conventions avec l\u2019AS Ambar\u00e9sienne section sport, sant\u00e9 et handicap, celle concernant la co-organisation des Olympiades seniors seront renouvel\u00e9es ainsi que la charte Monalisa (Mobilisation nationale contre l\u2019isolement des personnes \u00e2g\u00e9es).<\/p>\n<p>Nouveaux dispositifs<\/p>\n<p>Quatre nouveaux dispositifs viendront compl\u00e9ter les actions engag\u00e9es par le CCAS. Une convention avec l\u2019association En symbiose proposera des ateliers de m\u00e9diation animale pour les seniors. \u00ab\u00a0C\u2019est une nouveaut\u00e9 qui nous tient \u00e0 c\u0153ur. La m\u00e9diation animale r\u00e9duit l\u2019anxi\u00e9t\u00e9, stimule la m\u00e9moire et apporte du r\u00e9confort. Elle am\u00e9liore la motricit\u00e9 et les liens sociaux. Cette approche se pratique par la pr\u00e9sence et l\u2019interaction avec des chiens et des cochons d\u2019Inde pour am\u00e9liorer la sant\u00e9 et le bien-\u00eatre des personnes\u00a0\u00bb, souligne Emmanuelle Arnaud-Monperrus, directrice du CCAS.<\/p>\n<p>Un partenariat avec le d\u00e9partement de la Gironde et la compagnie des Limbes permettra de d\u00e9velopper les animations culturelles et celui avec l\u2019association Id\u00e9es cr\u00e9atives sera ax\u00e9 sur le bien-\u00eatre, l\u2019autonomie et l\u2019\u00e9panouissement des personnes retrait\u00e9es.<\/p>\n<p>Recrutement d\u2019un service civique<\/p>\n<p>Parmi les actions engag\u00e9es pour lutter contre l\u2019isolement social des personnes \u00e2g\u00e9es, une convention a \u00e9t\u00e9 sign\u00e9e avec Service civique solidarit\u00e9 seniors. Cette convention sera l\u2019un des moteurs de la lutte et du soutien aux liens interg\u00e9n\u00e9rationnels. Elle sera assur\u00e9e par le recrutement d\u2019un jeune volontaire pour dix mois. Dans le cadre de cette action, Annabelle Gourviat, adjointe au maire en charge des solidarit\u00e9s et vice-pr\u00e9sidente du CCAS, souligne \u00ab\u00a0qu\u2019il est important de soutenir l\u2019engagement des jeunes, qui peut \u00eatre une solution efficace pour pr\u00e9venir l\u2019isolement et la perte d\u2019autonomie des a\u00een\u00e9s mais \u00e9galement un v\u00e9ritable tremplin professionnel. Cette nouvelle recrue sera un relais \u00e0 l\u2019animatrice du territoire\u00a0\u00bb.<\/p>\n","protected":false},"excerpt":{"rendered":"Le conseil d\u2019administration du Centre communal d\u2019action sociale (CCAS) vient d\u2019approuver le renouvellement et la mise en place&hellip;\n","protected":false},"author":2,"featured_media":324731,"comment_status":"","ping_status":"","sticky":false,"template":"","format":"standard","meta":{"footnotes":""},"categories":[2817],"tags":[1111,11,1997,1777,674,1011,27,12,2219,25],"class_list":{"0":"post-324730","1":"post","2":"type-post","3":"status-publish","4":"format-standard","5":"has-post-thumbnail","7":"category-bordeaux","8":"tag-actu","9":"tag-actualites","10":"tag-bordeaux","11":"tag-eu","12":"tag-europe","13":"tag-fr","14":"tag-france","15":"tag-news","16":"tag-nouvelle-aquitaine","17":"tag-republique-francaise"},"share_on_mastodon":{"url":"https:\/\/pubeurope.com\/@fr\/115043826727667830","error":""},"_links":{"self":[{"href":"https:\/\/www.europesays.com\/fr\/wp-json\/wp\/v2\/posts\/324730","targetHints":{"allow":["GET"]}}],"collection":[{"href":"https:\/\/www.europesays.com\/fr\/wp-json\/wp\/v2\/posts"}],"about":[{"href":"https:\/\/www.europesays.com\/fr\/wp-json\/wp\/v2\/types\/post"}],"author":[{"embeddable":true,"href":"https:\/\/www.europesays.com\/fr\/wp-json\/wp\/v2\/users\/2"}],"replies":[{"embeddable":true,"href":"https:\/\/www.europesays.com\/fr\/wp-json\/wp\/v2\/comments?post=324730"}],"version-history":[{"count":0,"href":"https:\/\/www.europesays.com\/fr\/wp-json\/wp\/v2\/posts\/324730\/revisions"}],"wp:featuredmedia":[{"embeddable":true,"href":"https:\/\/www.europesays.com\/fr\/wp-json\/wp\/v2\/media\/324731"}],"wp:attachment":[{"href":"https:\/\/www.europesays.com\/fr\/wp-json\/wp\/v2\/media?parent=324730"}],"wp:term":[{"taxonomy":"category","embeddable":true,"href":"https:\/\/www.europesays.com\/fr\/wp-json\/wp\/v2\/categories?post=324730"},{"taxonomy":"post_tag","embeddable":true,"href":"https:\/\/www.europesays.com\/fr\/wp-json\/wp\/v2\/tags?post=324730"}],"curies":[{"name":"wp","href":"https:\/\/api.w.org\/{rel}","templated":true}]}}