{"id":324732,"date":"2025-08-17T11:17:16","date_gmt":"2025-08-17T11:17:16","guid":{"rendered":"https:\/\/www.europesays.com\/fr\/324732\/"},"modified":"2025-08-17T11:17:16","modified_gmt":"2025-08-17T11:17:16","slug":"girondins-etienne-beugre-met-en-cause-john-williams-de-bloquer-son-retour-a-bordeaux-2","status":"publish","type":"post","link":"https:\/\/www.europesays.com\/fr\/324732\/","title":{"rendered":"Girondins : \u00c9tienne Beugre met en cause John Williams de bloquer son retour \u00e0 Bordeaux"},"content":{"rendered":"<p><img decoding=\"async\" src=\"https:\/\/www.europesays.com\/fr\/wp-content\/uploads\/2025\/08\/671_912aa33768b4d6bae1f2ed991a3d54ee.jpg\" alt=\"Girondins : \u00c9tienne Beugre met en cause John Williams de bloquer son retour \u00e0 Bordeaux\" class=\"img-responsive mt-3\"\/><\/p>\n<p class=\"text-center mb-3\" style=\"font-size: 14px\">\u00a9 Iconsport<\/p>\n<p>      <strong>Girondins de Bordeaux : Pourquoi \u00c9tienne Beugre pointe du doigt John Williams<\/strong><\/p>\n<p style=\"text-align: justify;\">Plus gros salaire de l&rsquo;effectif avec 10 000\u20ac brut par mois, \u00c9tienne Beugre s&rsquo;impatiente en C\u00f4te d&rsquo;Ivoire. Le joueur qui est actuellement dans son pays vient de casser le silence qui entoure sa situation.<\/p>\n<p style=\"text-align: justify;\">En effet, il a \u00e9t\u00e9 mis \u00e0 l&rsquo;\u00e9cart de la pr\u00e9paration du groupe, et n&rsquo;est pas venu en France faire la pr\u00e9paration. Au m\u00eame titre que Yamber\u00e9 et Merdji, Bruno Irl\u00e8s, l&rsquo;entraineur des Marine et Blanc, ne compte pas sur lui cette saison.<\/p>\n<p style=\"text-align: justify;\">Pour la premi\u00e8re fois, il est sorti du silence et explique pourquoi il n&rsquo;est pas \u00e0 Bordeaux. Ce serait un probl\u00e8me administratif.<\/p>\n<p style=\"text-align: justify;\">Il a publi\u00e9 une storie Instagram ce samedi soir apr\u00e8s le match des Girondins.<\/p>\n<p style=\"text-align: justify;\">Voici ce qu&rsquo;il a \u00e9crit : \u00ab\u00a0Pr\u00eat \u00e0 aider mes co\u00e9quipiers ! J&rsquo;attends depuis 40 jours que le directeur John Williams m&rsquo;envoie les documents n\u00e9cessaires pour mon visa de travail \u00e0 l&rsquo;ambassade de France \u00e0 Abidjan ! Je sais que je peux aider l&rsquo;\u00e9quipe et que je suis pay\u00e9 pour \u00e7a ! Loin des yeux pr\u00e8s du c\u0153ur.\u00a0\u00bb<\/p>\n<p style=\"text-align: center;\"><img decoding=\"async\" src=\"https:\/\/www.europesays.com\/fr\/wp-content\/uploads\/2025\/08\/1755429436_275_post-beugre-instagram.png\" alt=\"post-beugre-instagram.png (1.49 MB)\" style=\"width:700px;max-width:100%;\"\/><br \/>@instagram \u00c9tienne Beugre, storie screen \u00e9cran<\/p>\n<p style=\"text-align: justify;\">C&rsquo;est un message qui clarifie sa situation. Le joueur veut rentrer en France \u00e0 Bordeaux pour jouer et honorer son contrat. Or, selon les mots sur Instagram, le club bordelais et le son directeur sportif, John Williams, ne lui ont pas envoy\u00e9 les documents administratifs n\u00e9cessaires pour qu&rsquo;il puisse le faire. C&rsquo;est ce qu&rsquo;\u00e9crit l&rsquo;ancien attaquant de Maribor.<\/p>\n<p style=\"text-align: justify;\">Le FCGB devra r\u00e9gler la situation d&rsquo;\u00c9tienne Beugre (sous contrat jusqu&rsquo;en 2026) rapidement pour ne pas brouiller l&rsquo;ambiance autour de l&rsquo;\u00e9quipe dans une saison o\u00f9 monter en N1 apparait comme vital.<\/p>\n<p>\u00c0 Lire &gt;&gt; <strong><a href=\"https:\/\/www.webgirondins.com\/actualite-girondins-n2-les-girondins-tenus-en-echec-par-l-us-avranches-130082\" target=\"_blank\" rel=\"noopener\">N2 : les Girondins tenus en \u00e9chec par l&rsquo;US Avranches<\/a><\/strong><\/p>\n<p>Notre podcast court :<\/p>\n","protected":false},"excerpt":{"rendered":"\u00a9 Iconsport Girondins de Bordeaux : Pourquoi \u00c9tienne Beugre pointe du doigt John Williams Plus gros salaire de&hellip;\n","protected":false},"author":2,"featured_media":324733,"comment_status":"","ping_status":"","sticky":false,"template":"","format":"standard","meta":{"footnotes":""},"categories":[2817],"tags":[1111,11,39723,13771,11754,46147,1997,6950,3738,3136,2834,11753,1777,674,1011,27,1987,2440,46149,7041,12,2219,46150,25,8133,1447,4581,46148,5256,2771],"class_list":{"0":"post-324732","1":"post","2":"type-post","3":"status-publish","4":"format-standard","5":"has-post-thumbnail","7":"category-bordeaux","8":"tag-actu","9":"tag-actualites","10":"tag-actuellement","11":"tag-attaquant","12":"tag-beugre","13":"tag-bloquer","14":"tag-bordeaux","15":"tag-bordelais","16":"tag-cause","17":"tag-cote","18":"tag-entre","19":"tag-etienne","20":"tag-eu","21":"tag-europe","22":"tag-fr","23":"tag-france","24":"tag-girondins","25":"tag-instagram","26":"tag-ivoire","27":"tag-john","28":"tag-news","29":"tag-nouvelle-aquitaine","30":"tag-publier","31":"tag-republique-francaise","32":"tag-retour","33":"tag-situation","34":"tag-story","35":"tag-tend","36":"tag-vient","37":"tag-williams"},"share_on_mastodon":{"url":"https:\/\/pubeurope.com\/@fr\/115043831003470578","error":""},"_links":{"self":[{"href":"https:\/\/www.europesays.com\/fr\/wp-json\/wp\/v2\/posts\/324732","targetHints":{"allow":["GET"]}}],"collection":[{"href":"https:\/\/www.europesays.com\/fr\/wp-json\/wp\/v2\/posts"}],"about":[{"href":"https:\/\/www.europesays.com\/fr\/wp-json\/wp\/v2\/types\/post"}],"author":[{"embeddable":true,"href":"https:\/\/www.europesays.com\/fr\/wp-json\/wp\/v2\/users\/2"}],"replies":[{"embeddable":true,"href":"https:\/\/www.europesays.com\/fr\/wp-json\/wp\/v2\/comments?post=324732"}],"version-history":[{"count":0,"href":"https:\/\/www.europesays.com\/fr\/wp-json\/wp\/v2\/posts\/324732\/revisions"}],"wp:featuredmedia":[{"embeddable":true,"href":"https:\/\/www.europesays.com\/fr\/wp-json\/wp\/v2\/media\/324733"}],"wp:attachment":[{"href":"https:\/\/www.europesays.com\/fr\/wp-json\/wp\/v2\/media?parent=324732"}],"wp:term":[{"taxonomy":"category","embeddable":true,"href":"https:\/\/www.europesays.com\/fr\/wp-json\/wp\/v2\/categories?post=324732"},{"taxonomy":"post_tag","embeddable":true,"href":"https:\/\/www.europesays.com\/fr\/wp-json\/wp\/v2\/tags?post=324732"}],"curies":[{"name":"wp","href":"https:\/\/api.w.org\/{rel}","templated":true}]}}