{"id":324736,"date":"2025-08-17T11:19:11","date_gmt":"2025-08-17T11:19:11","guid":{"rendered":"https:\/\/www.europesays.com\/fr\/324736\/"},"modified":"2025-08-17T11:19:11","modified_gmt":"2025-08-17T11:19:11","slug":"un-homme-tue-par-balle-dans-le-quartier-bellefontaine-a-toulouse","status":"publish","type":"post","link":"https:\/\/www.europesays.com\/fr\/324736\/","title":{"rendered":"Un homme tu\u00e9 par balle dans le quartier Bellefontaine \u00e0 Toulouse"},"content":{"rendered":"<p class=\"description\">Dans la nuit du samedi 16 au dimanche 17 ao\u00fbt 2025, un homme a \u00e9t\u00e9 tu\u00e9 dans le quartier de Bellefontaine \u00e0 Toulouse. \u00c0 1h30 du matin, l&rsquo;homme de 23 ans a \u00e9t\u00e9 d&rsquo;abord gri\u00e8vement bless\u00e9 par balle avant de d\u00e9c\u00e9der peu apr\u00e8s des suites de ses blessures. Une enqu\u00eate pour meurtre a \u00e9t\u00e9 ouverte par le parquet de Toulouse et confi\u00e9e \u00e0 la Division de la criminalit\u00e9 organis\u00e9e et sp\u00e9cialis\u00e9e.<\/p>\n","protected":false},"excerpt":{"rendered":"Dans la nuit du samedi 16 au dimanche 17 ao\u00fbt 2025, un homme a \u00e9t\u00e9 tu\u00e9 dans le&hellip;\n","protected":false},"author":2,"featured_media":324737,"comment_status":"","ping_status":"","sticky":false,"template":"","format":"standard","meta":{"footnotes":""},"categories":[2816],"tags":[1111,11,1777,674,1011,27,777,12,2680,25,2312,133,9989],"class_list":{"0":"post-324736","1":"post","2":"type-post","3":"status-publish","4":"format-standard","5":"has-post-thumbnail","7":"category-toulouse","8":"tag-actu","9":"tag-actualites","10":"tag-eu","11":"tag-europe","12":"tag-fr","13":"tag-france","14":"tag-meurtre","15":"tag-news","16":"tag-occitanie","17":"tag-republique-francaise","18":"tag-toulouse","19":"tag-video","20":"tag-wochit"},"share_on_mastodon":{"url":"https:\/\/pubeurope.com\/@fr\/115043838406431329","error":""},"_links":{"self":[{"href":"https:\/\/www.europesays.com\/fr\/wp-json\/wp\/v2\/posts\/324736","targetHints":{"allow":["GET"]}}],"collection":[{"href":"https:\/\/www.europesays.com\/fr\/wp-json\/wp\/v2\/posts"}],"about":[{"href":"https:\/\/www.europesays.com\/fr\/wp-json\/wp\/v2\/types\/post"}],"author":[{"embeddable":true,"href":"https:\/\/www.europesays.com\/fr\/wp-json\/wp\/v2\/users\/2"}],"replies":[{"embeddable":true,"href":"https:\/\/www.europesays.com\/fr\/wp-json\/wp\/v2\/comments?post=324736"}],"version-history":[{"count":0,"href":"https:\/\/www.europesays.com\/fr\/wp-json\/wp\/v2\/posts\/324736\/revisions"}],"wp:featuredmedia":[{"embeddable":true,"href":"https:\/\/www.europesays.com\/fr\/wp-json\/wp\/v2\/media\/324737"}],"wp:attachment":[{"href":"https:\/\/www.europesays.com\/fr\/wp-json\/wp\/v2\/media?parent=324736"}],"wp:term":[{"taxonomy":"category","embeddable":true,"href":"https:\/\/www.europesays.com\/fr\/wp-json\/wp\/v2\/categories?post=324736"},{"taxonomy":"post_tag","embeddable":true,"href":"https:\/\/www.europesays.com\/fr\/wp-json\/wp\/v2\/tags?post=324736"}],"curies":[{"name":"wp","href":"https:\/\/api.w.org\/{rel}","templated":true}]}}