{"id":324738,"date":"2025-08-17T11:21:12","date_gmt":"2025-08-17T11:21:12","guid":{"rendered":"https:\/\/www.europesays.com\/fr\/324738\/"},"modified":"2025-08-17T11:21:12","modified_gmt":"2025-08-17T11:21:12","slug":"benjamin-pavard-a-pris-une-decision-pour-son-avenir","status":"publish","type":"post","link":"https:\/\/www.europesays.com\/fr\/324738\/","title":{"rendered":"Benjamin Pavard a pris une d\u00e9cision pour son avenir"},"content":{"rendered":"<p>Ils sont trois. Trois champions du monde \u00e0 avoir fait le choix de (re)venir en France cet \u00e9t\u00e9, \u00e0 un an de la Coupe du Monde (en plus de Kimpembe, Demb\u00e9l\u00e9, Hernandez, Sidib\u00e9, Tolisso, ndlr). Paul Pogba (32 ans) avait d\u2019abord donn\u00e9 le ton au mois de juin en rejoignant librement l\u2019AS Monaco pour ce qui sera sa premi\u00e8re exp\u00e9rience professionnelle dans son pays, avant d\u2019\u00eatre imit\u00e9 par Olivier Giroud, arriv\u00e9, lui, \u00e0 <a href=\"https:\/\/www.footmercato.net\/club\/losc\/\" rel=\"nofollow noopener\" target=\"_blank\">Lille<\/a> apr\u00e8s un passage \u00e9ph\u00e9m\u00e8re \u00e0 Los Angeles. <\/p>\n<p>            La suite apr\u00e8s cette publicit\u00e9<\/p>\n<p>Ce dernier a vu Florian Thauvin rallier le rival lensois pas plus tard que la semaine derni\u00e8re, <a href=\"https:\/\/www.footmercato.net\/a3178295845048731262-le-losc-veut-faire-lenorme-coup-benjamin-pavard\" rel=\"nofollow noopener\" target=\"_blank\">mais comme nous vous le r\u00e9v\u00e9lions<\/a> r\u00e9cemment, les Dogues explorent aujourd\u2019hui la possibilit\u00e9 de greffer un second champion du monde 2018 \u00e0 leur effectif : <a href=\"https:\/\/www.footmercato.net\/joueur\/benjamin-pavard\/\" rel=\"nofollow noopener\" target=\"_blank\">Benjamin Pavard<\/a> (ils ont perdu Samuel Umtiti, parti librement cet \u00e9t\u00e9). Arriv\u00e9 \u00e0 l\u2019Inter Milan il y a deux saisons, le d\u00e9fenseur fran\u00e7ais de 29 ans est un \u00e9l\u00e9ment courtis\u00e9, mais pas qu\u2019en Europe.<\/p>\n<p>            La suite apr\u00e8s cette publicit\u00e9<\/p>\n<p>        Pavard privil\u00e9gie de rester en Europe<\/p>\n<p>Selon nos informations, le nouveau riche saoudien, NEOM, tr\u00e8s friand des joueurs fran\u00e7ais cet \u00e9t\u00e9, avait pris langue avec son entourage pour \u00e9tudier la faisabilit\u00e9 d\u2019un transfert. Galatasaray, fort d\u2019un projet ambitieux, a \u00e9galement dress\u00e9 ses antennes et en a fait l\u2019une de ses priorit\u00e9s en d\u00e9fense. Mais le club stambouliote sait qu\u2019il a de la concurrence sur le dossier, puisque Lille, son club formateur (il y a \u00e9volu\u00e9 de 2005 \u00e0 2016), a aussi bien l\u2019intention de jouer le coup jusqu\u2019au bout. Le club nordiste devra n\u00e9anmoins avoir les reins solides, car l\u2019argument financier pourrait rapidement devenir un frein. <\/p>\n<p>Aujourd\u2019hui, le joueur touche 5,5 millions d\u2019euros net par an \u00e0 l\u2019Inter Milan (450 000 \u20ac par mois). Des chiffres qui sortent largement du cadre fix\u00e9 par la direction lilloise sur sa grille salariale, quand on sait que le joueur le mieux pay\u00e9 de l\u2019effectif la saison derni\u00e8re, Jonathan David, \u00e9margeait \u00e0 environ 187 000\u20ac par mois selon L\u2019Equipe. Ce qui pourrait n\u00e9anmoins jouer en faveur de Lille, c\u2019est bien le souhait du joueur de rester en Europe. Selon nos informations, Pavard n\u2019a pas forc\u00e9ment l\u2019intention de rallier l\u2019Arabie saoudite, ce qui pourrait mettre en p\u00e9ril son r\u00eave de jouer une troisi\u00e8me Coupe du Monde avec l\u2019\u00e9quipe de France dans un an. Mais il n\u2019est pas na\u00eff : le Fran\u00e7ais sait qu\u2019une participation au Mondial passera par de belles performances, et possiblement dans un club \u00ab\u00a0expos\u00e9\u00a0\u00bb. La <a href=\"https:\/\/www.footmercato.net\/france\/ligue-1\/\" rel=\"nofollow noopener\" target=\"_blank\">Ligue 1<\/a>, un championnat que consid\u00e8re Didier Deschamps, pourrait \u00eatre une belle vitrine. Mais l\u00e0 encore, il reste du chemin \u00e0 faire.<\/p>\n<p>\n    Pub. le 17\/08\/2025 13:05<br \/>\n            &#8211; MAJ le 17\/08\/2025 13:20\n    <\/p>\n","protected":false},"excerpt":{"rendered":"Ils sont trois. Trois champions du monde \u00e0 avoir fait le choix de (re)venir en France cet \u00e9t\u00e9,&hellip;\n","protected":false},"author":2,"featured_media":324739,"comment_status":"","ping_status":"","sticky":false,"template":"","format":"standard","meta":{"footnotes":""},"categories":[2815],"tags":[1111,11,1777,674,1011,27,811,1307,12,25],"class_list":{"0":"post-324738","1":"post","2":"type-post","3":"status-publish","4":"format-standard","5":"has-post-thumbnail","7":"category-lille","8":"tag-actu","9":"tag-actualites","10":"tag-eu","11":"tag-europe","12":"tag-fr","13":"tag-france","14":"tag-hauts-de-france","15":"tag-lille","16":"tag-news","17":"tag-republique-francaise"},"share_on_mastodon":{"url":"https:\/\/pubeurope.com\/@fr\/115043846263250351","error":""},"_links":{"self":[{"href":"https:\/\/www.europesays.com\/fr\/wp-json\/wp\/v2\/posts\/324738","targetHints":{"allow":["GET"]}}],"collection":[{"href":"https:\/\/www.europesays.com\/fr\/wp-json\/wp\/v2\/posts"}],"about":[{"href":"https:\/\/www.europesays.com\/fr\/wp-json\/wp\/v2\/types\/post"}],"author":[{"embeddable":true,"href":"https:\/\/www.europesays.com\/fr\/wp-json\/wp\/v2\/users\/2"}],"replies":[{"embeddable":true,"href":"https:\/\/www.europesays.com\/fr\/wp-json\/wp\/v2\/comments?post=324738"}],"version-history":[{"count":0,"href":"https:\/\/www.europesays.com\/fr\/wp-json\/wp\/v2\/posts\/324738\/revisions"}],"wp:featuredmedia":[{"embeddable":true,"href":"https:\/\/www.europesays.com\/fr\/wp-json\/wp\/v2\/media\/324739"}],"wp:attachment":[{"href":"https:\/\/www.europesays.com\/fr\/wp-json\/wp\/v2\/media?parent=324738"}],"wp:term":[{"taxonomy":"category","embeddable":true,"href":"https:\/\/www.europesays.com\/fr\/wp-json\/wp\/v2\/categories?post=324738"},{"taxonomy":"post_tag","embeddable":true,"href":"https:\/\/www.europesays.com\/fr\/wp-json\/wp\/v2\/tags?post=324738"}],"curies":[{"name":"wp","href":"https:\/\/api.w.org\/{rel}","templated":true}]}}