{"id":324742,"date":"2025-08-17T11:24:13","date_gmt":"2025-08-17T11:24:13","guid":{"rendered":"https:\/\/www.europesays.com\/fr\/324742\/"},"modified":"2025-08-17T11:24:13","modified_gmt":"2025-08-17T11:24:13","slug":"rendre-la-vie-un-peu-meilleure-autour-de-soi","status":"publish","type":"post","link":"https:\/\/www.europesays.com\/fr\/324742\/","title":{"rendered":"Rendre la vie un peu meilleure autour de soi"},"content":{"rendered":"<p itemprop=\"description\"><strong>Si les \u00e9cologistes lyonnais ont beaucoup plant\u00e9 durant leur mandat, ils ont aussi instaur\u00e9 une nouvelle politique d&rsquo;entretien de la v\u00e9g\u00e9tation.<\/strong><\/p>\n<p>Moins d&rsquo;eau, plus d&rsquo;autonomie et donc plus d&rsquo;herbes folles. Et ce afin de favoriser la biodiversit\u00e9.<\/p>\n<p>Un parti pris qui ne trouve pas \u00e9cho chez tous les habitants, loin de l\u00e0.<\/p>\n<p>C&rsquo;est sur cette base qu&rsquo;intervient un justicier au grand coeur. Son arme ? Une d\u00e9broussailleuse. Son terrain de chasse ? Les espaces verts de Lyon.<\/p>\n<p>Sur Instagram, Robin Gervais, paysagiste de profession, prend sur son temps libre pour remettre au propre certains sites. Des prestations b\u00e9n\u00e9voles qu&rsquo;il filme.<\/p>\n<p>Il s&rsquo;est ainsi attaqu\u00e9 \u00e0 la place des Tapis \u00e0 la Croix-Rousse, \u00e0 la gare de covoiturage des quais du Rh\u00f4ne ou encore la rue de Bourgogne dans le 9e arrondissement.<\/p>\n<p>\u00ab\u00a0Ce qui me motive \u00e0 agir comme \u00e7a, c\u2019est juste de montrer qu\u2019il est possible et important de s\u2019impliquer pour la communaut\u00e9 pour rendre la vie un peu meilleure autour de soi. \u00c7a peut \u00eatre \u00a0simplement lib\u00e9rer un passage comme je le fais\u00a0\u00bb, nous explique Robin Gervais, qui r\u00e9colte de nombreux commentaires de f\u00e9licitations sous ses vid\u00e9os.<\/p>\n<p>Et certains internautes pointent \u00e9galement le fait que la Ville de Lyon compte un service des Espaces verts dont ce serait normalement le travail. Robin Gervais lui ne cherche pas la pol\u00e9mique, il a d&rsquo;ailleurs r\u00e9guli\u00e8rement un mot d&rsquo;encouragement pour ses pairs. Il dit \u00ab\u00a0pr\u00e9f\u00e9rer agir plut\u00f4t que d\u2019attendre que les autres s\u2019en occupe et prendre sa responsabilit\u00e9 en tant que citoyen. Je pense que \u00e7a permet de donner l\u2019exemple et en inspirer d\u2019autres\u00a0\u00bb.<\/p>\n<p>C&rsquo;est d\u00e9sormais un jeu sur les r\u00e9seaux sociaux, Robin demande aux internautes quel prochain endroit \u00e0 Lyon m\u00e9rite un coup de frais : \u00ab\u00a0Je vais continuer \u00e0 r\u00e9pondre aux sollicitations et \u00e0 faire de mon mieux pour intervenir quand je le peux\u00a0\u00bb, promet-il.<\/p>\n<blockquote class=\"instagram-media\" style=\"background: #FFF; border: 0; border-radius: 3px; box-shadow: 0 0 1px 0 rgba(0,0,0,0.5),0 1px 10px 0 rgba(0,0,0,0.15); margin: 1px; max-width: 540px; min-width: 326px; padding: 0; width: calc(100% - 2px);\" data-instgrm-captioned=\"\" data-instgrm-permalink=\"https:\/\/www.instagram.com\/reel\/DNBXLOutnMg\/?utm_source=ig_embed&amp;utm_campaign=loading\" data-instgrm-version=\"14\"><p>&#13;<br \/>\n&#13;\n<\/p><\/blockquote>\n<p>\t\t  <script async src=\"\/\/www.instagram.com\/embed.js\"><\/script><\/p>\n","protected":false},"excerpt":{"rendered":"Si les \u00e9cologistes lyonnais ont beaucoup plant\u00e9 durant leur mandat, ils ont aussi instaur\u00e9 une nouvelle politique d&rsquo;entretien&hellip;\n","protected":false},"author":2,"featured_media":324743,"comment_status":"","ping_status":"","sticky":false,"template":"","format":"standard","meta":{"footnotes":""},"categories":[1889],"tags":[1111,11,2813,2190,2430,1109,251,1112,2811,1777,674,118,1011,27,1922,1110,1114,2428,2810,12,241,316,25,2812,517,800],"class_list":{"0":"post-324742","1":"post","2":"type-post","3":"status-publish","4":"format-standard","5":"has-post-thumbnail","7":"category-lyon","8":"tag-actu","9":"tag-actualites","10":"tag-article","11":"tag-asvel","12":"tag-auvergne-rhone-alpes","13":"tag-breves","14":"tag-culture","15":"tag-depeches","16":"tag-economique","17":"tag-eu","18":"tag-europe","19":"tag-faits-divers","20":"tag-fr","21":"tag-france","22":"tag-info","23":"tag-informations","24":"tag-infos","25":"tag-lyon","26":"tag-lyonmag","27":"tag-news","28":"tag-ol","29":"tag-politique","30":"tag-republique-francaise","31":"tag-sociale","32":"tag-sport","33":"tag-transports"},"share_on_mastodon":{"url":"https:\/\/pubeurope.com\/@fr\/115043858262838228","error":""},"_links":{"self":[{"href":"https:\/\/www.europesays.com\/fr\/wp-json\/wp\/v2\/posts\/324742","targetHints":{"allow":["GET"]}}],"collection":[{"href":"https:\/\/www.europesays.com\/fr\/wp-json\/wp\/v2\/posts"}],"about":[{"href":"https:\/\/www.europesays.com\/fr\/wp-json\/wp\/v2\/types\/post"}],"author":[{"embeddable":true,"href":"https:\/\/www.europesays.com\/fr\/wp-json\/wp\/v2\/users\/2"}],"replies":[{"embeddable":true,"href":"https:\/\/www.europesays.com\/fr\/wp-json\/wp\/v2\/comments?post=324742"}],"version-history":[{"count":0,"href":"https:\/\/www.europesays.com\/fr\/wp-json\/wp\/v2\/posts\/324742\/revisions"}],"wp:featuredmedia":[{"embeddable":true,"href":"https:\/\/www.europesays.com\/fr\/wp-json\/wp\/v2\/media\/324743"}],"wp:attachment":[{"href":"https:\/\/www.europesays.com\/fr\/wp-json\/wp\/v2\/media?parent=324742"}],"wp:term":[{"taxonomy":"category","embeddable":true,"href":"https:\/\/www.europesays.com\/fr\/wp-json\/wp\/v2\/categories?post=324742"},{"taxonomy":"post_tag","embeddable":true,"href":"https:\/\/www.europesays.com\/fr\/wp-json\/wp\/v2\/tags?post=324742"}],"curies":[{"name":"wp","href":"https:\/\/api.w.org\/{rel}","templated":true}]}}