{"id":324746,"date":"2025-08-17T11:28:09","date_gmt":"2025-08-17T11:28:09","guid":{"rendered":"https:\/\/www.europesays.com\/fr\/324746\/"},"modified":"2025-08-17T11:28:09","modified_gmt":"2025-08-17T11:28:09","slug":"ou-et-quand-voir-le-premier-match-du-paris-fc-en-ligue-1-depuis-pres-dun-demi-siecle","status":"publish","type":"post","link":"https:\/\/www.europesays.com\/fr\/324746\/","title":{"rendered":"o\u00f9 et quand voir le premier match du Paris FC en Ligue 1 depuis pr\u00e8s d&rsquo;un demi-si\u00e8cle\u00a0?"},"content":{"rendered":"<p>            Par<br \/>\n        <strong><br \/>\n            <a href=\"https:\/\/actu.fr\/auteur\/antoine-grotteria02\" title=\"Consulter tous les articles de Antoine Grotteria\" rel=\"nofollow noopener\" target=\"_blank\">Antoine Grotteria<\/a><br \/>\n        <\/strong><\/p>\n<p>        Publi\u00e9 le<\/p>\n<p>            17 ao\u00fbt 2025 \u00e0 13h02        <\/p>\n<p>Un <strong>\u00e9v\u00e9nement<\/strong> pour le football parisien. Depuis pr\u00e8s d\u2019un demi-si\u00e8cle, le <a href=\"https:\/\/actu.fr\/tag\/paris-saint-germain-psg\" rel=\"nofollow noopener\" target=\"_blank\">Paris Saint-Germain<\/a> (PSG) demeurait le seul club de la capitale \u00e0 figurer dans l\u2019\u00e9lite. Une anomalie \u00e0 l\u2019\u00e9chelle europ\u00e9enne r\u00e9par\u00e9e au printemps dernier. Apr\u00e8s <strong>46\u00a0ans d\u2019absence<\/strong>, le <strong>Paris FC<\/strong> fait son retour en <a href=\"https:\/\/actu.fr\/paris\/sports\/football\/ligue-1\" rel=\"nofollow noopener\" target=\"_blank\">Ligue\u00a01<\/a>. Dot\u00e9e d\u2019une surface financi\u00e8re cons\u00e9quente, l\u2019organisation <a href=\"https:\/\/actu.fr\/ile-de-france\/paris_75056\/ambition-stade-psg-que-peut-changer-le-rachat-du-paris-fc-par-la-famille-arnault-et-red-bull_61728368.html\" rel=\"nofollow noopener\" target=\"_blank\">rachet\u00e9e par la famille Arnault<\/a> ne repr\u00e9sente pas un promu normal. Ce dimanche 17\u00a0ao\u00fbt 2025, il aura l\u2019occasion de prouver sa valeur \u00e0 l\u2019occasion d\u2019un d\u00e9placement \u00e0 <strong>Angers<\/strong> (Maine-et-Loire).<\/p>\n<p>Ambitions mesur\u00e9es \u00e0 court terme<\/p>\n<p class=\" wall-content\">Pour les fans du Paris FC, le rendez-vous est coch\u00e9 de longue date. La rencontre aura lieu \u00e0 <strong>17h15<\/strong> sur la nouvelle plateforme de diffusion du champion de France, <strong>Ligue\u00a01 +<\/strong>. Quatorzi\u00e8me de la saison 2024\/2025, le club angevin s\u2019av\u00e8re \u00e0 la port\u00e9e des hommes de St\u00e9phane Gill. Pourtant, l\u2019ancien r\u00e9sident du <a href=\"https:\/\/actu.fr\/ile-de-france\/paris_75056\/pas-besoin-de-sortir-la-cb-quelle-est-cette-premiere-mondiale-lancee-par-le-paris-fc-a-charlety_62301097.html\" rel=\"nofollow noopener\" target=\"_blank\">stade Charl\u00e9ty<\/a> (14e) se montre prudent. Hors de question de succomber aux sir\u00e8nes de la gloire sans avoir franchi plusieurs \u00e9tapes.<\/p>\n<p class=\" wall-content\">Si le budget fait saliver ses adversaires, le Paris FC ne dispose pas encore des <strong>infrastructures de formation<\/strong> suffisantes pour rivaliser avec les meilleurs clubs fran\u00e7ais. C\u2019est ainsi qu\u2019il souhaite \u00e9tendre son centre d\u2019entra\u00eenement dans le <a href=\"https:\/\/actu.fr\/ile-de-france\/val-de-marne_94\" rel=\"nofollow noopener\" target=\"_blank\">Val-de-Marne<\/a>. En attendant des annonces, l\u2019institution pr\u00e9sid\u00e9e par Pierre Ferracci \u00e9voluera au <a href=\"https:\/\/actu.fr\/ile-de-france\/paris_75056\/le-paris-fc-va-quitter-charlety-pour-s-installer-au-stade-jean-bouin-a-paris_62251658.html\" rel=\"nofollow noopener\" target=\"_blank\">stade Jean-Bouin<\/a> (16e) cette saison. Le premier match est pr\u00e9vu le samedi 23 ao\u00fbt, avec la r\u00e9ception de <strong>l\u2019Olympique de Marseille<\/strong>. Un duel savoureux qui devrait se disputer \u00e0 guichets ferm\u00e9s.<\/p>\n<p class=\" wall-content\">Suivez toute l\u2019actualit\u00e9 de vos villes et m\u00e9dias favoris en vous inscrivant \u00e0 <a href=\"https:\/\/moncompte.actu.fr\" title=\"D\u00e9couvez Mon Actu\" rel=\"nofollow noopener\" data-trk=\"{&quot;cta&quot;:{&quot;action&quot;:&quot;https:\\\/\\\/moncompte.actu.fr&quot;,&quot;category&quot;:&quot;mon compte&quot;,&quot;from&quot;:&quot;article footer&quot;,&quot;name&quot;:&quot;Mon actu&quot;,&quot;type&quot;:&quot;cta&quot;}}\" target=\"_blank\">Mon Actu<\/a>.<\/p>\n","protected":false},"excerpt":{"rendered":"Par Antoine Grotteria Publi\u00e9 le 17 ao\u00fbt 2025 \u00e0 13h02 Un \u00e9v\u00e9nement pour le football parisien. Depuis pr\u00e8s&hellip;\n","protected":false},"author":2,"featured_media":324747,"comment_status":"","ping_status":"","sticky":false,"template":"","format":"standard","meta":{"footnotes":""},"categories":[1888],"tags":[1111,1928,11,1927,1777,674,63,1011,27,12,1926,626,1925,25,60,252],"class_list":{"0":"post-324746","1":"post","2":"type-post","3":"status-publish","4":"format-standard","5":"has-post-thumbnail","7":"category-paris","8":"tag-actu","9":"tag-actu-paris","10":"tag-actualites","11":"tag-actualites-paris","12":"tag-eu","13":"tag-europe","14":"tag-football","15":"tag-fr","16":"tag-france","17":"tag-news","18":"tag-news-paris","19":"tag-paris","20":"tag-paris-news","21":"tag-republique-francaise","22":"tag-sports","23":"tag-television"},"share_on_mastodon":{"url":"https:\/\/pubeurope.com\/@fr\/115043873787334323","error":""},"_links":{"self":[{"href":"https:\/\/www.europesays.com\/fr\/wp-json\/wp\/v2\/posts\/324746","targetHints":{"allow":["GET"]}}],"collection":[{"href":"https:\/\/www.europesays.com\/fr\/wp-json\/wp\/v2\/posts"}],"about":[{"href":"https:\/\/www.europesays.com\/fr\/wp-json\/wp\/v2\/types\/post"}],"author":[{"embeddable":true,"href":"https:\/\/www.europesays.com\/fr\/wp-json\/wp\/v2\/users\/2"}],"replies":[{"embeddable":true,"href":"https:\/\/www.europesays.com\/fr\/wp-json\/wp\/v2\/comments?post=324746"}],"version-history":[{"count":0,"href":"https:\/\/www.europesays.com\/fr\/wp-json\/wp\/v2\/posts\/324746\/revisions"}],"wp:featuredmedia":[{"embeddable":true,"href":"https:\/\/www.europesays.com\/fr\/wp-json\/wp\/v2\/media\/324747"}],"wp:attachment":[{"href":"https:\/\/www.europesays.com\/fr\/wp-json\/wp\/v2\/media?parent=324746"}],"wp:term":[{"taxonomy":"category","embeddable":true,"href":"https:\/\/www.europesays.com\/fr\/wp-json\/wp\/v2\/categories?post=324746"},{"taxonomy":"post_tag","embeddable":true,"href":"https:\/\/www.europesays.com\/fr\/wp-json\/wp\/v2\/tags?post=324746"}],"curies":[{"name":"wp","href":"https:\/\/api.w.org\/{rel}","templated":true}]}}