{"id":324748,"date":"2025-08-17T11:29:10","date_gmt":"2025-08-17T11:29:10","guid":{"rendered":"https:\/\/www.europesays.com\/fr\/324748\/"},"modified":"2025-08-17T11:29:10","modified_gmt":"2025-08-17T11:29:10","slug":"lepouse-de-khaled-youssef-accuse-une-artiste-egyptienne-descroquerie-a-paris","status":"publish","type":"post","link":"https:\/\/www.europesays.com\/fr\/324748\/","title":{"rendered":"L&rsquo;\u00e9pouse de Khaled Youssef accuse une artiste \u00e9gyptienne d&rsquo;escroquerie \u00e0 Paris"},"content":{"rendered":"<p>Dans un d\u00e9veloppement intrigant, l&rsquo;artiste plasticienne Shalimar Charbitli, \u00e9pouse du r\u00e9alisateur \u00e9gyptien Khaled Youssef, a d\u00e9pos\u00e9 une plainte officielle contre une artiste \u00e9gyptienne c\u00e9l\u00e8bre et un avocat, les accusant d&rsquo;escroquerie dans une affaire juridique complexe remontant \u00e0 Paris en 2022.<\/p>\n<p>Tarik Al-Awadi, l&rsquo;avocat de Shalimar, a expliqu\u00e9 que l&rsquo;artiste en question pr\u00e9tendait pouvoir aider Charbitli dans son affaire via un grand avocat international, garantissant la possibilit\u00e9 de plaider devant les tribunaux fran\u00e7ais.<\/p>\n<p>Mais la v\u00e9rit\u00e9 choquante a rapidement \u00e9t\u00e9 r\u00e9v\u00e9l\u00e9e, car il s&rsquo;est av\u00e9r\u00e9 que l&rsquo;avocat \u00e9tait faux, n&rsquo;ayant aucune qualification internationale, et n&rsquo;\u00e9tait pas pr\u00e9sent \u00e0 Paris lors des audiences judiciaires, n&rsquo;ayant pris aucune mesure l\u00e9gale.<\/p>\n<p>L&rsquo;avocat a indiqu\u00e9 que l&rsquo;\u00e9pouse de Khaled Youssef avait donn\u00e9 \u00e0 l&rsquo;avocat fictif un mandat l\u00e9gal, ce qui l&rsquo;a pouss\u00e9e \u00e0 d\u00e9bourser des sommes \u00e9normes d\u00e9passant 50 000 dollars am\u00e9ricains et un million de livres \u00e9gyptiennes en honoraires et frais sans r\u00e9sultat.<\/p>\n<p>Au cours de plus de deux ans, l&rsquo;artiste connue a continu\u00e9 \u00e0 faire croire \u00e0 Charbitli qu&rsquo;elle pouvait r\u00e9cup\u00e9rer son argent, lui demandant de patienter et d&rsquo;attendre.<\/p>\n<p>Tarik Al-Awadi a demand\u00e9 l&rsquo;ouverture d&rsquo;une enqu\u00eate judiciaire urgente sur l&rsquo;affaire, d&rsquo;entendre la plaignante pour l&rsquo;interroger, et de recourir aux documents, d&rsquo;analyser les conversations et les messages vocaux, ainsi que les virements bancaires, en enregistrant l&rsquo;affaire comme une infraction d&rsquo;escroquerie et d&rsquo;usurpation d&rsquo;identit\u00e9.<\/p>\n<p>Dans un contexte connexe, les tensions ont r\u00e9cemment augment\u00e9 entre Shalimar Charbitli et l&rsquo;artiste Hala Sedki, apr\u00e8s des accusations r\u00e9ciproques dans une affaire de vol de bijoux impliquant le r\u00e9alisateur Omar Zaharan.<\/p>\n<p>La crise a \u00e9t\u00e9 marqu\u00e9e par des \u00e9changes d&rsquo;accusations de diffamation, Shalimar accusant Sedki ainsi que Khaled Youssef de diffamation, ce qui a compliqu\u00e9 davantage la sc\u00e8ne artistique et juridique.<\/p>\n","protected":false},"excerpt":{"rendered":"Dans un d\u00e9veloppement intrigant, l&rsquo;artiste plasticienne Shalimar Charbitli, \u00e9pouse du r\u00e9alisateur \u00e9gyptien Khaled Youssef, a d\u00e9pos\u00e9 une plainte&hellip;\n","protected":false},"author":2,"featured_media":324749,"comment_status":"","ping_status":"","sticky":false,"template":"","format":"standard","meta":{"footnotes":""},"categories":[1888],"tags":[1111,1928,11,1927,3734,46176,46177,1777,674,1011,27,12,1926,626,1925,25],"class_list":{"0":"post-324748","1":"post","2":"type-post","3":"status-publish","4":"format-standard","5":"has-post-thumbnail","7":"category-paris","8":"tag-actu","9":"tag-actu-paris","10":"tag-actualites","11":"tag-actualites-paris","12":"tag-art","13":"tag-celebrites-de-lart","14":"tag-diversifie","15":"tag-eu","16":"tag-europe","17":"tag-fr","18":"tag-france","19":"tag-news","20":"tag-news-paris","21":"tag-paris","22":"tag-paris-news","23":"tag-republique-francaise"},"share_on_mastodon":{"url":"https:\/\/pubeurope.com\/@fr\/115043877881585090","error":""},"_links":{"self":[{"href":"https:\/\/www.europesays.com\/fr\/wp-json\/wp\/v2\/posts\/324748","targetHints":{"allow":["GET"]}}],"collection":[{"href":"https:\/\/www.europesays.com\/fr\/wp-json\/wp\/v2\/posts"}],"about":[{"href":"https:\/\/www.europesays.com\/fr\/wp-json\/wp\/v2\/types\/post"}],"author":[{"embeddable":true,"href":"https:\/\/www.europesays.com\/fr\/wp-json\/wp\/v2\/users\/2"}],"replies":[{"embeddable":true,"href":"https:\/\/www.europesays.com\/fr\/wp-json\/wp\/v2\/comments?post=324748"}],"version-history":[{"count":0,"href":"https:\/\/www.europesays.com\/fr\/wp-json\/wp\/v2\/posts\/324748\/revisions"}],"wp:featuredmedia":[{"embeddable":true,"href":"https:\/\/www.europesays.com\/fr\/wp-json\/wp\/v2\/media\/324749"}],"wp:attachment":[{"href":"https:\/\/www.europesays.com\/fr\/wp-json\/wp\/v2\/media?parent=324748"}],"wp:term":[{"taxonomy":"category","embeddable":true,"href":"https:\/\/www.europesays.com\/fr\/wp-json\/wp\/v2\/categories?post=324748"},{"taxonomy":"post_tag","embeddable":true,"href":"https:\/\/www.europesays.com\/fr\/wp-json\/wp\/v2\/tags?post=324748"}],"curies":[{"name":"wp","href":"https:\/\/api.w.org\/{rel}","templated":true}]}}