{"id":324758,"date":"2025-08-17T11:34:08","date_gmt":"2025-08-17T11:34:08","guid":{"rendered":"https:\/\/www.europesays.com\/fr\/324758\/"},"modified":"2025-08-17T11:34:08","modified_gmt":"2025-08-17T11:34:08","slug":"pourquoi-la-declaration-commune-entre-lunion-europeenne-et-les-etats-unis-tarde-a-venir-trois-semaines-apres-laccord-commercial","status":"publish","type":"post","link":"https:\/\/www.europesays.com\/fr\/324758\/","title":{"rendered":"Pourquoi la d\u00e9claration commune entre l&rsquo;Union europ\u00e9enne et les \u00c9tats-Unis tarde \u00e0 venir, trois semaines apr\u00e8s l&rsquo;accord commercial"},"content":{"rendered":"<p>Selon le Financial Times, les deux partenaires commerciaux s&rsquo;\u00e9charpent notamment sur les r\u00e8gles num\u00e9riques europ\u00e9ennes vis-\u00e0-vis desquelles Washington souhaite obtenir des concessions pour ses g\u00e9ants de la tech.<\/p>\n<p>Toujours rien trois semaines apr\u00e8s. Le 27 juillet, la pr\u00e9sidente de la Commission europ\u00e9enne Ursula von der Leyen et le pr\u00e9sident am\u00e9ricain Donald Trump annon\u00e7aient depuis l&rsquo;\u00c9cosse <a href=\"https:\/\/www.bfmtv.com\/economie\/economie-social\/union-europeenne\/tout-comprendre-en-quoi-quoi-consiste-l-accord-enorme-a-15-que-viennent-de-conclure-trump-et-l-ue_AN-202507270293.html\" title=\"TOUT COMPRENDRE. En quoi consiste &quot;l&#039;accord \u00e9norme&quot; \u00e0 15% que viennent de conclure Trump et l&#039;UE ?\" class=\"internal_link\" rel=\"nofollow noopener\" target=\"_blank\">un accord sur les droits de douane<\/a>. Une d\u00e9claration commune aurait alors d\u00fb \u00eatre publi\u00e9e dans la foul\u00e9e afin d&rsquo;officialiser l&rsquo;accord et d&rsquo;en donner les conditions g\u00e9n\u00e9rales, comme ce fut le cas en mai dernier entre les \u00c9tats-Unis et le Royaume-Uni. Mais en coulisses, le bras de fer entre les deux partenaires commerciaux se poursuit.<\/p>\n<p>D&rsquo;apr\u00e8s le <a href=\"https:\/\/www.ft.com\/content\/3f67b6ca-7259-4612-8e51-12b497128552\" target=\"_blank\" class=\"external_link\" rel=\"nofollow noopener\">Financial Times<\/a>, qui cite des responsables europ\u00e9ens, les d\u00e9saccords concernent notamment les \u00ab\u00a0barri\u00e8res non tarifaires\u00a0\u00bb et plus particuli\u00e8rement la r\u00e9glementation num\u00e9rique des Vingt-Sept. Les Am\u00e9ricains ont dans le viseur le fameux Digital Services Act (DSA), un texte qui oblige les g\u00e9ants de la tech \u00e0 contr\u00f4ler plus rigoureusement leurs plateformes et vis-\u00e0-vis duquel Washington souhaite obtenir des concessions.<\/p>\n<blockquote class=\"embed embed_quote\"><p>\u00ab\u00a0Nous continuons \u00e0 aborder la question des barri\u00e8res commerciales num\u00e9riques dans le cadre de discussions avec nos partenaires commerciaux, et l\u2019UE a accept\u00e9 de s\u2019attaquer \u00e0 ces barri\u00e8res lorsque notre accord initial a \u00e9t\u00e9 conclu\u00a0\u00bb, indique un responsable am\u00e9ricain au quotidien britannique.<\/p><\/blockquote>\n<p>R\u00e9duction des taxes sur les exportations de voitures europ\u00e9ennes<\/p>\n<p>Probl\u00e8me: un assouplissement de ces r\u00e8gles constitue une ligne rouge pour Bruxelles. Par ailleurs, l&rsquo;ex\u00e9cutif europ\u00e9en a lui-m\u00eame des dol\u00e9ances \u00e0 l&rsquo;\u00e9gard de son partenaire commercial. La Commission europ\u00e9enne s&rsquo;attendait \u00e0 ce que le pr\u00e9sident am\u00e9ricain signe un d\u00e9cret pour r\u00e9duire de 27,5% \u00e0 15% les droits de douane sur les voitures europ\u00e9ennes import\u00e9es sur le sol am\u00e9ricain d&rsquo;ici le 15 ao\u00fbt. Mais l&rsquo;administration Trump conditionne justement une telle concession \u00e0 l&rsquo;approbation de la d\u00e9claration commune.<\/p>\n<blockquote class=\"embed embed_quote\"><p>\u00ab\u00a0Les mesures qui ajustent tout taux tarifaire, comme les tarifs de la section 232 [qui s&rsquo;appliquent aux voitures], suivront la finalisation des d\u00e9clarations conjointes avec les partenaires commerciaux avec lesquels nous avons conclu des accords\u00a0\u00bb, insiste le responsable am\u00e9ricain aupr\u00e8s du FT.<\/p><\/blockquote>\n<p>Pour rappel, l&rsquo;accord commercial entre Bruxelles et Washington instaure des droits de douane \u00e0 hauteur de 15% sur la plupart des biens europ\u00e9ens import\u00e9s aux \u00c9tats-Unis mais pr\u00e9voit des exemptions pour certaines cat\u00e9gories de produits comme les pi\u00e8ces d&rsquo;avion, des m\u00e9dicaments ou encore des min\u00e9raux essentiels. En revanche, <a href=\"https:\/\/www.bfmtv.com\/economie\/international\/l-europe-s-est-engagee-a-acheter-pour-750-milliards-de-dollars-de-petrole-et-de-gaz-americain-pas-une-contradiction-avec-les-objectifs-climatiques-europeens-assure-bruxelles_AD-202507290311.html\" title=\"L&#039;Europe s&#039;est engag\u00e9e \u00e0 acheter pour 750 milliards de dollars de p\u00e9trole et de gaz am\u00e9ricain: pas une contradiction avec les objectifs climatiques europ\u00e9ens, selon Bruxelles\" class=\"internal_link\" rel=\"nofollow noopener\" target=\"_blank\">l&rsquo;Union europ\u00e9enne s&rsquo;engage en contrepartie \u00e0 acheter pour 750 milliards de dollars d&rsquo;\u00e9nergie am\u00e9ricaine<\/a> et \u00e0 r\u00e9aliser 600 milliards de dollars d&rsquo;investissements outre-Atlantique.<\/p>\n<p>\u00ab\u00a0Le dernier kilom\u00e8tre est toujours le plus difficile\u00a0\u00bb<\/p>\n<p>Le second frein \u00e0 la publication de la tant-attendue d\u00e9claration commune concerne une autre requ\u00eate de l&rsquo;administration Trump. Cette derni\u00e8re exige des \u00e9claircissements calendaires sur le moment o\u00f9 certains produits alimentaires am\u00e9ricains comme le ketchup, les biscuits, le cacao ou l&rsquo;huile de soja, b\u00e9n\u00e9ficieront d&rsquo;un meilleur acc\u00e8s au march\u00e9 europ\u00e9en mais aussi sur le moment o\u00f9 Bruxelles r\u00e9duira ses tarifs douaniers sur les produits industriels am\u00e9ricains. Des r\u00e9ponses que l&rsquo;Union europ\u00e9enne estime ne pas pouvoir donner car elle n&rsquo;a pas encore d\u00e9cid\u00e9 comment interviendraient ces changements juridiques qui sont soumis \u00e0 des processus de validation internes.<\/p>\n<blockquote class=\"embed embed_quote\"><p>\u00ab\u00a0Nous avons pris des engagements politiques, que nous avons l\u2019intention d\u2019honorer, \u00e0 condition qu\u2019ils [les \u00c9tats-Unis] fassent de m\u00eame en premier \u2013 dans cet ordre pr\u00e9cis\u00a0\u00bb, souligne un responsable europ\u00e9en aupr\u00e8s du Financial Times.<\/p><\/blockquote>\n<p>De son c\u00f4t\u00e9, le responsable am\u00e9ricain rappelle que les deux partenaires commerciaux \u00ab\u00a0ont clairement indiqu\u00e9, lors de la conclusion de l&rsquo;accord, que de nombreux d\u00e9tails seraient r\u00e9gl\u00e9s ult\u00e9rieurement\u00a0\u00bb, ces d\u00e9tails ayant entre autres pour but \u00ab\u00a0d&rsquo;\u00e9largir l&rsquo;acc\u00e8s au march\u00e9 pour les exportations am\u00e9ricaines\u00a0\u00bb.<\/p>\n<p>Pour l&rsquo;instant, la Commission europ\u00e9enne n&rsquo;a pas acc\u00e9d\u00e9 \u00e0 la demande de la France et de l&rsquo;Italie d&rsquo;\u00e9largir les exemptions de droits de douane <a href=\"https:\/\/www.bfmtv.com\/economie\/entreprises\/agriculture\/il-y-a-encore-un-petit-espoir-a-48-heures-du-couperet-les-vins-et-spiritueux-francais-croient-encore-pouvoir-echapper-aux-droits-de-douane-de-trump_AD-202508050199.html\" title=\"&quot;Il y a encore un petit espoir&quot;: \u00e0 48 heures du couperet, les vins et spiritueux fran\u00e7ais croient encore pouvoir \u00e9chapper aux droits de douane de Trump\" class=\"internal_link\" rel=\"nofollow noopener\" target=\"_blank\">aux vins et spiritueux<\/a> dont les deux pays sont les principaux exportateurs europ\u00e9ens. Jeudi, le porte-parole de l&rsquo;ex\u00e9cutif europ\u00e9en Olof Gill a confirm\u00e9 que la d\u00e9claration commune avait \u00e9t\u00e9 renvoy\u00e9e \u00e0 l&rsquo;Union europ\u00e9enne pour examen, estimant que \u00ab\u00a0le dernier kilom\u00e8tre est toujours le plus difficile\u00a0\u00bb.<\/p>\n","protected":false},"excerpt":{"rendered":"Selon le Financial Times, les deux partenaires commerciaux s&rsquo;\u00e9charpent notamment sur les r\u00e8gles num\u00e9riques europ\u00e9ennes vis-\u00e0-vis desquelles Washington&hellip;\n","protected":false},"author":2,"featured_media":324759,"comment_status":"","ping_status":"","sticky":false,"template":"","format":"standard","meta":{"footnotes":""},"categories":[1589],"tags":[11,73,1866,12,1864,1865,1863,308],"class_list":{"0":"post-324758","1":"post","2":"type-post","3":"status-publish","4":"format-standard","5":"has-post-thumbnail","7":"category-etats-unis","8":"tag-actualites","9":"tag-etats-unis","10":"tag-etats-unis-damerique","11":"tag-news","12":"tag-united-states","13":"tag-united-states-of-america","14":"tag-us","15":"tag-usa"},"share_on_mastodon":{"url":"https:\/\/pubeurope.com\/@fr\/115043897519861525","error":""},"_links":{"self":[{"href":"https:\/\/www.europesays.com\/fr\/wp-json\/wp\/v2\/posts\/324758","targetHints":{"allow":["GET"]}}],"collection":[{"href":"https:\/\/www.europesays.com\/fr\/wp-json\/wp\/v2\/posts"}],"about":[{"href":"https:\/\/www.europesays.com\/fr\/wp-json\/wp\/v2\/types\/post"}],"author":[{"embeddable":true,"href":"https:\/\/www.europesays.com\/fr\/wp-json\/wp\/v2\/users\/2"}],"replies":[{"embeddable":true,"href":"https:\/\/www.europesays.com\/fr\/wp-json\/wp\/v2\/comments?post=324758"}],"version-history":[{"count":0,"href":"https:\/\/www.europesays.com\/fr\/wp-json\/wp\/v2\/posts\/324758\/revisions"}],"wp:featuredmedia":[{"embeddable":true,"href":"https:\/\/www.europesays.com\/fr\/wp-json\/wp\/v2\/media\/324759"}],"wp:attachment":[{"href":"https:\/\/www.europesays.com\/fr\/wp-json\/wp\/v2\/media?parent=324758"}],"wp:term":[{"taxonomy":"category","embeddable":true,"href":"https:\/\/www.europesays.com\/fr\/wp-json\/wp\/v2\/categories?post=324758"},{"taxonomy":"post_tag","embeddable":true,"href":"https:\/\/www.europesays.com\/fr\/wp-json\/wp\/v2\/tags?post=324758"}],"curies":[{"name":"wp","href":"https:\/\/api.w.org\/{rel}","templated":true}]}}