{"id":324761,"date":"2025-08-17T11:36:23","date_gmt":"2025-08-17T11:36:23","guid":{"rendered":"https:\/\/www.europesays.com\/fr\/324761\/"},"modified":"2025-08-17T11:36:23","modified_gmt":"2025-08-17T11:36:23","slug":"que-retenir-des-100-jours-au-pouvoir-de-friedrich-merz","status":"publish","type":"post","link":"https:\/\/www.europesays.com\/fr\/324761\/","title":{"rendered":"Que retenir des 100 jours au pouvoir de Friedrich Merz ?"},"content":{"rendered":"<p>En Allemagne cela fait maintenant 100 jours que Friedrich Merz est chancelier. Depuis qu&rsquo;il occupe cette fonction, il s&rsquo;est fait remarquer sur la sc\u00e8ne nationale mais aussi internationale.<\/p>\n<p>Lorsque le Bundestag, le Parlement allemand s&rsquo;est r\u00e9uni le 6 mai pour \u00e9lire le pr\u00e9sident de la CDU, Friedrich Merz, au poste de chancelier f\u00e9d\u00e9ral, certains observateurs avaient parl\u00e9 de la \u00ab\u00a0derni\u00e8re chance\u00a0\u00bb pour la d\u00e9mocratie allemande apr\u00e8s les disputes qui ont marqu\u00e9 la vie politique du pays.<\/p>\n<p>Car se disputer \u00e0 nouveau pendant des ann\u00e9es comme sous le gouvernement pr\u00e9c\u00e9dent du SPD, des Verts et du FDP d\u00e9chirerait d\u00e9finitivement la soci\u00e9t\u00e9, augmenterait le populisme de droite et la col\u00e8re contre les \u00e9lites \u00e0 un niveau insupportable. Lors des \u00e9lections f\u00e9d\u00e9rales de f\u00e9vrier 2025, le parti d&rsquo;extr\u00eame droite Alternative f\u00fcr Deutschland (AfD) avait doubl\u00e9 son score pour atteindre 20,8 % des voix.<\/p>\n<p>Pr\u00e9sent sur la sc\u00e8ne internationale &#8211; mais souvent peu diplomatique<\/p>\n<p>Au cours des 100 jours qui se sont \u00e9coul\u00e9s depuis qu&rsquo;il est chancelier, Friedrich Merz a surtout \u00e9t\u00e9 pr\u00e9sent sur la sc\u00e8ne politique \u00e9trang\u00e8re. Peu apr\u00e8s son \u00e9lection, il s&rsquo;est rendu en Ukraine avec le pr\u00e9sident fran\u00e7ais Emmanuel Macron et le Premier ministre britannique Keir Starmer et a assur\u00e9 le pr\u00e9sident Volodymyr Selenskyi de sa solidarit\u00e9. <a href=\"https:\/\/fr.news.yahoo.com\/leurope-veut-peser-avant-sommet-174900171.html\" data-ylk=\"slk:Pour faire peser les demandes;elm:context_link;itc:0;sec:content-canvas;outcm:mb_qualified_link;_E:mb_qualified_link;ct:story;\" class=\"link  yahoo-link\" target=\"_blank\" rel=\"noopener\">Pour faire peser les demandes<\/a> de l&rsquo;Europe au profit de l&rsquo;Ukraine avant <a href=\"https:\/\/fr.news.yahoo.com\/objectifs-poutine-lors-rencontre-trump-151400210.html\" data-ylk=\"slk:le sommet;elm:context_link;itc:0;sec:content-canvas;outcm:mb_qualified_link;_E:mb_qualified_link;ct:story;\" class=\"link  yahoo-link\" target=\"_blank\" rel=\"noopener\">le sommet<\/a> entre le pr\u00e9sident am\u00e9ricain, Donald Trump et son homologue russe, Vladimir Poutine, Friedrich Merz a men\u00e9 plusieurs consultations avec le pr\u00e9sident ukrainien et des repr\u00e9sentants europ\u00e9ens et am\u00e9ricains. Pour le chancelier allemand, l\u2019Ukraine doit \u00eatre pr\u00e9sente \u00e0 la table des discussions.<\/p>\n<p>D\u00e9but juin, il a rendu visite au pr\u00e9sident am\u00e9ricain Donald Trump \u00e0 la Maison Blanche et, contrairement \u00e0 certains autres visiteurs, il a \u00e9t\u00e9 bien trait\u00e9. Il a aussi fait bonne figure au sommet de l&rsquo;UE et au sommet de l&rsquo;OTAN.<\/p>\n<p><img class=\"caas-img caas-lazy has-preview\" alt=\"Frierich Merz utilise parfois des mots peu diplomatiques ce qui suscite de temps en temps des remous,&lt;span class=&quot;copyright&quot;&gt;Chris Emil Janssen\/IMAGO&lt;\/span&gt;\" data-src=\"https:\/\/www.europesays.com\/fr\/wp-content\/uploads\/2025\/08\/bb6c0ba1b03246fb7cd81648b0a45f87.jpeg\"\/><\/p>\n<p>Frierich Merz utilise parfois des mots peu diplomatiques ce qui suscite de temps en temps des remous,Chris Emil Janssen\/IMAGO<\/p>\n<p>Son choix de mots peu diplomatiques a de temps en temps provoqu\u00e9 des remous, par exemple apr\u00e8s l&rsquo;attaque d&rsquo;Isra\u00ebl contre l&rsquo;Iran le 13 juin quand il a affirm\u00e9 que \u00ab\u00a0c&rsquo;est le sale boulot qu&rsquo;Isra\u00ebl fait pour nous tous\u00a0\u00bb.<\/p>\n<p>Certaines d\u00e9cisions du chancelier Merz comme celle de <a href=\"https:\/\/fr.news.yahoo.com\/berlin-suspend-livraison-certaines-armes-174400312.html\" data-ylk=\"slk:suspendre l&#039;exportation d&#039;\u00e9quipements militaires;elm:context_link;itc:0;sec:content-canvas;outcm:mb_qualified_link;_E:mb_qualified_link;ct:story;\" class=\"link  yahoo-link\" target=\"_blank\" rel=\"noopener\">suspendre l&rsquo;exportation d&rsquo;\u00e9quipements militaires<\/a> susceptibles d&rsquo;\u00eatre utilis\u00e9s par l\u2019arm\u00e9e isra\u00e9lienne dans la bande de Gaza, ont surpris \u00e0 l\u2019internationale comme en Allemagne. Pour cause, la s\u00e9curit\u00e9 et l&rsquo;existence d&rsquo;Isra\u00ebl ont toujours \u00e9t\u00e9 qualifi\u00e9s de \u00ab\u00a0raison d&rsquo;\u00c9tat pour l&rsquo;Allemagne\u00a0\u00bb.<\/p>\n<p>Auparavant, il avait \u00e9galement critiqu\u00e9 Isra\u00ebl et dit ne plus comprendre la strat\u00e9gie suivie par l&rsquo;arm\u00e9e dans son action \u00e0 <a href=\"https:\/\/fr.news.yahoo.com\/gaza-risque-mourir-lors-distributions-185800797.html\" data-ylk=\"slk:Gaza.;elm:context_link;itc:0;sec:content-canvas;outcm:mb_qualified_link;_E:mb_qualified_link;ct:story;\" class=\"link  yahoo-link\" target=\"_blank\" rel=\"noopener\">Gaza.<\/a><\/p>\n<p>Des r\u00e8gles plus strictes en mati\u00e8re d&rsquo;immigration<\/p>\n<p>Sur le plan de la politique int\u00e9rieure, la question de l&rsquo;immigration a \u00e9t\u00e9 d\u00e8s le d\u00e9but au centre des pr\u00e9occupations du nouveau gouvernement. Le nouveau ministre de l&rsquo;Int\u00e9rieur Alexander Dobrindt (CSU) a voulu limiter l&rsquo;immigration irr\u00e9guli\u00e8re en proc\u00e9dant \u00e0 des refoulements aux fronti\u00e8res. Avec des refoulements de demandeurs d&rsquo;asile \u00e9galement, ce qui, selon de nombreuses critiques, est contraire au droit europ\u00e9en.<\/p>\n<p>Apr\u00e8s que l&rsquo;Allemagne a r\u00e9introduit des contr\u00f4les \u00e0 la fronti\u00e8re germano-polonaise, la Pologne a r\u00e9agi en instaurant \u00e0 son tour des contr\u00f4les. Le ministre de l&rsquo;Int\u00e9rieur Alexander Dobrindt n&rsquo;a cess\u00e9 pourtant de d\u00e9fendre cette politique migratoire restrictive : \u00ab\u00a0L&rsquo;Europe est une r\u00e9gion ouverte sur le monde. Mais nous ne voulons pas que des passeurs ill\u00e9gaux, des trafiquants, des bandes criminelles d\u00e9cident qui vient dans notre r\u00e9gion. Nous voulons que les d\u00e9cisions politiques d\u00e9finissent les moyens l\u00e9gaux d&rsquo;entrer en Europe, mais ne laissent pas cela aux bandes criminelles\u00a0\u00bb.<\/p>\n<p>La question de la dette<\/p>\n<p>Sur le plan \u00e9conomique, le nouveau gouvernement avait d\u00e9j\u00e0 fait un coup d&rsquo;\u00e9clat avant son entr\u00e9e en fonction : il a organis\u00e9 une majorit\u00e9 des deux tiers au Bundestag avec les Verts et a supprim\u00e9 les r\u00e8gles strictes de la dette allemande. L&rsquo;Allemagne disposera donc dans les ann\u00e9es \u00e0 venir de 500 milliards d&rsquo;euros suppl\u00e9mentaires et m\u00eame de moyens th\u00e9oriquement illimit\u00e9s pour le r\u00e9armement de l&rsquo;arm\u00e9e f\u00e9d\u00e9rale ainsi que 500 autres milliards pour la r\u00e9novation des infrastructures et la protection du climat.<\/p>\n<p>Les conservateurs avaient pourtant promis pendant la campagne \u00e9lectorale de s&rsquo;en tenir aux r\u00e8gles strictes en mati\u00e8re d&rsquo;endettement. Au Bundestag, le nouveau ministre des Finances, le social-d\u00e9mocrate Lars Klingbeil a donn\u00e9 \u00e0 ce sujet une pr\u00e9cision : \u00ab\u00a0Ces derni\u00e8res ann\u00e9es, l&rsquo;OCDE, le Fonds mon\u00e9taire international, la Commission europ\u00e9enne ou le G7 n&rsquo;ont cess\u00e9 de demander et de conseiller \u00e0 l&rsquo;Allemagne d&rsquo;investir davantage et d&rsquo;assouplir les r\u00e8gles d&rsquo;endettement. Cela n&rsquo;a pas \u00e9t\u00e9 possible jusqu&rsquo;\u00e0 pr\u00e9sent. Mais ici, au Parlement, nous avons enfin desserr\u00e9 ces liens et nous investissons comme jamais auparavant dans la capacit\u00e9 d&rsquo;avenir de notre pays\u00a0\u00bb.<\/p>\n<p>Sondage de la DW sur les d\u00e9buts du nouveau gouvernement<\/p>\n<p>La DW a voulu savoir dans un sondage aupr\u00e8s des berlinois \u00ab\u00a0Comment les gens ont-ils v\u00e9cu le d\u00e9but du nouveau gouvernement ?\u00a0\u00bb. A cette question les avis sont partag\u00e9s : Certains s&rsquo;inqui\u00e8tent au sujet de la dette et pour d&rsquo;autres l&rsquo;essentiel est le maintien de l&rsquo;unit\u00e9 du pays. \u00ab\u00a0\u00c7a avance, j&rsquo;esp\u00e8re que \u00e7a va continuer comme \u00e7a\u00a0\u00bb a confi\u00e9 \u00e0 la DW un jeune berlinois. Une jeune femme a pour sa part avou\u00e9 ne pas avoir \u00ab\u00a0vot\u00e9 Merz\u00a0\u00bb. Un homme \u00e2g\u00e9 s&rsquo;est inqui\u00e9t\u00e9 lui des nombreux nouveaux cr\u00e9dits contract\u00e9s par le gouvernement. \u00ab\u00a0Je trouve cela grave que des promesses faites avant les \u00e9lections ne soient pas tenues\u00a0\u00bb a justifi\u00e9 ce dernier. Et enfin, un jeune homme interrog\u00e9 a dit esp\u00e8rer que les dirigeants parviennent \u00e0 maintenir \u00ab\u00a0l&rsquo;Allemagne unie\u00a0\u00bb.<\/p>\n<p><img class=\"caas-img caas-lazy has-preview\" alt=\"Les avis des Allemands sont partag\u00e9s au sujet du bilan des 100 jours au pouvoir de Friedrich Merz.&lt;span class=&quot;copyright&quot;&gt;Harald Tittel\/dpa\/picture alliance&lt;\/span&gt;\" data-src=\"https:\/\/www.europesays.com\/fr\/wp-content\/uploads\/2025\/08\/e8855428371abf4acf14659231ca3cb3.jpeg\"\/><\/p>\n<p>Les avis des Allemands sont partag\u00e9s au sujet du bilan des 100 jours au pouvoir de Friedrich Merz.Harald Tittel\/dpa\/picture alliance<\/p>\n<p>Querelle autour du drapeau arc-en-ciel&#8230;<\/p>\n<p>Il est devenu clair, surtout ces derni\u00e8res semaines, que le gouvernement est \u00e0 nouveau marqu\u00e9 par des opinions plus conservatrices : Les ann\u00e9es pr\u00e9c\u00e9dentes, le drapeau arc-en-ciel avait toujours flott\u00e9 sur le b\u00e2timent du Parlement \u00e0 l&rsquo;occasion du Christopher Street Day, mais cette fois-ci, la nouvelle pr\u00e9sidente du Bundestag, Julia Kl\u00f6ckner (CDU), l&rsquo;a interdit.<\/p>\n<p>Cela a suscit\u00e9 de nombreuses critiques, m\u00eame si Julia Kl\u00f6ckner a autoris\u00e9 la lev\u00e9e du drapeau lors de la journ\u00e9e contre l&rsquo;homophobie du 17 mai. Friedrich Merz a soutenu la pr\u00e9sidente, \u00e0 nouveau avec un choix de mots audacieux : \u00ab\u00a0Le Bundestag n&rsquo;est pas un chapiteau de cirque sur lequel on peut hisser des drapeaux \u00e0 volont\u00e9. Il y a un jour par an, le 17 mai, o\u00f9 l&rsquo;on hisse le drapeau arc-en-ciel. Et tous les autres jours, le drapeau allemand et le drapeau europ\u00e9en sont hiss\u00e9s sur le Bundestag\u00a0\u00bb.<\/p>\n<p>&#8230;et pour un poste \u00e0 la Cour constitutionnelle f\u00e9d\u00e9rale<\/p>\n<p>Malgr\u00e9 de telles disputes, le travail gouvernemental s&rsquo;est d&rsquo;abord d\u00e9roul\u00e9 sans bruit &#8211; jusqu&rsquo;au dernier jour au Bundestag avant la pause estivale : le gouvernement voulait alors choisir plusieurs candidats pour des postes de juges \u00e0 la Cour constitutionnelle f\u00e9d\u00e9rale. Par le pass\u00e9, les partis au gouvernement avaient toujours essay\u00e9 de pourvoir les postes importants de la mani\u00e8re la plus consensuelle possible et sans conflit, afin de ne pas nuire \u00e0 la r\u00e9putation de la plus haute juridiction allemande.<\/p>\n<p>Cela n&rsquo;a pas \u00e9t\u00e9 le cas cette fois-ci. De nombreux d\u00e9put\u00e9s conservateurs ont refus\u00e9 de voter pour la candidate du SPD, Frauke Brosius-Gersdorf. Auparavant, des voix s&rsquo;\u00e9taient \u00e9lev\u00e9es contre la candidate, surtout dans les canaux de droite sur les r\u00e9seaux sociaux. Pour le SPD il s&rsquo;agit d&rsquo;une grave rupture de confiance. Cette querelle va certainement marquer la p\u00e9riode qui suivra la pause estivale, car le SPD s&rsquo;accroche encore \u00e0 sa candidate. Pour l&rsquo;instant, cette querelle assombrit le bilan du gouvernement apr\u00e8s cent jours de mandat.<\/p>\n","protected":false},"excerpt":{"rendered":"En Allemagne cela fait maintenant 100 jours que Friedrich Merz est chancelier. Depuis qu&rsquo;il occupe cette fonction, il&hellip;\n","protected":false},"author":2,"featured_media":324762,"comment_status":"","ping_status":"","sticky":false,"template":"","format":"standard","meta":{"footnotes":""},"categories":[1587],"tags":[46183,11,672,1804,16232,1805,1803,1777,674,4710,1801,12,7274,1802,34130],"class_list":{"0":"post-324761","1":"post","2":"type-post","3":"status-publish","4":"format-standard","5":"has-post-thumbnail","7":"category-allemagne","8":"tag-100-jours","9":"tag-actualites","10":"tag-allemagne","11":"tag-bundesrepublik-deutschland","12":"tag-bundestag","13":"tag-de","14":"tag-deutschland","15":"tag-eu","16":"tag-europe","17":"tag-friedrich-merz","18":"tag-germany","19":"tag-news","20":"tag-president-americain","21":"tag-republique-federale-dallemagne","22":"tag-sommet-de-lotan"},"share_on_mastodon":{"url":"https:\/\/pubeurope.com\/@fr\/115043905626230155","error":""},"_links":{"self":[{"href":"https:\/\/www.europesays.com\/fr\/wp-json\/wp\/v2\/posts\/324761","targetHints":{"allow":["GET"]}}],"collection":[{"href":"https:\/\/www.europesays.com\/fr\/wp-json\/wp\/v2\/posts"}],"about":[{"href":"https:\/\/www.europesays.com\/fr\/wp-json\/wp\/v2\/types\/post"}],"author":[{"embeddable":true,"href":"https:\/\/www.europesays.com\/fr\/wp-json\/wp\/v2\/users\/2"}],"replies":[{"embeddable":true,"href":"https:\/\/www.europesays.com\/fr\/wp-json\/wp\/v2\/comments?post=324761"}],"version-history":[{"count":0,"href":"https:\/\/www.europesays.com\/fr\/wp-json\/wp\/v2\/posts\/324761\/revisions"}],"wp:featuredmedia":[{"embeddable":true,"href":"https:\/\/www.europesays.com\/fr\/wp-json\/wp\/v2\/media\/324762"}],"wp:attachment":[{"href":"https:\/\/www.europesays.com\/fr\/wp-json\/wp\/v2\/media?parent=324761"}],"wp:term":[{"taxonomy":"category","embeddable":true,"href":"https:\/\/www.europesays.com\/fr\/wp-json\/wp\/v2\/categories?post=324761"},{"taxonomy":"post_tag","embeddable":true,"href":"https:\/\/www.europesays.com\/fr\/wp-json\/wp\/v2\/tags?post=324761"}],"curies":[{"name":"wp","href":"https:\/\/api.w.org\/{rel}","templated":true}]}}