{"id":324767,"date":"2025-08-17T11:39:14","date_gmt":"2025-08-17T11:39:14","guid":{"rendered":"https:\/\/www.europesays.com\/fr\/324767\/"},"modified":"2025-08-17T11:39:14","modified_gmt":"2025-08-17T11:39:14","slug":"en-direct-ukraine-macron-et-plusieurs-dirigeants-europeens-se-rendront-a-washington-aux-cotes-de-zelensky-demain","status":"publish","type":"post","link":"https:\/\/www.europesays.com\/fr\/324767\/","title":{"rendered":"EN DIRECT &#8211; Ukraine : Macron et plusieurs dirigeants europ\u00e9ens se rendront \u00e0 Washington aux c\u00f4t\u00e9s de Zelensky demain"},"content":{"rendered":"<ul class=\"jsx-862013697 ArticleChapo__List\">\n<li class=\"jsx-862013697 ArticleChapo__List_Item flex\">Le pr\u00e9sident ukrainien Volodymyr Zelensky a d\u00e9nonc\u00e9 le refus de la Russie d&rsquo;appliquer un cessez-le-feu.<\/li>\n<li class=\"jsx-862013697 ArticleChapo__List_Item flex\">Cette d\u00e9cision, selon lui, \u00ab\u00a0complique la situation\u00a0\u00bb pour aboutir au plan de paix voulu par Donald Trump apr\u00e8s sa rencontre avec Vladimir Poutine.<\/li>\n<li class=\"jsx-862013697 ArticleChapo__List_Item flex\">Suivez les derni\u00e8res informations sur le conflit.<\/li>\n<\/ul>\n<p><a href=\"https:\/\/www.tf1info.fr\/actualite\/guerre-ukraine-russie-une-rencontre-donald-trump-vladimir-poutine-historique-le-vendredi-15-aout-2025-en-alaska-sans-volodymyr-zelensky-14326\/\" rel=\"noopener\" class=\"jsx-484472199 Link jsx-1428418400 jsx-554215408\" target=\"_blank\"><\/p>\n<p style=\"font-weight:400\" class=\"jsx-1837267516\">Suivez la couverture compl\u00e8te<\/p>\n<p style=\"font-weight:800\" class=\"jsx-1837267516\">Ukraine : un sommet crucial Trump-Poutine le 15 ao\u00fbt en Alaska<\/p>\n<p><\/a><\/p>\n<p data-module=\"article-paragraph\" class=\"jsx-3046738180 Paragraph\">Le pr\u00e9sident fran\u00e7ais Emmanuel Macron, le Premier ministre britannique Keir Starmer et le chancelier allemand Friedrich Merz r\u00e9unissent ce dimanche 17 ao\u00fbt \u00e0 15h (heure de Paris) en visioconf\u00e9rence <a href=\"https:\/\/www.tf1info.fr\/international\/sommet-donald-trump-vladimir-poutine-que-va-t-il-se-passer-maintenant-zelensky-washington-macron-reunion-coalition-volontaires-2389089.html\" target=\"_blank\" rel=\"noopener\">les pays de la \u00ab\u00a0coalition des volontaires\u00a0\u00bb<\/a> alli\u00e9s de Kiev, afin de pr\u00e9parer les prochaines \u00e9tapes des discussions de paix sur l&rsquo;Ukraine, a annonc\u00e9 samedi l&rsquo;\u00c9lys\u00e9e. Volodymyr Zelensky devrait lui aussi y assister, en visioconf\u00e9rence.<\/p>\n<p data-module=\"article-paragraph\" class=\"jsx-3046738180 Paragraph Paragraph__End\">Le pr\u00e9sident russe, Vladimir Poutine, a d\u00e9clar\u00e9 samedi avoir discut\u00e9 des moyens de mettre fin au conflit en Ukraine \u00ab\u00a0sur une base \u00e9quitable\u00a0\u00bb lors de sa rencontre en Alaska (\u00c9tats-Unis) avec son homologue am\u00e9ricain, Donald Trump. S&rsquo;adressant \u00e0 de hauts responsables \u00e0 Moscou au lendemain des pourparlers \u00e0 Anchorage, en Alaska, M. Poutine a soulign\u00e9 que le sommet avec M. Trump \u00e9tait \u00ab\u00a0opportun\u00a0\u00bb et \u00ab\u00a0tr\u00e8s utile\u00a0\u00bb, selon des propos publi\u00e9s par le Kremlin.<\/p>\n<p>Minute par minuteGARANTIES DE S\u00c9CURIT\u00c9 POUR KIEV13:26<\/p>\n<p>\u00c0 l&rsquo;issue du sommet en Alaska, Donald Trump a propos\u00e9 \u00e0 l&rsquo;Ukraine une garantie de s\u00e9curit\u00e9 similaire \u00e0 celle de l&rsquo;Otan, mais \u00a0sans que le pays adh\u00e8re formellement \u00e0 l\u2019Alliance atlantique, comme l&rsquo;exige Moscou.<\/p>\n<p>International<\/p>\n<p>VU SUR LCI<\/p>\n<p><img decoding=\"async\" src=\"https:\/\/www.europesays.com\/fr\/wp-content\/uploads\/2025\/08\/ukraine-otan-drapeaux-058cb8-0@1x.jpeg\" alt=\"Garanties de s\u00e9curit\u00e9 pour l'Ukraine : Washington ne propose pas l'Otan... mais presque ?\" loading=\"lazy\" importance=\"low\" fetchpriority=\"low\" class=\"\" aria-hidden=\"true\"\/>Publi\u00e9 aujourd&rsquo;hui \u00e0 11h32UN OUBLI PLUS QU&rsquo;EMBARASSANT13:00<\/p>\n<p>Vendredi 15 ao\u00fbt, au moment du sommet en Alaska, des documents confidentiels sur le d\u00e9roulement de la rencontre entre Donald Trump et Vladimir Poutine ont \u00e9t\u00e9 oubli\u00e9s par l&rsquo;\u00e9quipe de Trump dans l&rsquo;imprimante publique d&rsquo;un h\u00f4tel \u00e0 Anchorage. Une porte-parole de la Maison-Blanche, Anna Kelly, a d\u00e9clar\u00e9 que cela ne constituait pas une faille de s\u00e9curit\u00e9, qualifiant ces documents de \u00ab\u00a0menu de d\u00e9jeuner de plusieurs pages\u00a0\u00bb.<\/p>\n<p>International<img decoding=\"async\" src=\"https:\/\/www.europesays.com\/fr\/wp-content\/uploads\/2025\/08\/trump-poutine-2027-635a0f-1@1x.jpeg\" alt=\"La poign\u00e9e de main historique entre Trump et Poutine en Alaska le 15 ao\u00fbt 2025\" loading=\"lazy\" importance=\"low\" fetchpriority=\"low\" class=\"\" aria-hidden=\"true\"\/>Publi\u00e9 aujourd&rsquo;hui \u00e0 12h03LE DONBASS CONTRE L&rsquo;ARR\u00caT DES COMBATS ?12:55<\/p>\n<p>Les alli\u00e9s de l&rsquo;Ukraine participeront ce dimanche \u00e0 une visioconf\u00e9rence pour pr\u00e9parer les prochaines \u00e9tapes des discussions de paix sur l&rsquo;Ukraine apr\u00e8s le sommet entre Donald Trump et Vladimir Poutine en Alaska. Le pr\u00e9sident russe exige que le Donbass, qui rassemble les r\u00e9gions de Donetsk et Lougansk, passe enti\u00e8rement sous contr\u00f4le russe avant toute \u00e9ventuelle concession de sa part sur le r\u00e8glement de la guerre en Ukraine.\u00a0<\/p>\n<p>LE CHEF DE L&rsquo;OTAN DU VOYAGE12:44<\/p>\n<p>Le secr\u00e9taire g\u00e9n\u00e9ral de l&rsquo;Otan, Mark Rutte, sera lui aussi \u00e0 Washington ce lundi aux c\u00f4t\u00e9s du pr\u00e9sident ukrainien Volodymyr Zelensky, a annonc\u00e9 son \u00e9quipe. \u00ab\u00a0Le secr\u00e9taire g\u00e9n\u00e9ral participera \u00e0 une r\u00e9union organis\u00e9e par le pr\u00e9sident am\u00e9ricain\u00a0\u00bb, a-t-elle indiqu\u00e9 dans un communiqu\u00e9.<\/p>\n<p>EMMANUEL MACRON12:27<\/p>\n<p>L&rsquo;\u00c9lys\u00e9e a annonc\u00e9 qu&rsquo;Emmanuel Macron se rendra lundu \u00e0 Washington, avec Volodymyr Zelensky et d&rsquo;autres alli\u00e9s europ\u00e9ens. Selon un communiqu\u00e9, cette r\u00e9union visera \u00e0 \u00ab\u00a0poursuivre le travail de coordination entre les Europ\u00e9ens et les \u00c9tats-Unis dans le but de parvenir \u00e0 une paix juste et durable qui pr\u00e9serve les int\u00e9r\u00eats vitaux de l\u2019Ukraine et la s\u00e9curit\u00e9 de l\u2019Europe\u00a0\u00bb.<\/p>\n<p>STUBB FERA AUSSI LE VOYAGE12:19<\/p>\n<p>La d\u00e9l\u00e9gation europ\u00e9enne continue de s&rsquo;agrandir : le pr\u00e9sident finlandais Alexander Stubb annonce se rendre \u00e0 Washington lundi avec Zelensky.<\/p>\n<p>MERZ \u00c0 WASHINGTON12:11<\/p>\n<p>Le chancelier allemand Friedrich Merz confirme qu&rsquo;il se rendra lui aussi \u00e0 Washington lundi.<\/p>\n<p>ATTAQUE MUTUELLE DE DRONES12:00<\/p>\n<p>Kiev et Moscou se sont mutuellement attaqu\u00e9s avec des drones dimanche, \u00e0 la veille de la visite du pr\u00e9sident ukrainien Volodymyr Zelensky aux \u00c9tats-Unis. L&rsquo;arm\u00e9e de l&rsquo;air de Kiev a accus\u00e9 la Russie d&rsquo;avoir attaqu\u00e9 l&rsquo;Ukraine avec 60 drones, dont des drones iraniens Shahed, ainsi qu&rsquo;un missile Iskander dans la nuit de samedi \u00e0 dimanche. Le gouverneur de la r\u00e9gion orientale assi\u00e9g\u00e9e de Donetsk, Vadim Filachkine, a d\u00e9clar\u00e9 que des attaques russes avaient tu\u00e9 cinq personnes dans la r\u00e9gion.<\/p>\n<p>En Russie, le minist\u00e8re de la D\u00e9fense a d\u00e9clar\u00e9 de son c\u00f4t\u00e9 que Kiev avait lanc\u00e9 46 drones sur le pays &#8212; principalement au-dessus des r\u00e9gions frontali\u00e8res mais \u00e9galement sur la r\u00e9gion de Nijni Novgorod, \u00e0 l&rsquo;est de Moscou et \u00e0 des centaines de kilom\u00e8tres de l&rsquo;Ukraine.<\/p>\n<p>VON DER LEYEN \u00c0 WASHINGTON11:49<\/p>\n<p>La pr\u00e9sidente de la Commission europ\u00e9enne Ursula von der Leyen annonce recevoir Volodymyr Zelensky cet apr\u00e8s-midi \u00e0 Bruxelles. Elle indique aussi qu&rsquo;elle se rendra avec lui \u00e0 la Maison Blanche demain, avec \u00ab\u00a0d&rsquo;autres leaders europ\u00e9ens\u00a0\u00bb.<\/p>\n<blockquote data-testid=\"EmbedTwitter\" id=\"tweet-1957015978383999422-:R3j99lkqcmj9n79m:\" class=\"jsx-aeff1a1c40f54d7a twitter-tweet flex justify-center items-center\"><p>This afternoon, I will welcome  @ZelenskyyUa in Brussels. Together, we will participate in the Coalition of Willing VTC.  At the request of President Zelenskyy, I will join the meeting with President Trump and other European leaders in the White House tomorrow. \u2014 Ursula von der Leyen (@vonderleyen)  August 17, 2025<\/p><\/blockquote>\n<p>LCI \u00c0 MOSCOU10:14<\/p>\n<p>Notre envoy\u00e9 sp\u00e9cial en Russie, J\u00e9r\u00f4me Garro, nous explique que la Russie reste officiellement ferm\u00e9e \u00e0 la proposition d&rsquo;une rencontre tripartite entre Vladimir Poutine, Volodymyr Zelensky et Donald Trump.<\/p>\n<p>Une r\u00e9union tripartite imminente pour la fin de la guerre en Ukraine ?Source : TF1 Info<\/p>\n<p><img decoding=\"async\" src=\"https:\/\/www.europesays.com\/fr\/wp-content\/uploads\/2025\/08\/une-reunion-tripartite-imminente-pour-la-fin-de-la-guerre-en-ukraine-b5ec80-0@1x.jpeg\" alt=\"Une r\u00e9union tripartite imminente pour la fin de la guerre en Ukraine ?\" loading=\"lazy\" importance=\"low\" fetchpriority=\"low\" class=\"\"\/><img decoding=\"async\" src=\"https:\/\/www.tf1info.fr\/images\/icons\/player-logo-play.svg\" alt=\"Logo lecture\" class=\"jsx-d0de44c05fe3042c PlayerLazyload__Play\"\/>R\u00c9UNION \u00c0 15H09:19<\/p>\n<p>La r\u00e9union des Europ\u00e9ens cet apr\u00e8s-midi peut s&rsquo;av\u00e9rer cruciale pour l&rsquo;avenir de l&rsquo;Ukraine. Retrouvez dans cet article les principaux enjeux de cette concertation.<\/p>\n<p>International<img decoding=\"async\" src=\"https:\/\/www.europesays.com\/fr\/wp-content\/uploads\/2025\/08\/macron-starmer-02-03-35909b-1@1x.jpeg\" alt=\"Emmanuel Macron et Keir Starmer, le 2 mars 2025\" loading=\"lazy\" importance=\"low\" fetchpriority=\"low\" class=\"\" aria-hidden=\"true\"\/>Publi\u00e9 aujourd&rsquo;hui \u00e0 8h21900 SOLDATS RUSSES MORTS AU COMBAT EN 24H08:28<\/p>\n<p>Selon l&rsquo;arm\u00e9e ukrainienne, 900 soldats russes ont \u00e9t\u00e9 tu\u00e9s sur le front ces derni\u00e8res 24h. 4 tanks et 49 syst\u00e8mes d&rsquo;artillerie ont aussi \u00e9t\u00e9 d\u00e9truits.<\/p>\n<p>LCI \u00c0 WASHINGTON07:55<\/p>\n<p>Donald Trump et Volodymyr Zelensky vont se rencontrer ce lundi \u00e0 la Maison Blanche. Selon le New York Times, le pr\u00e9sident am\u00e9ricain va tenter de convaincre son homologue ukrainien de c\u00e9der le Donbass \u00e0 la Russie.<\/p>\n<p>LCI \u00e0 Washington avant la rencontre Trump-ZelenskySource : TF1 Info<\/p>\n<p><img decoding=\"async\" src=\"https:\/\/www.europesays.com\/fr\/wp-content\/uploads\/2025\/08\/lci-a-washington-avant-la-rencontre-trump-zelensky-e24ce3-0@1x.jpeg\" alt=\"LCI \u00e0 Washington avant la rencontre Trump-Zelensky\" loading=\"lazy\" importance=\"low\" fetchpriority=\"low\" class=\"\"\/><img decoding=\"async\" src=\"https:\/\/www.tf1info.fr\/images\/icons\/player-logo-play.svg\" alt=\"Logo lecture\" class=\"jsx-d0de44c05fe3042c PlayerLazyload__Play\"\/>\u00ab\u00a0COALITION DES VOLONTAIRES\u00a0\u00bb06:55<\/p>\n<p>Le rendez-vous de la journ\u00e9e est donn\u00e9 cet apr\u00e8s-midi par les alli\u00e9s europ\u00e9ens, r\u00e9unis au sein de la \u00ab\u00a0coalition des volontaires\u00a0\u00bb. Les participants, dont Emmanuel Macron mais aussi des pays non-europ\u00e9ens comme le Canada, devraient aborder la question des garanties de s\u00e9curit\u00e9 qui seraient accord\u00e9es \u00e0 Kiev dans le cadre d&rsquo;un \u00e9ventuel accord de paix.<\/p>\n<p>BONJOUR \u00c0 TOUS06:48<\/p>\n<p>Bienvenue dans ce direct consacr\u00e9 \u00e0 la guerre en Ukraine, deux jours apr\u00e8s le sommet entre Donald Trump et Vladimir Poutine qui s&rsquo;est conclu sans la signature d&rsquo;un cessez-le-feu.<\/p>\n<p data-module=\"article-paragraph\" class=\"jsx-3046738180 Paragraph\">Le <a href=\"https:\/\/www.tf1info.fr\/international\/en-direct-guerre-en-ukraine-trump-rencontre-poutine-en-alaska-et-veut-reunir-le-president-russe-et-le-president-ukrainien-zelensky-apres-son-rendez-vous-les-dernieres-informations-de-ce-vendredi-15-aout-2025-2388833.html\" target=\"_blank\" rel=\"noopener\">sommet entre les pr\u00e9sidents<\/a> am\u00e9ricain Donald Trump, ukrainien Volodymyr Zelensky et russe Vladimir Poutine pourrait avoir lieu en Europe, a sugg\u00e9r\u00e9 samedi le chancelier allemand, malgr\u00e9 le mandat d&rsquo;arr\u00eat de la Cour p\u00e9nale internationale (CPI) visant le pr\u00e9sident russe. \u00ab\u00a0Je pense (&#8230;) qu&rsquo;une telle rencontre tripartite aura lieu. La date et le lieu restent \u00e0 d\u00e9terminer (&#8230;) Nous avons propos\u00e9 qu&rsquo;un tel lieu puisse se trouver en Europe\u00a0\u00bb, a d\u00e9clar\u00e9 le chancelier Friedrich Merz dans un entretien aux cha\u00eenes allemandes NTV et RTL, diffus\u00e9 samedi, dont l&rsquo;AFP a obtenu le verbatim en avance.<\/p>\n<p data-module=\"article-paragraph\" class=\"jsx-3046738180 Paragraph Paragraph__End\">Selon Kiev, l&rsquo;arm\u00e9e russe a lanc\u00e9 85 drones et un missile sur l&rsquo;Ukraine dans la nuit de vendredi \u00e0 samedi, au moment du sommet. L&rsquo;arm\u00e9e russe a revendiqu\u00e9 samedi la prise de deux localit\u00e9s dans l&rsquo;est de l&rsquo;Ukraine.<\/p>\n<p>La r\u00e9daction de TF1info<\/p>\n","protected":false},"excerpt":{"rendered":"Le pr\u00e9sident ukrainien Volodymyr Zelensky a d\u00e9nonc\u00e9 le refus de la Russie d&rsquo;appliquer un cessez-le-feu. Cette d\u00e9cision, selon&hellip;\n","protected":false},"author":2,"featured_media":324768,"comment_status":"","ping_status":"","sticky":false,"template":"","format":"standard","meta":{"footnotes":""},"categories":[2],"tags":[1111,11,1921,75,1073,1011,27,28083,1922,12,25,220,1917,45905,133,1920,135,134],"class_list":{"0":"post-324767","1":"post","2":"type-post","3":"status-publish","4":"format-standard","5":"has-post-thumbnail","7":"category-actualites","8":"tag-actu","9":"tag-actualites","10":"tag-article-video","11":"tag-donald-trump","12":"tag-emmanuel-macron","13":"tag-fr","14":"tag-france","15":"tag-guerre-en-ukraine-une-treve-sera-t-elle-possible","16":"tag-info","17":"tag-news","18":"tag-republique-francaise","19":"tag-ukraine","20":"tag-ukraine-4-annee-de-guerre","21":"tag-ukraine-un-sommet-crucial-trump-poutine-le-15-aout-en-alaska","22":"tag-video","23":"tag-video-international","24":"tag-vladimir-poutine","25":"tag-volodymyr-zelensky"},"share_on_mastodon":{"url":"https:\/\/pubeurope.com\/@fr\/115043917307616331","error":""},"_links":{"self":[{"href":"https:\/\/www.europesays.com\/fr\/wp-json\/wp\/v2\/posts\/324767","targetHints":{"allow":["GET"]}}],"collection":[{"href":"https:\/\/www.europesays.com\/fr\/wp-json\/wp\/v2\/posts"}],"about":[{"href":"https:\/\/www.europesays.com\/fr\/wp-json\/wp\/v2\/types\/post"}],"author":[{"embeddable":true,"href":"https:\/\/www.europesays.com\/fr\/wp-json\/wp\/v2\/users\/2"}],"replies":[{"embeddable":true,"href":"https:\/\/www.europesays.com\/fr\/wp-json\/wp\/v2\/comments?post=324767"}],"version-history":[{"count":0,"href":"https:\/\/www.europesays.com\/fr\/wp-json\/wp\/v2\/posts\/324767\/revisions"}],"wp:featuredmedia":[{"embeddable":true,"href":"https:\/\/www.europesays.com\/fr\/wp-json\/wp\/v2\/media\/324768"}],"wp:attachment":[{"href":"https:\/\/www.europesays.com\/fr\/wp-json\/wp\/v2\/media?parent=324767"}],"wp:term":[{"taxonomy":"category","embeddable":true,"href":"https:\/\/www.europesays.com\/fr\/wp-json\/wp\/v2\/categories?post=324767"},{"taxonomy":"post_tag","embeddable":true,"href":"https:\/\/www.europesays.com\/fr\/wp-json\/wp\/v2\/tags?post=324767"}],"curies":[{"name":"wp","href":"https:\/\/api.w.org\/{rel}","templated":true}]}}