{"id":324774,"date":"2025-08-17T11:44:10","date_gmt":"2025-08-17T11:44:10","guid":{"rendered":"https:\/\/www.europesays.com\/fr\/324774\/"},"modified":"2025-08-17T11:44:10","modified_gmt":"2025-08-17T11:44:10","slug":"les-coulisses-de-la-prolongation-de-contrat-de-yannick-bru-une-belle-revalorisation-salariale","status":"publish","type":"post","link":"https:\/\/www.europesays.com\/fr\/324774\/","title":{"rendered":"Les coulisses de la prolongation de contrat de Yannick Bru : Une belle revalorisation salariale !"},"content":{"rendered":"<p>C\u2019\u00e9tait dans l\u2019air, c\u2019est d\u00e9sormais officiel. Yannick Bru poursuit son aventure avec l\u2019Union Bordeaux-B\u00e8gles.<\/p>\n<p>Arriv\u00e9 en 2022, le manager de 52 ans, initialement sous contrat jusqu\u2019en 2027, a prolong\u00e9 de deux saisons suppl\u00e9mentaires.<\/p>\n<p>Le club girondin a annonc\u00e9 la nouvelle ce samedi : il sera li\u00e9 jusqu\u2019en 2029.<\/p>\n<p><strong>Heureux de cette continuit\u00e9, le technicien gersois n\u2019a pas cach\u00e9 sa satisfaction :<\/strong><\/p>\n<p>\u00ab Je suis tr\u00e8s heureux de prolonger. Nous allons continuer \u00e0 travailler dur pour atteindre nos objectifs et marquer l\u2019histoire ensemble. \u00bb<\/p>\n<p><strong>Des r\u00e9sultats d\u00e9j\u00e0 historiques<\/strong><\/p>\n<p>Depuis son arriv\u00e9e, l\u2019UBB a franchi un cap. Finaliste du Top 14 en 2023 et 2024 face au Stade Toulousain, le club a surtout d\u00e9croch\u00e9 en mai dernier \u00e0 Cardiff le premier titre europ\u00e9en de son histoire en battant Northampton en finale de Champions Cup.<\/p>\n<p>Une progression que Laurent Marti, pr\u00e9sident bordelais, attribue en grande partie \u00e0 l\u2019expertise de son coach.<\/p>\n<p>\u00ab Avec Yannick, nous partageons la m\u00eame vision : construire dans la dur\u00e9e pour emmener l\u2019UBB encore plus haut. Sa prolongation jusqu\u2019en 2029 est un signal fort envoy\u00e9 \u00e0 nos joueurs, nos supporters et nos partenaires \u00bb, a-t-il soulign\u00e9.<\/p>\n<p><strong>Pas de clause XV de France<\/strong><\/p>\n<p>Selon les informations du journal <a href=\"https:\/\/www.sudouest.fr\/sport\/rugby\/bordeaux-begles\/top-14-yannick-bru-prolonge-l-ubb-construit-sur-la-duree-25575584.php\" rel=\"nofollow noopener\" target=\"_blank\">Sud-Ouest<\/a>, le nouveau contrat ne comporte aucune clause de sortie en cas d\u2019appel du XV de France \u00e0 l\u2019issue du mandat de Fabien Galthi\u00e9 en 2028. Un choix assum\u00e9 par Bru, qui ne souhaite pas reproduire le sc\u00e9nario v\u00e9cu par Jacques Brunel en 2017, appel\u00e9 en cours de saison pour diriger les Bleus.<\/p>\n<p><strong>Une stabilit\u00e9 pr\u00e9cieuse pour Bordeaux<\/strong><\/p>\n<p>Install\u00e9 dans une ville o\u00f9 il se sent bien, Bru dispose d\u2019un effectif comp\u00e9titif et d\u2019infrastructures de haut niveau. Sa prolongation, accompagn\u00e9e d\u2019une revalorisation salariale, t\u00e9moigne de son envie de s\u2019inscrire dans la dur\u00e9e.<\/p>\n<p>S\u2019il va au bout de son contrat, il \u00e9tablira son record de long\u00e9vit\u00e9 sur un banc apr\u00e8s ses passages \u00e0 Toulouse (2007-2012), avec le XV de France (2011-2017), \u00e0 Bayonne (2018-2022) et aux Sharks en Afrique du Sud (2022-2023).<\/p>\n<p>\u00c0 l\u2019aube de sa troisi\u00e8me saison, le manager sait que le plus dur reste \u00e0 venir : maintenir la dynamique, renouveler son discours et \u00e9viter la routine pour rester au sommet. Autour de lui, Thibault Giroud, No\u00ebl McNamara et Shaun Sowerby, tous li\u00e9s jusqu\u2019en 2027, compl\u00e8tent un staff d\u00e9j\u00e0 rod\u00e9.<\/p>\n<p>L\u2019UBB s\u2019offre ainsi une rare stabilit\u00e9 au plus haut niveau. Et en prolongeant son coach jusqu\u2019en 2029, Bordeaux envoie un message clair : le projet s\u2019inscrit dans la dur\u00e9e, avec l\u2019ambition d\u2019\u00e9crire encore plus de pages dor\u00e9es de son histoire.<\/p>\n","protected":false},"excerpt":{"rendered":"C\u2019\u00e9tait dans l\u2019air, c\u2019est d\u00e9sormais officiel. Yannick Bru poursuit son aventure avec l\u2019Union Bordeaux-B\u00e8gles. Arriv\u00e9 en 2022, le&hellip;\n","protected":false},"author":2,"featured_media":235207,"comment_status":"","ping_status":"","sticky":false,"template":"","format":"standard","meta":{"footnotes":""},"categories":[1416],"tags":[1011,27,479,1468,60],"class_list":{"0":"post-324774","1":"post","2":"type-post","3":"status-publish","4":"format-standard","5":"has-post-thumbnail","7":"category-rugby","8":"tag-fr","9":"tag-france","10":"tag-rugby","11":"tag-rugby-football","12":"tag-sports"},"share_on_mastodon":{"url":"https:\/\/pubeurope.com\/@fr\/115043936744145798","error":""},"_links":{"self":[{"href":"https:\/\/www.europesays.com\/fr\/wp-json\/wp\/v2\/posts\/324774","targetHints":{"allow":["GET"]}}],"collection":[{"href":"https:\/\/www.europesays.com\/fr\/wp-json\/wp\/v2\/posts"}],"about":[{"href":"https:\/\/www.europesays.com\/fr\/wp-json\/wp\/v2\/types\/post"}],"author":[{"embeddable":true,"href":"https:\/\/www.europesays.com\/fr\/wp-json\/wp\/v2\/users\/2"}],"replies":[{"embeddable":true,"href":"https:\/\/www.europesays.com\/fr\/wp-json\/wp\/v2\/comments?post=324774"}],"version-history":[{"count":0,"href":"https:\/\/www.europesays.com\/fr\/wp-json\/wp\/v2\/posts\/324774\/revisions"}],"wp:featuredmedia":[{"embeddable":true,"href":"https:\/\/www.europesays.com\/fr\/wp-json\/wp\/v2\/media\/235207"}],"wp:attachment":[{"href":"https:\/\/www.europesays.com\/fr\/wp-json\/wp\/v2\/media?parent=324774"}],"wp:term":[{"taxonomy":"category","embeddable":true,"href":"https:\/\/www.europesays.com\/fr\/wp-json\/wp\/v2\/categories?post=324774"},{"taxonomy":"post_tag","embeddable":true,"href":"https:\/\/www.europesays.com\/fr\/wp-json\/wp\/v2\/tags?post=324774"}],"curies":[{"name":"wp","href":"https:\/\/api.w.org\/{rel}","templated":true}]}}