{"id":324775,"date":"2025-08-17T11:45:11","date_gmt":"2025-08-17T11:45:11","guid":{"rendered":"https:\/\/www.europesays.com\/fr\/324775\/"},"modified":"2025-08-17T11:45:11","modified_gmt":"2025-08-17T11:45:11","slug":"insolite-wta-cincinnati-swiatek-je-pensais-quen-vieillissant-je-commencerais-a-aimer-ca-mais-je-naime-pas-le-gout-de-lalcool-je-prends-generalement-un-virgin-mojito","status":"publish","type":"post","link":"https:\/\/www.europesays.com\/fr\/324775\/","title":{"rendered":"Insolite, WTA &#8211; Cincinnati > Swiatek : \u00ab\u00a0Je pensais qu&rsquo;en vieillissant, je commencerais \u00e0 aimer \u00e7a, mais je n&rsquo;aime pas le go\u00fbt de l&rsquo;alcool. Je prends g\u00e9n\u00e9ralement un virgin mojito\u00a0\u00bb"},"content":{"rendered":"<p>Depuis l\u2019Ohio, o\u00f9 elle s\u2019appr\u00eate \u00e0 d\u00e9fier Elena Rybakina en demi\u2010finales du WTA 1000 de Cincinnati, Iga Swiatek a expliqu\u00e9 pour\u00adquoi elle ne boit jamais d\u2019alcool.<\/p>\n<blockquote class=\"twitter-tweet\">\n<p lang=\"en\" dir=\"ltr\">so i guess Iga\u2019s drink of choice dropped and it\u2019s virgin mojito \ud83d\ude0b <a href=\"https:\/\/t.co\/xfW9YCPaf5\" data-wpel-link=\"external\" target=\"_blank\" rel=\"nofollow external noopener\">pic.twitter.com\/xfW9YCPaf5<\/a><\/p>\n<p>\u2014 Ada (@littleold_ada) <a href=\"https:\/\/twitter.com\/littleold_ada\/status\/1956487329868140831?ref_src=twsrc%5Etfw\" data-wpel-link=\"external\" target=\"_blank\" rel=\"nofollow external noopener\">August 15,\u00a02025<\/a><\/p><\/blockquote>\n<p><strong>\u00ab\u202fJe pensais qu\u2019en vieillis\u00adsant, je commen\u00adce\u00adrais \u00e0 aimer \u00e7a, mais je n\u2019aime pas le go\u00fbt de l\u2019al\u00adcool, donc je n\u2019ai pas besoin d\u2019une grande force mentale pour ne pas en boire, mais c\u2019est s\u00fbr que dans un contexte social, c\u2019est bizarre de ne pas boire quand les autres boivent, mais d\u2019un autre c\u00f4t\u00e9, je ne me sens pas oblig\u00e9e, et je peux m\u2019amuser sans alcool. Comme je n\u2019aime pas vrai\u00adment le go\u00fbt, je choisis g\u00e9n\u00e9\u00adra\u00adle\u00adment un virgin mojito.\u202f\u00bb<\/strong><\/p>\n<p class=\"post-published-date\" style=\"color: silver; font-size: 75%; text-align: left;\">Publi\u00e9 le dimanche 17 ao\u00fbt 2025 \u00e0 11:58<\/p>\n<p><script async src=\"https:\/\/platform.twitter.com\/widgets.js\" charset=\"utf-8\"><\/script><\/p>\n","protected":false},"excerpt":{"rendered":"Depuis l\u2019Ohio, o\u00f9 elle s\u2019appr\u00eate \u00e0 d\u00e9fier Elena Rybakina en demi\u2010finales du WTA 1000 de Cincinnati, Iga Swiatek&hellip;\n","protected":false},"author":2,"featured_media":82266,"comment_status":"","ping_status":"","sticky":false,"template":"","format":"standard","meta":{"footnotes":""},"categories":[1415],"tags":[6903,1011,27,2200,60,1467],"class_list":{"0":"post-324775","1":"post","2":"type-post","3":"status-publish","4":"format-standard","5":"has-post-thumbnail","7":"category-tennis","8":"tag-elena-rybakina","9":"tag-fr","10":"tag-france","11":"tag-iga-swiatek","12":"tag-sports","13":"tag-tennis"},"share_on_mastodon":{"url":"https:\/\/pubeurope.com\/@fr\/115043940602304354","error":""},"_links":{"self":[{"href":"https:\/\/www.europesays.com\/fr\/wp-json\/wp\/v2\/posts\/324775","targetHints":{"allow":["GET"]}}],"collection":[{"href":"https:\/\/www.europesays.com\/fr\/wp-json\/wp\/v2\/posts"}],"about":[{"href":"https:\/\/www.europesays.com\/fr\/wp-json\/wp\/v2\/types\/post"}],"author":[{"embeddable":true,"href":"https:\/\/www.europesays.com\/fr\/wp-json\/wp\/v2\/users\/2"}],"replies":[{"embeddable":true,"href":"https:\/\/www.europesays.com\/fr\/wp-json\/wp\/v2\/comments?post=324775"}],"version-history":[{"count":0,"href":"https:\/\/www.europesays.com\/fr\/wp-json\/wp\/v2\/posts\/324775\/revisions"}],"wp:featuredmedia":[{"embeddable":true,"href":"https:\/\/www.europesays.com\/fr\/wp-json\/wp\/v2\/media\/82266"}],"wp:attachment":[{"href":"https:\/\/www.europesays.com\/fr\/wp-json\/wp\/v2\/media?parent=324775"}],"wp:term":[{"taxonomy":"category","embeddable":true,"href":"https:\/\/www.europesays.com\/fr\/wp-json\/wp\/v2\/categories?post=324775"},{"taxonomy":"post_tag","embeddable":true,"href":"https:\/\/www.europesays.com\/fr\/wp-json\/wp\/v2\/tags?post=324775"}],"curies":[{"name":"wp","href":"https:\/\/api.w.org\/{rel}","templated":true}]}}