{"id":324776,"date":"2025-08-17T11:47:12","date_gmt":"2025-08-17T11:47:12","guid":{"rendered":"https:\/\/www.europesays.com\/fr\/324776\/"},"modified":"2025-08-17T11:47:12","modified_gmt":"2025-08-17T11:47:12","slug":"comment-acosta-est-passe-du-chaos-en-q2-a-une-nouvelle-medaille","status":"publish","type":"post","link":"https:\/\/www.europesays.com\/fr\/324776\/","title":{"rendered":"Comment Acosta est pass\u00e9 du \u00ab\u00a0chaos\u00a0\u00bb en Q2 \u00e0 une nouvelle m\u00e9daille"},"content":{"rendered":"<p>Apr\u00e8s son double podium \u00e0 Brno, <a href=\"https:\/\/fr.motorsport.com\/driver\/pedro-acosta\/840236\/\" target=\"_blank\" rel=\"noopener\">Pedro Acosta<\/a> confirme le retour en gr\u00e2ce de KTM dans la course \u00e0 domicile de l&rsquo;\u00e9quipe, le Grand Prix d&rsquo;Autriche. Port\u00e9 par un ensemble a\u00e9rodynamique qui porte ses fruits, l&rsquo;Espagnol a pourtant connu une entame de journ\u00e9e difficile samedi, avec des qualifications mouvement\u00e9es.<\/p>\n<p>Visiblement mal inform\u00e9, Acosta est tomb\u00e9 en panne d&rsquo;essence apr\u00e8s ses premiers tours rapides en Q2. Il n&rsquo;a pas pu compter sur l&rsquo;aide de son coach en bord de piste, et s&rsquo;est lanc\u00e9 dans un petit slalom sur les routes de service, afin de retrouver le garage KTM.<\/p>\n<p>\u00ab\u00a0On a toujours du mal [en qualifications] mais c&rsquo;\u00e9tait pire parce que je n&rsquo;ai pas vu le panneau et que je me suis un peu manqu\u00e9 dans la strat\u00e9gie\u00a0\u00bb, a reconnu Acosta au micro de DAZN, qui diffuse le MotoGP en Espagne. \u00ab\u00a0On est tomb\u00e9s en panne d&rsquo;essence, j&rsquo;ai d\u00fb revenir au garage.\u00a0\u00bb<\/p>\n<p>\u00ab\u00a0Vous ne pouvez pas imaginer le nombre de tours que j&rsquo;ai faits sur cette piste, depuis la Rookies Cup\u00a0\u00bb, a ajout\u00e9 le pilote KTM lors de sa rencontre avec la presse \u00e9crite. \u00ab\u00a0Je connais ces routes de service par c\u0153ur. En passant devant mon coach, Mika, il me regardait et il ne comprenait rien. Je me disais &lsquo;Putain, tu ne veux pas venir pousser ?&rsquo;.\u00a0\u00bb<\/p>\n<p>\u00a0<\/p>\n<p>Acosta a cr\u00e9\u00e9 un certain \u00ab\u00a0chaos\u00a0\u00bb en arrivant par l&rsquo;arri\u00e8re du garage avec sa KTM\u00a0: \u00ab\u00a0Ils sont pass\u00e9s de la moto qui \u00e9tait pr\u00eate \u00e0 partir \u00e0 celle avec laquelle je roulais, celle avec laquelle je voulais me qualifier\u00a0\u00bb.<\/p>\n<p>Une fois de retour en piste, Acosta semblait avoir le potentiel pour jouer la pole&#8230; avant de tout perdre avec une erreur au dernier virage\u00a0: \u00ab\u00a0Je pense que nous avions plus de potentiel que ce que nous avons montr\u00e9. Jusqu&rsquo;au dernier virage, nous avions tout, peut-\u00eatre pas pour la premi\u00e8re ligne mais pour la deuxi\u00e8me\u00a0\u00bb.<\/p>\n<p>Seulement septi\u00e8me sur la grille, Acosta a imm\u00e9diatement b\u00e9n\u00e9fici\u00e9 des mauvais envols de <a href=\"https:\/\/fr.motorsport.com\/driver\/fermin-aldeguer\/945314\/\" target=\"_blank\" rel=\"noopener\">Ferm\u00edn Aldeguer<\/a> et <a href=\"https:\/\/fr.motorsport.com\/driver\/pecco-bagnaia\/109394\/\" target=\"_blank\" rel=\"noopener\">Pecco Bagnaia<\/a> devant lui. Contrairement \u00e0 d&rsquo;autres pilotes, il n&rsquo;a eu aucune man\u0153uvre d&rsquo;\u00e9vitement \u00e0 faire et il a pu filer tout droit, doublant \u00e9galement <a href=\"https:\/\/fr.motorsport.com\/driver\/enea-bastianini\/109398\/\" target=\"_blank\" rel=\"noopener\">Enea Bastianini<\/a> dans l&rsquo;op\u00e9ration.<\/p>\n<p>Il \u00e9tait alors quatri\u00e8me et il a d\u00e9pass\u00e9 <a href=\"https:\/\/fr.motorsport.com\/driver\/marco-bezzecchi\/441839\/\" target=\"_blank\" rel=\"noopener\">Marco Bezzecchi<\/a> d\u00e8s le deuxi\u00e8me tour. Acosta n&rsquo;a en revanche pas pu revenir sur les fr\u00e8res M\u00e1rquez mais a pris une belle troisi\u00e8me place, venue confirmer les progr\u00e8s de KTM. \u00ab\u00a0Je profite vraiment de ce moment\u00a0\u00bb, a-t-il confi\u00e9 au site officiel du MotoGP. \u00ab\u00a0Le d\u00e9but de la saison a \u00e9t\u00e9 vraiment difficile pour nous et maintenant que les nouveaut\u00e9s et les r\u00e9sultats arrivent, Il faut juste profiter, et ne pas trop r\u00e9fl\u00e9chir.\u00a0\u00bb<\/p>\n<p>   <img decoding=\"async\" draggable=\"false\" src=\"https:\/\/www.europesays.com\/fr\/wp-content\/uploads\/2025\/08\/1755431232_39_pedro-acosta-red-bull-ktm-fact.jpg\" alt=\"Pedro Acosta, Red Bull KTM Factory Racing\" width=\"1200\" height=\"800\" loading=\"lazy\"\/> <\/p>\n<p class=\"title\">Pedro Acosta<\/p>\n<p class=\"photographer\">Photo de: Gold and Goose Photography \/ LAT Images \/ via Getty Images<\/p>\n<p>\u00ab\u00a0On a trouv\u00e9 cette constance et cette confiance qui nous faisaient peut-\u00eatre un peu d\u00e9faut. Ce n&rsquo;\u00e9tait pas id\u00e9al en qualifications parce qu&rsquo;on avait un potentiel beaucoup plus grand mais c&rsquo;est comme \u00e7a. On a g\u00e9r\u00e9 \u00e7a de la meilleure fa\u00e7on possible, la course a \u00e9t\u00e9 longue mais bien meilleure que l&rsquo;an dernier. L&rsquo;an dernier, j&rsquo;avais du mal \u00e0 jouer le top 10. Je suis content.\u00a0\u00bb<\/p>\n<p>Acosta ne pense pas qu&rsquo;une meilleure position sur la <a href=\"https:\/\/fr.motorsport.com\/motogp\/news\/grille-depart-gp-autriche-motogp-2025\/10751054\/\" target=\"_blank\" rel=\"noopener\">grille de d\u00e9part<\/a> lui aurait permis de jouer la victoire face \u00e0 <a href=\"https:\/\/fr.motorsport.com\/driver\/marc-marquez\/92646\/\" target=\"_blank\" rel=\"noopener\">Marc M\u00e1rquez<\/a> et <a href=\"https:\/\/fr.motorsport.com\/driver\/alex-marquez\/96324\/\" target=\"_blank\" rel=\"noopener\">\u00c1lex M\u00e1rquez<\/a>\u00a0: \u00ab\u00a0Il faut reconna\u00eetre que Marc et \u00c1lex ont un avantage sur les autres. Peut-\u00eatre que \u00e7a aurait facilit\u00e9 les choses si j&rsquo;avais \u00e9t\u00e9 en mesure de les freiner mais il faut qu&rsquo;on soit satisfaits de notre r\u00e9sultat, il faut appr\u00e9cier le r\u00e9sultat.\u00a0\u00bb<\/p>\n<p>C&rsquo;est donc la satisfaction qui prime chez KTM, apr\u00e8s un sprint qui a confirm\u00e9 que les \u00e9volutions apparues vendredi <a href=\"https:\/\/fr.motorsport.com\/motogp\/news\/acosta-ktm-nouveautes-travail-paye-red-bull-ring\/10750982\/\" target=\"_blank\" rel=\"noopener\">am\u00e9liorent le turning de la RC16<\/a> : \u00ab\u00a0\u00c7a se comporte bien. Pas aussi bien que nos rivaux mais beaucoup mieux qu&rsquo;avec l&rsquo;ancien package a\u00e9ro. On a fait de tr\u00e8s, tr\u00e8s gros progr\u00e8s. Maintenant, on arrive \u00e0 se battre avec l&rsquo;Aprilia, qui est une moto qui tourne tr\u00e8s bien, ou les pilotes Ducati &lsquo;normaux&rsquo;. On doit \u00eatre tr\u00e8s heureux parce qu&rsquo;on a fait de tr\u00e8s gros progr\u00e8s pendant cette pause estivale.\u00a0\u00bb<\/p>\n<p style=\"text-align: right;\">Avec Germ\u00e1n Garcia Casanova<\/p>\n<p>Lire aussi :<\/p>\n<\/p>\n<p>Dans cet article<\/p>\n<p>Soyez le premier inform\u00e9 et souscrivez aux alertes mails pour recevoir les infos en temps r\u00e9el<\/p>\n<p>    S&rsquo;abonner aux alertes de news<\/p>\n","protected":false},"excerpt":{"rendered":"Apr\u00e8s son double podium \u00e0 Brno, Pedro Acosta confirme le retour en gr\u00e2ce de KTM dans la course&hellip;\n","protected":false},"author":2,"featured_media":324777,"comment_status":"","ping_status":"","sticky":false,"template":"","format":"standard","meta":{"footnotes":""},"categories":[1413],"tags":[46185,1011,27,34489,1457,1456,1458,3070,3068,34490,60],"class_list":{"0":"post-324776","1":"post","2":"type-post","3":"status-publish","4":"format-standard","5":"has-post-thumbnail","7":"category-moto","8":"tag-comment-acosta-est-passu00e9-du-chaos-en-q2-u00e0-une-nouvelle-mu00e9daille","9":"tag-fr","10":"tag-france","11":"tag-gp-dautriche","12":"tag-moto","13":"tag-motocycle","14":"tag-motogp","15":"tag-pedro-acosta","16":"tag-red-bull-ktm-factory-racing","17":"tag-red-bull-ring","18":"tag-sports"},"share_on_mastodon":{"url":"https:\/\/pubeurope.com\/@fr\/115043948530540458","error":""},"_links":{"self":[{"href":"https:\/\/www.europesays.com\/fr\/wp-json\/wp\/v2\/posts\/324776","targetHints":{"allow":["GET"]}}],"collection":[{"href":"https:\/\/www.europesays.com\/fr\/wp-json\/wp\/v2\/posts"}],"about":[{"href":"https:\/\/www.europesays.com\/fr\/wp-json\/wp\/v2\/types\/post"}],"author":[{"embeddable":true,"href":"https:\/\/www.europesays.com\/fr\/wp-json\/wp\/v2\/users\/2"}],"replies":[{"embeddable":true,"href":"https:\/\/www.europesays.com\/fr\/wp-json\/wp\/v2\/comments?post=324776"}],"version-history":[{"count":0,"href":"https:\/\/www.europesays.com\/fr\/wp-json\/wp\/v2\/posts\/324776\/revisions"}],"wp:featuredmedia":[{"embeddable":true,"href":"https:\/\/www.europesays.com\/fr\/wp-json\/wp\/v2\/media\/324777"}],"wp:attachment":[{"href":"https:\/\/www.europesays.com\/fr\/wp-json\/wp\/v2\/media?parent=324776"}],"wp:term":[{"taxonomy":"category","embeddable":true,"href":"https:\/\/www.europesays.com\/fr\/wp-json\/wp\/v2\/categories?post=324776"},{"taxonomy":"post_tag","embeddable":true,"href":"https:\/\/www.europesays.com\/fr\/wp-json\/wp\/v2\/tags?post=324776"}],"curies":[{"name":"wp","href":"https:\/\/api.w.org\/{rel}","templated":true}]}}