{"id":324780,"date":"2025-08-17T11:49:15","date_gmt":"2025-08-17T11:49:15","guid":{"rendered":"https:\/\/www.europesays.com\/fr\/324780\/"},"modified":"2025-08-17T11:49:15","modified_gmt":"2025-08-17T11:49:15","slug":"suivez-le-premier-troncon-de-letape-2-au-depart-de-matoury","status":"publish","type":"post","link":"https:\/\/www.europesays.com\/fr\/324780\/","title":{"rendered":"suivez le premier tron\u00e7on de l&rsquo;\u00e9tape 2 au d\u00e9part de Matoury"},"content":{"rendered":"<p>            Partager l&rsquo;article<\/p>\n<p>    Fermer la fen\u00eatre de partage<\/p>\n<p>                        <img class=\"m-share-modal__article-illustration lazy\" width=\"80\" height=\"80\" aria-hidden=\"true\" data-src=\"https:\/\/www.europesays.com\/fr\/wp-content\/uploads\/2025\/08\/2025-08-04-19-32-26-tour-de-guyane-2025-un-trace-plus-long-et-tres-oriente-dans-l-ouest-guyanais-689.png\" alt=\"\"\/><\/p>\n<p class=\"m-share-modal__article-title\">DIRECT. Tour de Guyane 2025 : suivez le premier tron\u00e7on de l&rsquo;\u00e9tape 2 au d\u00e9part de Matoury<\/p>\n<p>Deuxi\u00e8me jour de ce tour cycliste de Guyane. Les coureurs s&rsquo;\u00e9lancent depuis le centre aquatique Jean-Cesto de Matoury ce dimanche 17 ao\u00fbt pour le premier tron\u00e7on de l&rsquo;\u00e9tape 2. Une course en ligne de 94 km \u00e0 suivre avec nous.<\/p>\n<p>                                        <a href=\"https:\/\/la1ere.franceinfo.fr\/redaction\/ludmia-lewis\" class=\"a-article__author\" rel=\"nofollow noopener\" target=\"_blank\">Ludm\u00efa Lewis<\/a>                            \u2022<\/p>\n<p>            Publi\u00e9 le 17 ao\u00fbt 2025 \u00e0 08h15,<br \/>\n                 mis \u00e0 jour le 17 ao\u00fbt 2025 \u00e0 08h44<\/p>\n<p>Suite de la 34\u00e8me \u00e9dition du tour cycliste de Guyane. <strong>On se retrouve ce matin pour le tron\u00e7on 1 de la deuxi\u00e8me \u00e9tape<\/strong>. Les coureurs s&rsquo;\u00e9lancent depuis Matoury, face au centre aquatique Jean Cesto. Retrouvez l&rsquo;\u00e9tape juste ici \ud83d\udd3d<\/p>\n<p><a target=\"_blank\" rel=\"noopener noreferrer nofollow\" href=\"https:\/\/la1ere.franceinfo.fr\/guyane\/ouest-guyanais\/guyane\/carte-etape-2-tour-de-guyane-2025-a-matoury-et-remire-montjoly-parcours-horaires-de-passage-des-coureurs-et-perturbations-a-prevoir-1614131.html\">CARTE. \u00c9tape 2 &#8211; Tour de Guyane 2025 \u00e0 Matoury et R\u00e9mire-Montjoly : parcours, horaires de passage des coureurs et perturbations \u00e0 pr\u00e9voir<\/a><\/p>\n<p>Ils sont 109 au d\u00e9part ce 17 ao\u00fbt, suite \u00e0 des abandons la veille, pour la premi\u00e8re \u00e9tape. <a target=\"_blank\" rel=\"noopener noreferrer nofollow\" href=\"https:\/\/la1ere.franceinfo.fr\/guyane\/direct-tour-de-guyane-2025-suivez-la-premiere-etape-a-cayenne-depart-des-14h00-devant-l-entree-de-la-collectivite-territoriale-1614029.html\"><strong>Une \u00e9tape remport\u00e9e d&rsquo;ailleurs par Jules de Cock, des Pays-Bas.<\/strong><\/a> Il est suivi d&rsquo;Edwin Nubul de la Martinique et d&rsquo;Hermann Keller de la Grande-Bretagne.<\/p>\n<p>Ne ratez pas nos autres rendez-vous : les replays, le r\u00e9sum\u00e9 de l&rsquo;\u00e9tape dans le Guyane Soir \u00e0 19h30, \u00ab\u00a0Kout chen ka bay\u00a0\u00bb en t\u00e9l\u00e9, \u00ab\u00a0L\u2019homme de l\u2019\u00e9tape Roue libre\u00a0\u00bb en radio et sur notre page Facebook en live.<\/p>\n<p>\u25b6 <a target=\"_blank\" rel=\"noopener noreferrer nofollow\" href=\"https:\/\/la1ere.franceinfo.fr\/guyane\/diffusion-du-tour-cycliste-de-guyane-2025-directs-replay-reseaux-sociaux-comment-suivre-la-competition-depuis-chez-soi-1613768.html\"><strong>Diffusion du tour cycliste de Guyane 2025 : directs, replay, r\u00e9seaux sociaux\u2026 comment suivre la comp\u00e9tition depuis chez soi\u202f?<\/strong><\/a><\/p>\n<p>\n    en direct\n  <\/p>\n<ul class=\"sc-889ead-0 bcXLGS\">\n<li class=\"sc-306a0b8c-0 kQJywb\"><img decoding=\"async\" class=\"sc-3d1f4b37-2 jkpHMA sc-1698a01e-0 kZbMzs\" src=\"https:\/\/www.europesays.com\/fr\/wp-content\/uploads\/2025\/08\/guyane-la-1ere-1713525169206.png\" alt=\"\" width=\"44\" height=\"44\" loading=\"lazy\"\/>Guyane la 1\u00e8re\n<p>Il y a 0 sec<\/p>\n<p>Il y a eu plusieurs coureurs hors d\u00e9lai, ils sont arriv\u00e9s plus de 23% de temps apr\u00e8s le maillot jaune, Jules de Cock. Ce dernier ayant franchi la ligne d&rsquo;arriv\u00e9e \u00e0 2h36&rsquo;45\u00a0\u00bb.<\/p>\n<\/li>\n<li class=\"sc-306a0b8c-0 kQJywb\"><img decoding=\"async\" class=\"sc-3d1f4b37-2 jkpHMA sc-1698a01e-0 kZbMzs\" src=\"https:\/\/www.europesays.com\/fr\/wp-content\/uploads\/2025\/08\/guyane-la-1ere-1713525169206.png\" alt=\"\" width=\"44\" height=\"44\" loading=\"lazy\"\/>Guyane la 1\u00e8re\n<p>Il y a 0 sec<\/p>\n<p>Pour l&rsquo;instant, le peloton est \u00e9tir\u00e9.<\/p>\n<\/li>\n<li class=\"sc-306a0b8c-0 kQJywb\"><img decoding=\"async\" class=\"sc-3d1f4b37-2 jkpHMA sc-1698a01e-0 kZbMzs\" src=\"https:\/\/www.europesays.com\/fr\/wp-content\/uploads\/2025\/08\/guyane-la-1ere-1713525169206.png\" alt=\"\" width=\"44\" height=\"44\" loading=\"lazy\"\/>Guyane la 1\u00e8re\n<p>Il y a 0 sec<\/p>\n<p>\ud83d\udd34 Le premier point chaud remport\u00e9 par Myron STANIS de l&rsquo;Espoir Cycliste Guyanais.<\/p>\n<\/li>\n<li class=\"sc-306a0b8c-0 kQJywb\"><img decoding=\"async\" class=\"sc-3d1f4b37-2 jkpHMA sc-1698a01e-0 kZbMzs\" src=\"https:\/\/www.europesays.com\/fr\/wp-content\/uploads\/2025\/08\/guyane-la-1ere-1713525169206.png\" alt=\"\" width=\"44\" height=\"44\" loading=\"lazy\"\/>Guyane la 1\u00e8re\n<p>Il y a 0 sec<\/p>\n<p>Une course d\u00e9j\u00e0 tr\u00e8s anim\u00e9e avec des tentatives de sorties d\u00e8s le d\u00e9part.<\/p>\n<\/li>\n<li class=\"sc-306a0b8c-0 kQJywb\"><img decoding=\"async\" class=\"sc-3d1f4b37-2 jkpHMA sc-1698a01e-0 kZbMzs\" src=\"https:\/\/www.europesays.com\/fr\/wp-content\/uploads\/2025\/08\/guyane-la-1ere-1713525169206.png\" alt=\"\" width=\"44\" height=\"44\" loading=\"lazy\"\/>Guyane la 1\u00e8re\n<p>Il y a 0 sec<\/p>\n<p>Le maillot jaune est port\u00e9 par Jules de Cock, des Pays-Bas, pour cette 2\u00e8me \u00e9tape.<\/p>\n<p><img decoding=\"async\" src=\"https:\/\/www.europesays.com\/fr\/wp-content\/uploads\/2025\/08\/whatsapp-image-2025-08-17-at-075900-1755429623964.jpeg\" alt=\"\" width=\"auto\" height=\"auto\" loading=\"lazy\" class=\"sc-3d1f4b37-2 jkpHMA\"\/><\/p>\n<p>\ud83d\udcf8 : Corinne Bergeron<\/p>\n<\/li>\n<li class=\"sc-306a0b8c-0 kQJywb\"><img decoding=\"async\" class=\"sc-3d1f4b37-2 jkpHMA sc-1698a01e-0 kZbMzs\" src=\"https:\/\/www.europesays.com\/fr\/wp-content\/uploads\/2025\/08\/guyane-la-1ere-1713525169206.png\" alt=\"\" width=\"44\" height=\"44\" loading=\"lazy\"\/>Guyane la 1\u00e8re\n<p>Il y a 0 sec<\/p>\n<p>Bonjour \u00e0 tous, on se retrouve pour une nouvelle journ\u00e9e. Ce matin, le d\u00e9part a \u00e9t\u00e9 donn\u00e9 pour le premier tron\u00e7on de l&rsquo;\u00e9tape 2.<\/p>\n<\/li>\n<li class=\"sc-306a0b8c-0 kQJywb\"><img decoding=\"async\" class=\"sc-3d1f4b37-2 jkpHMA sc-1698a01e-0 kZbMzs\" src=\"https:\/\/www.europesays.com\/fr\/wp-content\/uploads\/2025\/08\/guyane-la-1ere-1713525169206.png\" alt=\"\" width=\"44\" height=\"44\" loading=\"lazy\"\/>Guyane la 1\u00e8re\n<p>Il y a 0 sec<\/p>\n<p>On se retrouve demain pour la 2\u00e8me \u00e9tape de ce tour de Guyane. Deux tron\u00e7ons avec deux courses en ligne au programme d\u00e8s 8h00 ! Les 116 coureurs auront du travail.<\/p>\n<\/li>\n<li class=\"sc-306a0b8c-0 kQJywb\"><img decoding=\"async\" class=\"sc-3d1f4b37-2 jkpHMA sc-1698a01e-0 kZbMzs\" src=\"https:\/\/www.europesays.com\/fr\/wp-content\/uploads\/2025\/08\/guyane-la-1ere-1713525169206.png\" alt=\"\" width=\"44\" height=\"44\" loading=\"lazy\"\/>Guyane la 1\u00e8re\n<p>Il y a 0 sec<\/p>\n<p>La premi\u00e8re \u00e9tape du Tour Cycliste de Guyane 2025 remport\u00e9e par Jules DE COCK des Pays-Bas.<\/p>\n<\/li>\n<li class=\"sc-306a0b8c-0 kQJywb\"><img decoding=\"async\" class=\"sc-3d1f4b37-2 jkpHMA sc-1698a01e-0 kZbMzs\" src=\"https:\/\/www.europesays.com\/fr\/wp-content\/uploads\/2025\/08\/guyane-la-1ere-1713525169206.png\" alt=\"\" width=\"44\" height=\"44\" loading=\"lazy\"\/>Guyane la 1\u00e8re\n<p>Il y a 0 sec<\/p>\n<p>La victoire se profile pour Jules De Cock, des Pays-Bas<\/p>\n<\/li>\n<li class=\"sc-306a0b8c-0 kQJywb\"><img decoding=\"async\" class=\"sc-3d1f4b37-2 jkpHMA sc-1698a01e-0 kZbMzs\" src=\"https:\/\/www.europesays.com\/fr\/wp-content\/uploads\/2025\/08\/guyane-la-1ere-1713525169206.png\" alt=\"\" width=\"44\" height=\"44\" loading=\"lazy\"\/>Guyane la 1\u00e8re\n<p>Il y a 0 sec<\/p>\n<p> Emiliano VILA, vainqueur du tour 2024 a lourdement chut\u00e9.<\/p>\n<\/li>\n<\/ul>\n<p>Fermer la fen\u00eatre Connexion ou Inscription<\/p>\n<p>Pour r\u00e9agir ou poser votre question, connectez-vous avec votre compte France TV ou France Info.<\/p>\n<p>Sans paiement. Sans abonnement.<\/p>\n<p>Fermer la fen\u00eatre BannissementVous ne pouvez plus participer au liveVous avez post\u00e9 un message contraire aux r\u00e8gles du Live avec votre compte xxxx@xxx.xxNous vous rappellons que votre participation doit se faire dans le respect de la loi, des personnes et des r\u00e8gles du Live que vous pouvez consulter ici :<a target=\"_blank\" href=\"https:\/\/www.franceinfo.fr\/charte-deontologique.html#charte-section-06\" class=\"sc-e171bfa8-5 jEpOwK\" rel=\"nofollow noopener\">Consultez les r\u00e8gles du Live<\/a><\/p>\n<p>fermer l&rsquo;espace participatif<\/p>\n<p>Fermer la fen\u00eatre Bienvenue<\/p>\n<p>,<\/p>\n<p>Bienvenue sur l&rsquo;espace participatif du Live.<\/p>\n<p>Avant de commencer :<\/p>\n<ul class=\"sc-a7912005-4 geCNhK\">\n<li class=\"sc-a7912005-5 gWxjju\"\/>\n<li class=\"sc-a7912005-5 gWxjju\">Nous ne publions pas tous les messages afin que le Live reste lisible pour tous. Nous faisons aussi de notre mieux pour vous r\u00e9pondre.<\/li>\n<\/ul>\n<p>fermer l&rsquo;espace participatif<\/p>\n<p>Fermer la fen\u00eatre Participer au liveParticiper au liveParticipez toujours dans le respect de la loi et des personnes.<img decoding=\"async\" class=\"sc-3d1f4b37-2 jkpHMA sc-1698a01e-0 kZbMzs\" src=\"https:\/\/www.europesays.com\/fr\/wp-content\/uploads\/2025\/06\/random-user.jpg\" alt=\"\" width=\"44\" height=\"44\" loading=\"lazy\"\/><\/p>\n<p>\u00c9crivez votre question ou r\u00e9action<\/p>\n<ul aria-hidden=\"true\" class=\"sc-b6d75561-9 bDehVK\">\n<li class=\"sc-b6d75561-10 hrFrri\">350 caract\u00e8res max conseill\u00e9s.<\/li>\n<li class=\"sc-b6d75561-10 hrFrri\">Photo (en option) 1.5 Mo max. Format .gif, .jpg, .jpeg, ou .png<\/li>\n<\/ul>\n<p>0 \/ 9990 sur 999 caract\u00e8res<\/p>\n<p>Fermer la fen\u00eatre Fichier trop lourd<\/p>\n<p>Votre fichier est trop lourd<\/p>\n<p>La photo n&rsquo;a pu \u00eatre ajout\u00e9e \u00e0 votre message car le fichier est trop lourd.<\/p>\n<p class=\"sc-40611422-1 hMrdKq\">Veuillez r\u00e9essayer avec un fichier image de moins de 1.5 Mo.<\/p>\n<p>Fermer la fen\u00eatre Echec d&rsquo;envoi de commentaire<\/p>\n<p>Votre message n\u2019a pas pu \u00eatre envoy\u00e9<\/p>\n<p>Une erreur s\u2019est produite. Nous vous invitons \u00e0 r\u00e9essayer dans un instant.<\/p>\n","protected":false},"excerpt":{"rendered":"Partager l&rsquo;article Fermer la fen\u00eatre de partage DIRECT. Tour de Guyane 2025 : suivez le premier tron\u00e7on de&hellip;\n","protected":false},"author":2,"featured_media":324781,"comment_status":"","ping_status":"","sticky":false,"template":"","format":"standard","meta":{"footnotes":""},"categories":[1411],"tags":[1154,207,1011,27,60],"class_list":{"0":"post-324780","1":"post","2":"type-post","3":"status-publish","4":"format-standard","5":"has-post-thumbnail","7":"category-cyclisme","8":"tag-cycling","9":"tag-cyclisme","10":"tag-fr","11":"tag-france","12":"tag-sports"},"share_on_mastodon":{"url":"https:\/\/pubeurope.com\/@fr\/115043956784573852","error":""},"_links":{"self":[{"href":"https:\/\/www.europesays.com\/fr\/wp-json\/wp\/v2\/posts\/324780","targetHints":{"allow":["GET"]}}],"collection":[{"href":"https:\/\/www.europesays.com\/fr\/wp-json\/wp\/v2\/posts"}],"about":[{"href":"https:\/\/www.europesays.com\/fr\/wp-json\/wp\/v2\/types\/post"}],"author":[{"embeddable":true,"href":"https:\/\/www.europesays.com\/fr\/wp-json\/wp\/v2\/users\/2"}],"replies":[{"embeddable":true,"href":"https:\/\/www.europesays.com\/fr\/wp-json\/wp\/v2\/comments?post=324780"}],"version-history":[{"count":0,"href":"https:\/\/www.europesays.com\/fr\/wp-json\/wp\/v2\/posts\/324780\/revisions"}],"wp:featuredmedia":[{"embeddable":true,"href":"https:\/\/www.europesays.com\/fr\/wp-json\/wp\/v2\/media\/324781"}],"wp:attachment":[{"href":"https:\/\/www.europesays.com\/fr\/wp-json\/wp\/v2\/media?parent=324780"}],"wp:term":[{"taxonomy":"category","embeddable":true,"href":"https:\/\/www.europesays.com\/fr\/wp-json\/wp\/v2\/categories?post=324780"},{"taxonomy":"post_tag","embeddable":true,"href":"https:\/\/www.europesays.com\/fr\/wp-json\/wp\/v2\/tags?post=324780"}],"curies":[{"name":"wp","href":"https:\/\/api.w.org\/{rel}","templated":true}]}}