{"id":324788,"date":"2025-08-17T11:53:12","date_gmt":"2025-08-17T11:53:12","guid":{"rendered":"https:\/\/www.europesays.com\/fr\/324788\/"},"modified":"2025-08-17T11:53:12","modified_gmt":"2025-08-17T11:53:12","slug":"rentree-litteraire-sorj-chalandon-le-retour","status":"publish","type":"post","link":"https:\/\/www.europesays.com\/fr\/324788\/","title":{"rendered":"Rentr\u00e9e litt\u00e9raire\u00a0: Sorj Chalandon, le retour"},"content":{"rendered":"<p>\u00abEnfant battu, lyc\u00e9en abandonn\u00e9, fugueur sans bagage, sans culture, sans trace ni h\u00e9ritage\u2026\u00a0\u00bb Kells s&rsquo;est choisi ce pseudonyme en claquant la porte de l&rsquo;appartement o\u00f9 il vivait avec ses parents \u00e0 Lyon. Un hommage au Livre de Kells, manuscrit enlumin\u00e9 au VIIIe\u00a0si\u00e8cle par un moine irlandais, car ainsi va le jeune homme de 17\u00a0ans\u00a0: un peu catholique (il poss\u00e8de aussi un portrait du cur\u00e9 d&rsquo;Ars, qu&rsquo;il aimait, enfant, car il accueillait les d\u00e9sh\u00e9rit\u00e9s dans sa paroisse lyonnaise, cent cinquante ans avant sa naissance), un peu anarchiste, chatoyant d&rsquo;esp\u00e9rances, ignorant tout du monde, bient\u00f4t martyris\u00e9. Son sac sur le dos, il r\u00eave de gagner Ibiza, puis le N\u00e9pal. Nous sommes dans les ann\u00e9es 1970.<\/p>\n<p>La newsletter culture<\/p>\n<p class=\"period\">Tous les mercredis \u00e0 16h<\/p>\n<p>Recevez l\u2019actualit\u00e9 culturelle de la semaine \u00e0 ne pas manquer ainsi que les Enqu\u00eates, d\u00e9cryptages, portraits, tendances\u2026<\/p>\n<p>Merci !<br \/>Votre inscription a bien \u00e9t\u00e9 prise en compte avec l&rsquo;adresse email :<\/p>\n<p>Pour d\u00e9couvrir toutes nos autres newsletters, rendez-vous ici : <a href=\"https:\/\/moncompte.lepoint.fr\/\" title=\"\" rel=\"nofollow noopener\" target=\"_blank\">MonCompte<\/a><\/p>\n<p>En vous inscrivant, vous acceptez les <a href=\"https:\/\/www.lepoint.fr\/html\/cgu\/\" title=\"Conditions g\u00e9n\u00e9rales d&#039;utilisation\" rel=\"nofollow noopener\" target=\"_blank\">conditions g\u00e9n\u00e9rales d\u2019utilisations<\/a> et notre <a href=\"https:\/\/www.lepoint.fr\/html\/politique-de-protection-donnees-personnelles\/\" title=\"Politique de confidentialit\u00e9\" rel=\"nofollow noopener\" target=\"_blank\">politique de confidentialit\u00e9<\/a>.<\/p>\n<p>Derri\u00e8re Kells, il y a Sorj Chalandon, qui nous raconte ici ses ann\u00e9es d&rsquo;errance avant son entr\u00e9e \u00e0 Lib\u00e9ration. Le jeune homme gagne Paris, mais il ne pourra pas quitter la capitale\u00a0: la rue le happe, le blesse, le coule dans le plomb. Impossible de s&rsquo;envoler quand on est lest\u00e9 de crasse, de fatigue, de peur. Vol\u00e9, agress\u00e9, il n&rsquo;a pas d&rsquo;argent, il est sans abri. Adieu les r\u00eaves de d\u00e9rive hippie. Celui qui n&rsquo;a \u00ab\u00a0pas connu l&rsquo;odeur du bonheur\u00a0\u00bb dans un foyer marqu\u00e9 par un\u00a0p\u00e8re violent (qu&rsquo;il a racont\u00e9 dans Profession du p\u00e8re, en 2015) et une m\u00e8re effac\u00e9e va d\u00e9couvrir \u00ab\u00a0celle du malheur, de la sueur, du linge mal s\u00e9ch\u00e9, de la peur, de la pisse\u00a0\u00bb.<\/p>\n<p>Humanit\u00e9<\/p>\n<p>Nous suivons, guid\u00e9s par le style de Chalandon, vif-argent contre la noirceur du monde, tout en images d\u00e9licates et en m\u00e9taphores comme des coups au c\u0153ur, ses p\u00e9r\u00e9grinations aupr\u00e8s de compagnons d&rsquo;infortune jet\u00e9s du mauvais c\u00f4t\u00e9 de la vie\u00a0: jeunes en errance, gar\u00e7ons et filles aux noms invent\u00e9s, aux trajectoires meurtries, immigr\u00e9s maltrait\u00e9s, drogu\u00e9s sans horizon.<\/p>\n<p>\u00c0 LIRE AUSSI <strong class=\"strong\"><a href=\"https:\/\/www.lepoint.fr\/livres\/titraille-mathilde-m-a-dit-de-continuer-le-drame-derriere-le-nouveau-livre-de-cedric-sapin-defour-11-08-2025-2596178_37.php\" title=\"\u00ab Mathilde m&#039;a dit de continuer\u00a0\u00bb\u00a0: le drame derri\u00e8re le nouveau livre de C\u00e9dric Sapin-Defour\" style=\"text-decoration: none; color: inherit;\" data-gtm=\"click:capsule\" data-capsule=\"\u00c0 lire aussi\" rel=\"nofollow noopener\" target=\"_blank\">\u00ab Mathilde m&rsquo;a dit de continuer\u00a0\u00bb\u00a0: le drame derri\u00e8re le nouveau livre de C\u00e9dric Sapin-Defour<\/a><\/strong> Rares sont les textes d&rsquo;une si grande humanit\u00e9, d&rsquo;une telle v\u00e9rit\u00e9 sur le sentiment d&rsquo;abandon et de vuln\u00e9rabilit\u00e9 que l&rsquo;on peut ressentir quand on est seul sur terre au beau milieu d&rsquo;une ville. Au mitan du roman, des mains se tendent\u00a0: ce sont des \u00e9tudiants, membres de la Gauche prol\u00e9tarienne, qui vont ouvrir \u00e0 Kells des perspectives nouvelles. L&rsquo;\u00e9motion du livre r\u00e9side dans le mouvement de balancier qui s&rsquo;op\u00e8re dans\u00a0la vie de Kells, passant d&rsquo;un extr\u00eame \u00e0 l&rsquo;autre en cherchant son point d&rsquo;\u00e9quilibre.<\/p>\n<p>\n\u00c0 D\u00e9couvrir<br \/>\n<strong class=\"discover-kangourou__line\"><br \/>\n<img decoding=\"async\" class=\"discover-kangourou__img\" src=\"https:\/\/static.lpnt.fr\/static\/img\/kangourou\/kangourou_filled.svg\"\/><br \/>\n<strong class=\"discover-kangourou__txt\"><br \/>\n<strong>Le Kangourou du jour<\/strong><br \/>\n<a href=\"https:\/\/kangourou.lepoint.fr\" title=\"kangourou\" data-gtm-cta=\"kangourou_article\" class=\"discover-kangourou__lnk\" rel=\"nofollow noopener\" target=\"_blank\"><br \/>\nR\u00e9pondre<br \/>\n<\/a><br \/>\n<\/strong><br \/>\n<\/strong><br \/>\nCar la lutte arm\u00e9e l&rsquo;am\u00e8ne, elle aussi, au pied du mur\u00a0: la tentation de la violence, le franchissement d&rsquo;autres lignes rouges. R\u00e9cit d&rsquo;un homme qui se cherche, se perd et se fabrique, dans l&rsquo;absence d&rsquo;une m\u00e8re \u00e0 qui il s&rsquo;adresse parfois dans ces lignes comme on lance une pri\u00e8re au n\u00e9ant (\u00ab\u00a0Il me faut ma maman dans la nuit\u00a0\u00bb, se souvient Chalandon, pudique et poignant), ce Livre de Kells prolonge la plong\u00e9e dans l&rsquo;intime d&rsquo;un \u00e9crivain qui sait comme peu d&rsquo;autres tendre un miroir \u00e0 nos \u00e2mes\u00a0<\/p>\n<p><strong>\u00ab\u00a0Le Livre de Kells\u00a0\u00bb<\/strong>, de Sorj Chalandon (Grasset, 384\u00a0p., 23\u00a0\u20ac).<\/p>\n<p>Toute l\u2019actualit\u00e9 \u00e0 1\u20ac le premier mois<\/p>\n<p><a href=\"https:\/\/abo.lepoint.fr\/?provenance=21EDI020098\" class=\"btn\" title=\"S&#039;abonner\" data-gtm=\"click:abo|display:abo\" data-campaign=\"paywall_maison\" rel=\"nofollow noopener\" target=\"_blank\">S&rsquo;abonner<\/a><\/p>\n<p>ou<\/p>\n","protected":false},"excerpt":{"rendered":"\u00abEnfant battu, lyc\u00e9en abandonn\u00e9, fugueur sans bagage, sans culture, sans trace ni h\u00e9ritage\u2026\u00a0\u00bb Kells s&rsquo;est choisi ce pseudonyme&hellip;\n","protected":false},"author":2,"featured_media":324789,"comment_status":"","ping_status":"","sticky":false,"template":"","format":"standard","meta":{"footnotes":""},"categories":[1357],"tags":[1379,58,59,1011,27,1380],"class_list":{"0":"post-324788","1":"post","2":"type-post","3":"status-publish","4":"format-standard","5":"has-post-thumbnail","7":"category-livres","8":"tag-books","9":"tag-divertissement","10":"tag-entertainment","11":"tag-fr","12":"tag-france","13":"tag-livres"},"share_on_mastodon":{"url":"https:\/\/pubeurope.com\/@fr\/115043972217106736","error":""},"_links":{"self":[{"href":"https:\/\/www.europesays.com\/fr\/wp-json\/wp\/v2\/posts\/324788","targetHints":{"allow":["GET"]}}],"collection":[{"href":"https:\/\/www.europesays.com\/fr\/wp-json\/wp\/v2\/posts"}],"about":[{"href":"https:\/\/www.europesays.com\/fr\/wp-json\/wp\/v2\/types\/post"}],"author":[{"embeddable":true,"href":"https:\/\/www.europesays.com\/fr\/wp-json\/wp\/v2\/users\/2"}],"replies":[{"embeddable":true,"href":"https:\/\/www.europesays.com\/fr\/wp-json\/wp\/v2\/comments?post=324788"}],"version-history":[{"count":0,"href":"https:\/\/www.europesays.com\/fr\/wp-json\/wp\/v2\/posts\/324788\/revisions"}],"wp:featuredmedia":[{"embeddable":true,"href":"https:\/\/www.europesays.com\/fr\/wp-json\/wp\/v2\/media\/324789"}],"wp:attachment":[{"href":"https:\/\/www.europesays.com\/fr\/wp-json\/wp\/v2\/media?parent=324788"}],"wp:term":[{"taxonomy":"category","embeddable":true,"href":"https:\/\/www.europesays.com\/fr\/wp-json\/wp\/v2\/categories?post=324788"},{"taxonomy":"post_tag","embeddable":true,"href":"https:\/\/www.europesays.com\/fr\/wp-json\/wp\/v2\/tags?post=324788"}],"curies":[{"name":"wp","href":"https:\/\/api.w.org\/{rel}","templated":true}]}}