{"id":324790,"date":"2025-08-17T11:54:10","date_gmt":"2025-08-17T11:54:10","guid":{"rendered":"https:\/\/www.europesays.com\/fr\/324790\/"},"modified":"2025-08-17T11:54:10","modified_gmt":"2025-08-17T11:54:10","slug":"les-cinquante-un-candidat-flingue-la-production-quelques-heures-avant-le-lancement-de-la-nouvelle-saison-il-sestime-trahi","status":"publish","type":"post","link":"https:\/\/www.europesays.com\/fr\/324790\/","title":{"rendered":"\u00ab\u00a0Les Cinquante\u00a0\u00bb : un candidat flingue la production quelques heures avant le lancement de la nouvelle saison, il s&rsquo;estime trahi"},"content":{"rendered":"<p>      R\u00e9sum\u00e9<\/p>\n<p>Un candidat des \u00ab\u00a0Cinquante\u00a0\u00bb exprime publiquement son m\u00e9contentement envers la production, estimant avoir \u00e9t\u00e9 trahi lors du tournage de la nouvelle saison.<\/p>\n<p>        Sommaire<\/p>\n<p>Apr\u00e8s un \u00e9t\u00e9 sous le signe de <a href=\"https:\/\/vsd.fr\/86114-je-ne-mappelle-pas-fatou-romy-secret-story-veut-voir-disparaitre-la-video-qui-la-rendue-celebre\/\" target=\"_blank\" rel=\"noopener\">Secret Story<\/a>, <strong>les t\u00e9l\u00e9s-r\u00e9alit\u00e9s de TFX et W9 font leur rentr\u00e9e<\/strong>. Alors que La Villa des c\u0153urs bris\u00e9s <a href=\"https:\/\/www.public.fr\/la-villa-des-coeurs-brises-une-candidate-revele-en-pleine-table-ronde-avoir-ete-abusee-sexuellement\" target=\"_blank\" rel=\"noopener\">a d\u00e9j\u00e0 fait son retour<\/a> depuis une semaine, la nouvelle saison des Cinquante, elle, va \u00eatre lanc\u00e9e ce lundi 18 ao\u00fbt. Elle va \u00eatre diffus\u00e9e pendant deux semaines \u00e0 19 heures, puis sera bascul\u00e9e <strong>en pr\u00e9-access d\u00e8s le 1er septembre<\/strong>, <a href=\"https:\/\/www.public.fr\/cyril-hanouna-deja-remplace-avant-meme-son-arrivee-sur-w9\" target=\"_blank\" rel=\"noopener\">arriv\u00e9e de Cyril Hanouna oblige<\/a>.<\/p>\n<p>Au casting, la soci\u00e9t\u00e9 de production a d\u00e9cid\u00e9 d&rsquo;innover. <strong>De nombreuses anciennes gloires de t\u00e9l\u00e9<\/strong> vont venir renforcer le casting des Cinquante. Ainsi, on retrouvera <a href=\"https:\/\/www.public.fr\/dans-le-jury-ca-me-plairait-carine-haddadou-star-academy-aimerait-devenir-coach-de-the-voice\" target=\"_blank\" rel=\"noopener\">Carine Haddadou<\/a> de la Star Academy, Cindy Sander de la Nouvelle Star, John-David de Secret Story ou encore Benjamin Bove de Queer, cinq experts dans le vent. Mais c&rsquo;est aussi l&rsquo;occasion pour W9 de tester de nouveaux profils de t\u00e9l\u00e9-r\u00e9alit\u00e9. Ainsi, <strong>Hugo, Marine et Katell, r\u00e9v\u00e9l\u00e9s par la derni\u00e8re saison<\/strong> de L&rsquo;\u00eele de la tentation, seront de la partie.<\/p>\n<p>Hugo d\u00e9zingue la production des \u00ab\u00a0Cinquante\u00a0\u00bb<\/p>\n<p>Mais malheureusement pour Banijay, tout ne s&rsquo;est pas vraiment bien pass\u00e9 pour Hugo&#8230; Le jeune influenceur n&rsquo;a pas h\u00e9sit\u00e9 \u00e0 <strong>sortir de son droit de r\u00e9serve<\/strong> <strong>pour flinguer la production des Cinquante<\/strong>. Et pour cause : Hugo et Marine n&rsquo;ont pas appr\u00e9ci\u00e9 de devoir \u00e0 nouveau tourner avec leur rivale.<\/p>\n<p>C&rsquo;est via son compte Instagram que <strong>Hugo n&rsquo;a pas h\u00e9sit\u00e9 \u00e0 flinguer la production<\/strong>. S&rsquo;estimant trahi, le candidat et coach sportif \u00e0 la ville reproche de ne pas avoir \u00e9t\u00e9 inform\u00e9 en amont. \u00ab\u00a0On a beaucoup r\u00e9fl\u00e9chi. On a pris la d\u00e9cision d\u2019accepter (seulement) si les conditions \u00e9taient r\u00e9unies pour passer un tournage en toute s\u00e9r\u00e9nit\u00e9. Cela n\u2019a pas \u00e9t\u00e9 respect\u00e9 et outrepass\u00e9\u00a0\u00bb a ainsi balanc\u00e9 le jeune homme, las de devoir <strong>\u00ab\u00a0ressasser encore et toujours une histoire qui ne rime \u00e0 rien\u00a0\u00bb<\/strong>.<\/p>\n<p>Ainsi, Marine et Hugo ont pris une grande d\u00e9cision : <strong>boycotter totalement le programme<\/strong> malgr\u00e9 leur participation \u00e0 ce dernier. Ils n&rsquo;en parleront ni dans la presse, ni sur leurs r\u00e9seaux sociaux. S&rsquo;estimant pi\u00e9g\u00e9s par la production, agac\u00e9s de devoir \u00e0 nouveau se confronter \u00e0 leur rivale dans L&rsquo;\u00eele de la tentation, <strong>qu&rsquo;ils avaient d\u00e9j\u00e0 retrouv\u00e9e dans Detective Club<\/strong>, les deux tourtereaux disent stop ! Pas s\u00fbr que la production des Cinquante accepte de telles critiques ouvertes&#8230; <\/p>\n<p>      Mentionn\u00e9s dans cet article<\/p>\n<p>      Sur le m\u00eame sujet<\/p>\n","protected":false},"excerpt":{"rendered":"R\u00e9sum\u00e9 Un candidat des \u00ab\u00a0Cinquante\u00a0\u00bb exprime publiquement son m\u00e9contentement envers la production, estimant avoir \u00e9t\u00e9 trahi lors du&hellip;\n","protected":false},"author":2,"featured_media":324791,"comment_status":"","ping_status":"","sticky":false,"template":"","format":"standard","meta":{"footnotes":""},"categories":[1356],"tags":[46186,12232,58,59,1011,27,20382,32608,8131,252,1364,2395],"class_list":{"0":"post-324790","1":"post","2":"type-post","3":"status-publish","4":"format-standard","5":"has-post-thumbnail","7":"category-television","8":"tag-banijay-group","9":"tag-clash","10":"tag-divertissement","11":"tag-entertainment","12":"tag-fr","13":"tag-france","14":"tag-lile-de-la-tentation","15":"tag-les-cinquante","16":"tag-production","17":"tag-television","18":"tag-tv","19":"tag-w9"},"share_on_mastodon":{"url":"https:\/\/pubeurope.com\/@fr\/115043976050860043","error":""},"_links":{"self":[{"href":"https:\/\/www.europesays.com\/fr\/wp-json\/wp\/v2\/posts\/324790","targetHints":{"allow":["GET"]}}],"collection":[{"href":"https:\/\/www.europesays.com\/fr\/wp-json\/wp\/v2\/posts"}],"about":[{"href":"https:\/\/www.europesays.com\/fr\/wp-json\/wp\/v2\/types\/post"}],"author":[{"embeddable":true,"href":"https:\/\/www.europesays.com\/fr\/wp-json\/wp\/v2\/users\/2"}],"replies":[{"embeddable":true,"href":"https:\/\/www.europesays.com\/fr\/wp-json\/wp\/v2\/comments?post=324790"}],"version-history":[{"count":0,"href":"https:\/\/www.europesays.com\/fr\/wp-json\/wp\/v2\/posts\/324790\/revisions"}],"wp:featuredmedia":[{"embeddable":true,"href":"https:\/\/www.europesays.com\/fr\/wp-json\/wp\/v2\/media\/324791"}],"wp:attachment":[{"href":"https:\/\/www.europesays.com\/fr\/wp-json\/wp\/v2\/media?parent=324790"}],"wp:term":[{"taxonomy":"category","embeddable":true,"href":"https:\/\/www.europesays.com\/fr\/wp-json\/wp\/v2\/categories?post=324790"},{"taxonomy":"post_tag","embeddable":true,"href":"https:\/\/www.europesays.com\/fr\/wp-json\/wp\/v2\/tags?post=324790"}],"curies":[{"name":"wp","href":"https:\/\/api.w.org\/{rel}","templated":true}]}}