{"id":324794,"date":"2025-08-17T11:56:28","date_gmt":"2025-08-17T11:56:28","guid":{"rendered":"https:\/\/www.europesays.com\/fr\/324794\/"},"modified":"2025-08-17T11:56:28","modified_gmt":"2025-08-17T11:56:28","slug":"un-jason-bourne-au-feminin","status":"publish","type":"post","link":"https:\/\/www.europesays.com\/fr\/324794\/","title":{"rendered":"un Jason Bourne au f\u00e9minin\u00a0?"},"content":{"rendered":"<p>            Par<br \/>\n        <strong><br \/>\n            <a href=\"https:\/\/actu.fr\/auteur\/redaction-toulouse\" title=\"Consulter tous les articles de R\u00e9daction de Toulouse\" rel=\"nofollow noopener\" target=\"_blank\">R\u00e9daction de Toulouse<\/a><br \/>\n        <\/strong><\/p>\n<p>        Publi\u00e9 le<\/p>\n<p>            16 ao\u00fbt 2025 \u00e0 20h01        <\/p>\n<p>La sc\u00e8ne liminaire nous met carr\u00e9ment l\u2019eau \u00e0 la bouche. D\u2019une cam\u00e9ra virtuose, <strong>Guillaume de Fontenay<\/strong> filme un agent de la DGSE, appartenant \u00e0 la Cellule Alpha, cellule destin\u00e9e aux op\u00e9rations clandestines et dont les actions sont vraiment \u00e0 la marge de la l\u00e9galit\u00e9. Notre critique de Badh, \u00e0 voir dans les salles obscures.<\/p>\n<p>Quand l\u2019histoire nous rattrape<\/p>\n<p class=\" wall-content\">Nous d\u00e9couvrons ainsi Badh, planqu\u00e9e dans une maison en Syrie, sur la trace d\u2019un terroriste. Sa mission : l\u2019ex\u00e9cuter. Le moment est venu. Elle a capt\u00e9 le signal \u00e0 donner sur la porte afin de se la faire ouvrir. L\u2019\u00e9limination sera foudroyante.<\/p>\n<p class=\" wall-content\"><strong>Mission r\u00e9ussie ? Pas tout \u00e0 fait<\/strong>, car le haut commandement lui ordonne dans son oreillette de \u00ab nettoyer \u00bb le lieu, femmes et enfants compris. Badh s\u2019y refuse et a tout juste le temps de s\u2019enfuir avant que la maison en question ne soit carbonis\u00e9e. D\u00e9\u00e7ue, trahie, Badh d\u00e9missionne.<\/p>\n<p class=\" wall-content\">Nous la retrouvons huit ans apr\u00e8s avec son mari, Ilias. Ils vivent toujours au Maroc. Mais voil\u00e0, l\u2019histoire va les rattraper et Ilias va \u00eatre la victime d\u00e9sign\u00e9e d\u2019une fusillade. Noire de col\u00e8re, Badh r\u00e9cup\u00e8re son \u00ab mat\u00e9riel \u00bb et d\u00e9cide de partir sur le chemin de la vengeance.<\/p>\n<p class=\" wall-content\">Sauf que ce chemin va lui faire croiser non seulement la t\u00eate de la DGSE, mais \u00e9galement un puissant trafiquant d\u2019armes travaillant pour DAESH et\u2026 pour l\u2019\u00c9tat fran\u00e7ais ! Ses anciens patrons ayant d\u00e9couvert qu\u2019elle \u00e9tait au courant de ce trafic improbable, d\u00e9cident de l\u2019\u00e9liminer.<\/p>\n<p>Vid\u00e9os : en ce moment sur ActuRien de nouveau sous le soleil du thriller politique<\/p>\n<p class=\" wall-content\">Sur ce canevas, qui en vaut bien d\u2019autres, \u00e0 d\u00e9faut d\u2019\u00eatre original, Guillaume de Fontenay dresse le portrait d\u2019un <strong>Jason Bourne<\/strong> <strong>version f\u00e9minine<\/strong>, tout aussi efficace et mutique.<\/p>\n<p class=\" wall-content\">Tourn\u00e9 \u00e0 Casablanca, Marrakech et Essaouira, le deuxi\u00e8me opus de ce r\u00e9alisateur franco-canadien nous tient gentiment en haleine par le rythme de son montage.<\/p>\n<p class=\" wall-content\">Les figures convoqu\u00e9es sont arch\u00e9typales pour ce genre de \u00ab fiction \u00bb. \u00c0 vrai dire, si l\u2019on a un peu de mal avec la Badh de <strong>Marine Vacth<\/strong>, il en est autrement du tueur de la DGSE, un r\u00f4le relativement court, mais tenu avec une violence incroyable, par<strong> Nils Schneider<\/strong>. Saluons \u00e9galement <strong>Emmanuelle Bercot<\/strong> et <strong>Gr\u00e9goire Colin<\/strong>, tous deux membres de la DGSE, mais avec des morales diam\u00e9tralement oppos\u00e9es\u2026<\/p>\n<p class=\" wall-content\">Rien de nouveau ici sous le soleil du thriller politique mais 1h24 d\u2019un plaisant divertissement romantico-bagarreur.<\/p>\n<p>La bande-annonce \u00e0 voir ici :<\/p>\n<p class=\" wall-content\">\n<p><strong>Robert P\u00e9navayre<\/strong><\/p>\n<p class=\" wall-content\">Suivez toute l\u2019actualit\u00e9 de vos villes et m\u00e9dias favoris en vous inscrivant \u00e0 <a href=\"https:\/\/moncompte.actu.fr\" title=\"D\u00e9couvez Mon Actu\" rel=\"nofollow noopener\" data-trk=\"{&quot;cta&quot;:{&quot;action&quot;:&quot;https:\\\/\\\/moncompte.actu.fr&quot;,&quot;category&quot;:&quot;mon compte&quot;,&quot;from&quot;:&quot;article footer&quot;,&quot;name&quot;:&quot;Mon actu&quot;,&quot;type&quot;:&quot;cta&quot;}}\" target=\"_blank\">Mon Actu<\/a>.<\/p>\n","protected":false},"excerpt":{"rendered":"Par R\u00e9daction de Toulouse Publi\u00e9 le 16 ao\u00fbt 2025 \u00e0 20h01 La sc\u00e8ne liminaire nous met carr\u00e9ment l\u2019eau&hellip;\n","protected":false},"author":2,"featured_media":324795,"comment_status":"","ping_status":"","sticky":false,"template":"","format":"standard","meta":{"footnotes":""},"categories":[1354],"tags":[650,58,59,1346,1011,27,1652,1360],"class_list":{"0":"post-324794","1":"post","2":"type-post","3":"status-publish","4":"format-standard","5":"has-post-thumbnail","7":"category-films","8":"tag-cinema","9":"tag-divertissement","10":"tag-entertainment","11":"tag-films","12":"tag-fr","13":"tag-france","14":"tag-loisirs-culture","15":"tag-movies"},"share_on_mastodon":{"url":"https:\/\/pubeurope.com\/@fr\/115043983895954594","error":""},"_links":{"self":[{"href":"https:\/\/www.europesays.com\/fr\/wp-json\/wp\/v2\/posts\/324794","targetHints":{"allow":["GET"]}}],"collection":[{"href":"https:\/\/www.europesays.com\/fr\/wp-json\/wp\/v2\/posts"}],"about":[{"href":"https:\/\/www.europesays.com\/fr\/wp-json\/wp\/v2\/types\/post"}],"author":[{"embeddable":true,"href":"https:\/\/www.europesays.com\/fr\/wp-json\/wp\/v2\/users\/2"}],"replies":[{"embeddable":true,"href":"https:\/\/www.europesays.com\/fr\/wp-json\/wp\/v2\/comments?post=324794"}],"version-history":[{"count":0,"href":"https:\/\/www.europesays.com\/fr\/wp-json\/wp\/v2\/posts\/324794\/revisions"}],"wp:featuredmedia":[{"embeddable":true,"href":"https:\/\/www.europesays.com\/fr\/wp-json\/wp\/v2\/media\/324795"}],"wp:attachment":[{"href":"https:\/\/www.europesays.com\/fr\/wp-json\/wp\/v2\/media?parent=324794"}],"wp:term":[{"taxonomy":"category","embeddable":true,"href":"https:\/\/www.europesays.com\/fr\/wp-json\/wp\/v2\/categories?post=324794"},{"taxonomy":"post_tag","embeddable":true,"href":"https:\/\/www.europesays.com\/fr\/wp-json\/wp\/v2\/tags?post=324794"}],"curies":[{"name":"wp","href":"https:\/\/api.w.org\/{rel}","templated":true}]}}