{"id":324800,"date":"2025-08-17T11:59:10","date_gmt":"2025-08-17T11:59:10","guid":{"rendered":"https:\/\/www.europesays.com\/fr\/324800\/"},"modified":"2025-08-17T11:59:10","modified_gmt":"2025-08-17T11:59:10","slug":"sheila-la-catastrophe-epouvantable-evitee-de-justesse-en-plein-concert","status":"publish","type":"post","link":"https:\/\/www.europesays.com\/fr\/324800\/","title":{"rendered":"Sheila : la \u00ab\u00a0catastrophe \u00e9pouvantable \u00e9vit\u00e9e de justesse\u00a0\u00bb en plein concert"},"content":{"rendered":"<p>      R\u00e9sum\u00e9<\/p>\n<p>Lors de r\u00e9p\u00e9titions sous une chaleur extr\u00eame \u00e0 Prades, Sheila a fr\u00f4l\u00e9 une grave accident technique, mais a pu assurer son concert dans des conditions \u00e9prouvantes.<\/p>\n<p>        Sommaire<\/p>\n<p><strong>Sheila a eu chaud&#8230; et c&rsquo;est le cas de le dire<\/strong>. Alors que la chanteuse a c\u00e9l\u00e9br\u00e9 ce samedi 16 ao\u00fbt son 80e anniversaire, une catastrophe a bien failli g\u00e2cher la f\u00eate. Comme elle l&rsquo;a r\u00e9v\u00e9l\u00e9 sur son compte Instagram, <a href=\"https:\/\/vsd.fr\/4751-mort-de-ludovic-chancel-sheila-porte-plainte-contre-son-ex-belle-fille\/\" target=\"_blank\" rel=\"noopener\">l&rsquo;ex-belle-m\u00e8re de Sylvie Ortega<\/a> \u00e9tait attendue ce weekend au festival de Prades (Pyr\u00e9n\u00e9es-Orientales). Mais lors des r\u00e9p\u00e9titions, la canicule qui continue de faire des ravages dans le sud de la France<strong> a bien failli provoquer une catastrophe<\/strong>. Mais fort heureusement, les \u00e9quipes de Sheila \u00ab\u00a0l&rsquo;ont \u00e9vit\u00e9e de justesse\u00a0\u00bb&#8230;<\/p>\n<p>En effet, <strong>\u00e0 Prades ce samedi, la chaleur \u00e9tait toujours aussi suffocante<\/strong>. Si le nord respire enfin et sort doucement de la canicule, celle-ci est toujours \u00e9tendue dans un large sud jusqu&rsquo;\u00e0 ce dimanche. La vigilance orange devrait \u00eatre lev\u00e9e pour tout le pays ce lundi. Mais avant cela, Sheila a d\u00fb r\u00e9p\u00e9ter dans des conditions m\u00e9t\u00e9orologiques insupportables, et le mat\u00e9riel n&rsquo;a pas support\u00e9&#8230; <strong>Les 46\u00b0C calcul\u00e9s par les thermom\u00e8tres ont fait fondre les fils, et l&rsquo;incendie a \u00e9t\u00e9 \u00e9vit\u00e9 de peu<\/strong>.<br \/>\u00ab\u00a046 degr\u00e9s, 40 degr\u00e9s sur sc\u00e8ne, une catastrophe \u00e9pouvantable a \u00e9t\u00e9 \u00e9vit\u00e9e de justesse\u00a0\u00bb a ainsi r\u00e9v\u00e9l\u00e9 Sheila sur Instagram. Elle a ainsi poursuivi en r\u00e9v\u00e9lant que la chaleur faisait \u00ab\u00a0fondre les fils\u00a0\u00bb mais aussi \u00ab\u00a0imploser la console\u00a0\u00bb. <strong>Des conditions de r\u00e9p\u00e9titions difficiles, auxquelles Sheila s&rsquo;est soustraite<\/strong> bon gr\u00e9 mal gr\u00e9. Et ce samedi soir, c&rsquo;est sous un soleil de plomb que <a href=\"https:\/\/www.public.fr\/sylvie-vartan-met-un-terme-a-sa-carriere-sheila-pas-franchement-convaincue-je-trouve-ca\" target=\"_blank\" rel=\"noopener\">la tr\u00e8s jeune octog\u00e9naire<\/a> s&rsquo;est accomplie.<\/p>\n<p>Sheila est infatigable<\/p>\n<p>Sur les vid\u00e9os post\u00e9es, <strong>Sheila appara\u00eet toujours aussi en forme<\/strong>. Si la chanteuse est d\u00e9sormais rentr\u00e9e dans le cercle des octog\u00e9naires, la fatigue n&rsquo;est pas pour tout de suite ! Comme le d\u00e9montrent les vid\u00e9os de ses r\u00e9p\u00e9titions, l&rsquo;interpr\u00e8te des Rois mages est toujours aussi survolt\u00e9e et virevoltante. Ce lundi 18 ao\u00fbt, <strong>elle encha\u00eenera d&rsquo;ailleurs avec un concert \u00e0 Ch\u00e2teauroux<\/strong>, puis sera attendue \u00e0 Metz en fin de mois. Elle poursuivra jusqu&rsquo;\u00e0 avril 2026 une vingtaine de concerts dans toute la France, et m\u00eame en Belgique et en Suisse.<\/p>\n<p>      Mentionn\u00e9s dans cet article<\/p>\n<p>      Sur le m\u00eame sujet<\/p>\n","protected":false},"excerpt":{"rendered":"R\u00e9sum\u00e9 Lors de r\u00e9p\u00e9titions sous une chaleur extr\u00eame \u00e0 Prades, Sheila a fr\u00f4l\u00e9 une grave accident technique, mais&hellip;\n","protected":false},"author":2,"featured_media":324801,"comment_status":"","ping_status":"","sticky":false,"template":"","format":"standard","meta":{"footnotes":""},"categories":[8],"tags":[6698,1697,58,59,2883,1312,1011,27,10830],"class_list":{"0":"post-324800","1":"post","2":"type-post","3":"status-publish","4":"format-standard","5":"has-post-thumbnail","7":"category-divertissement","8":"tag-canicule","9":"tag-concert","10":"tag-divertissement","11":"tag-entertainment","12":"tag-ete","13":"tag-feu","14":"tag-fr","15":"tag-france","16":"tag-sheila"},"share_on_mastodon":{"url":"https:\/\/pubeurope.com\/@fr\/115043995874352431","error":""},"_links":{"self":[{"href":"https:\/\/www.europesays.com\/fr\/wp-json\/wp\/v2\/posts\/324800","targetHints":{"allow":["GET"]}}],"collection":[{"href":"https:\/\/www.europesays.com\/fr\/wp-json\/wp\/v2\/posts"}],"about":[{"href":"https:\/\/www.europesays.com\/fr\/wp-json\/wp\/v2\/types\/post"}],"author":[{"embeddable":true,"href":"https:\/\/www.europesays.com\/fr\/wp-json\/wp\/v2\/users\/2"}],"replies":[{"embeddable":true,"href":"https:\/\/www.europesays.com\/fr\/wp-json\/wp\/v2\/comments?post=324800"}],"version-history":[{"count":0,"href":"https:\/\/www.europesays.com\/fr\/wp-json\/wp\/v2\/posts\/324800\/revisions"}],"wp:featuredmedia":[{"embeddable":true,"href":"https:\/\/www.europesays.com\/fr\/wp-json\/wp\/v2\/media\/324801"}],"wp:attachment":[{"href":"https:\/\/www.europesays.com\/fr\/wp-json\/wp\/v2\/media?parent=324800"}],"wp:term":[{"taxonomy":"category","embeddable":true,"href":"https:\/\/www.europesays.com\/fr\/wp-json\/wp\/v2\/categories?post=324800"},{"taxonomy":"post_tag","embeddable":true,"href":"https:\/\/www.europesays.com\/fr\/wp-json\/wp\/v2\/tags?post=324800"}],"curies":[{"name":"wp","href":"https:\/\/api.w.org\/{rel}","templated":true}]}}