{"id":324803,"date":"2025-08-17T12:01:09","date_gmt":"2025-08-17T12:01:09","guid":{"rendered":"https:\/\/www.europesays.com\/fr\/324803\/"},"modified":"2025-08-17T12:01:09","modified_gmt":"2025-08-17T12:01:09","slug":"en-vingt-jours-il-aurait-gagne-4-000-euros-il-vendait-des-contrefacons-apple-devant-le-darty-de-claye-souilly","status":"publish","type":"post","link":"https:\/\/www.europesays.com\/fr\/324803\/","title":{"rendered":"\u00ab\u00a0En vingt jours, il aurait gagn\u00e9 4\u00a0000\u00a0euros\u00a0\u00bb\u00a0: il vendait des contrefa\u00e7ons Apple devant le Darty de Claye-Souilly"},"content":{"rendered":"<p class=\"paragraph text_align_left lp-f-body-02\">Petite combine d\u2019une autre \u00e9poque. Mais le stratag\u00e8me lui permettait, quand m\u00eame, d\u2019encaisser un salaire de cadre. Ce Napolitain, \u00e2g\u00e9 de 23 ans, coche toutes les cases d\u2019un sc\u00e9nario de film de Georges Lautner. Le bagou, la rencontre dans la rue et le passage \u00e0 la caisse. Mais c\u2019est dans la vraie vie que Francesco a \u00e9t\u00e9 interpell\u00e9, mercredi 6 ao\u00fbt, sur le parking du centre commercial <a href=\"https:\/\/www.leparisien.fr\/seine-et-marne-77\/claye-souilly-shopping-promenade-un-centre-commercial-qui-ouvre-en-plein-covid-10-03-2021-8428019.php\" target=\"_self\" rel=\"nofollow noopener\">Shopping Promenade<\/a> \u00e0 Claye-Souilly (Seine-et-Marne) pour \u00ab tentative d\u2019escroquerie et usage de faux \u00bb.<\/p>\n<p class=\"paragraph text_align_left lp-f-body-02\">C\u2019est au cours de la journ\u00e9e que les forces de l\u2019ordre observent le petit man\u00e8ge de l\u2019aigrefin. Il aborde les badauds et leur propose de<a href=\"https:\/\/www.leparisien.fr\/economie\/contrefacon-plus-de-20-millions-darticles-retires-du-marche-francais-en-2023-01-03-2024-3V7O4OYHENBNJGDRWKR2Y4JDME.php\" target=\"_self\" rel=\"nofollow noopener\"> faux produits Apple<\/a>, emball\u00e9s dans des colis Darty, stock\u00e9s dans sa voiture. Les policiers notent qu\u2019il utilise une fausse carte d\u2019handicap\u00e9 pour se garer partout facilement et gratuitement, ainsi qu\u2019une fausse facture du magasin d\u2019\u00e9lectrom\u00e9nager, destin\u00e9e \u00e0 cr\u00e9dibiliser son sc\u00e9nario.<\/p>\n<p class=\"paragraph text_align_left lp-f-body-02\">Il est interpell\u00e9 et plac\u00e9 en garde \u00e0 vue au commissariat de Villeparisis (Seine-et-Marne). Une perquisition est men\u00e9e dans un box de Thiais (Val-de-Marne). Les fonctionnaires mettent alors la main sur 166 parfums et 39 produits multim\u00e9dias contrefaits.<\/p>\n<p>Pr\u00e9sents dans plusieurs centres commerciaux de la r\u00e9gion parisienne<\/p>\n<p class=\"paragraph text_align_left lp-f-body-02\">Lors de son audition, le jeune homme, d\u00e9j\u00e0 connu des archives de la police pour des faits similaires, passe aux aveux. Il explique qu\u2019il a mis en \u0153uvre cette petite combine dans plusieurs centres commerciaux de la r\u00e9gion parisienne. \u00ab En vingt jours, il aurait gagn\u00e9 4 000 euros \u00bb, pr\u00e9cise une source proche de l\u2019affaire.<\/p>\n<p class=\"lp-card-podcast-highlighting__title  lp-f-subtitle-05\">[4\/4] C\u00e9cile Vallin, les secrets d\u2019une disparition<\/p>\n<p class=\"lp-card-podcast-highlighting__description lp-f-ui-05\">Crime story raconte chaque semaine les grandes affaires criminelles.<\/p>\n<p><a class=\"lp-card-podcast-highlighting__call-to-action\" data-page-type=\"HP\" data-block-name=\"podcast-highlight\">\u00c9couter<\/a><\/p>\n<p class=\"paragraph text_align_left lp-f-body-02\">Qui sont ses fournisseurs ? Les commer\u00e7ants des <a href=\"https:\/\/www.leparisien.fr\/faits-divers\/il-y-a-de-vrais-mechants-aux-puces-de-clignancourt-les-vendeurs-a-la-sauvette-ruinent-la-vie-des-commercants-16-08-2025-24QEEDMKZ5DN3H3H3BYTH4VSDQ.php\" target=\"_self\" rel=\"nofollow noopener\">march\u00e9s de Clignancourt <\/a>(XVIIIe) et d\u2019Aubervilliers (Seine-Saint-Denis), ainsi qu\u2019un myst\u00e9rieux fournisseur qui lui vendrait sa marchandise dans le box de Thiais. Il aurait pay\u00e9 ses derniers achats, ainsi que la fausse facture Darty de 207 euros en esp\u00e8ces. Concernant la fausse carte d\u2019handicap\u00e9, il l\u2019avait achet\u00e9e 40 euros \u00e0 <a href=\"https:\/\/www.leparisien.fr\/paris-75\/des-agressions-du-deal-a-paris-limpossible-securisation-de-la-porte-de-clignancourt-22-01-2025-QSCF5FEVCFFV7ABH4365IWDK44.php\" target=\"_self\" rel=\"nofollow noopener\">Clignancourt<\/a>.<\/p>\n<p class=\"paragraph text_align_left lp-f-body-02\">Le jeune escroc a \u00e9t\u00e9 d\u00e9f\u00e9r\u00e9, vendredi 8 ao\u00fbt, au palais de justice de Meaux. Il a \u00e9t\u00e9 jug\u00e9 en comparution sur reconnaissance pr\u00e9alable de culpabilit\u00e9 (proc\u00e9dure rapide aussi appel\u00e9e plaider coupable) et condamn\u00e9 \u00e0 cinq mois d\u2019emprisonnement avec sursis et une interdiction de para\u00eetre en Seine-et-Marne durant trois ans. La pr\u00e9fecture lui a aussi notifi\u00e9 une obligation de quitter le territoire fran\u00e7ais.<\/p>\n","protected":false},"excerpt":{"rendered":"Petite combine d\u2019une autre \u00e9poque. Mais le stratag\u00e8me lui permettait, quand m\u00eame, d\u2019encaisser un salaire de cadre. Ce&hellip;\n","protected":false},"author":2,"featured_media":324804,"comment_status":"","ping_status":"","sticky":false,"template":"","format":"standard","meta":{"footnotes":""},"categories":[6],"tags":[35,33,34,118,1011,27],"class_list":{"0":"post-324803","1":"post","2":"type-post","3":"status-publish","4":"format-standard","5":"has-post-thumbnail","7":"category-economie","8":"tag-business","9":"tag-economie","10":"tag-economy","11":"tag-faits-divers","12":"tag-fr","13":"tag-france"},"share_on_mastodon":{"url":"https:\/\/pubeurope.com\/@fr\/115044003544958220","error":""},"_links":{"self":[{"href":"https:\/\/www.europesays.com\/fr\/wp-json\/wp\/v2\/posts\/324803","targetHints":{"allow":["GET"]}}],"collection":[{"href":"https:\/\/www.europesays.com\/fr\/wp-json\/wp\/v2\/posts"}],"about":[{"href":"https:\/\/www.europesays.com\/fr\/wp-json\/wp\/v2\/types\/post"}],"author":[{"embeddable":true,"href":"https:\/\/www.europesays.com\/fr\/wp-json\/wp\/v2\/users\/2"}],"replies":[{"embeddable":true,"href":"https:\/\/www.europesays.com\/fr\/wp-json\/wp\/v2\/comments?post=324803"}],"version-history":[{"count":0,"href":"https:\/\/www.europesays.com\/fr\/wp-json\/wp\/v2\/posts\/324803\/revisions"}],"wp:featuredmedia":[{"embeddable":true,"href":"https:\/\/www.europesays.com\/fr\/wp-json\/wp\/v2\/media\/324804"}],"wp:attachment":[{"href":"https:\/\/www.europesays.com\/fr\/wp-json\/wp\/v2\/media?parent=324803"}],"wp:term":[{"taxonomy":"category","embeddable":true,"href":"https:\/\/www.europesays.com\/fr\/wp-json\/wp\/v2\/categories?post=324803"},{"taxonomy":"post_tag","embeddable":true,"href":"https:\/\/www.europesays.com\/fr\/wp-json\/wp\/v2\/tags?post=324803"}],"curies":[{"name":"wp","href":"https:\/\/api.w.org\/{rel}","templated":true}]}}